{"id":731,"date":"2017-06-27T23:52:45","date_gmt":"2017-06-27T21:52:45","guid":{"rendered":"http:\/\/sijenasi.com\/?p=731"},"modified":"2017-06-27T23:52:45","modified_gmt":"2017-06-27T21:52:45","slug":"el-ministro-de-justicia-rafael-catala-afirma-que-cataluna-debe-acatar-la-orden-de-devolver-los-bienes-de-sijena","status":"publish","type":"post","link":"https:\/\/sijenasi.com\/index.php\/2017\/06\/27\/el-ministro-de-justicia-rafael-catala-afirma-que-cataluna-debe-acatar-la-orden-de-devolver-los-bienes-de-sijena\/","title":{"rendered":"El Ministro de Justicia, Rafael Catal\u00e1, afirma que Catalu\u00f1a debe acatar la orden de devolver los bienes de Sijena"},"content":{"rendered":"<p><img loading=\"lazy\" decoding=\"async\" class=\"alignnone size-full wp-image-737\" src=\"https:\/\/sijenasi.com\/wp-content\/uploads\/2017\/06\/sijena-2017-27.jpg\" alt=\"Sijena 2017-27\" width=\"1219\" height=\"840\" srcset=\"https:\/\/sijenasi.com\/wp-content\/uploads\/2017\/06\/sijena-2017-27.jpg 1219w, https:\/\/sijenasi.com\/wp-content\/uploads\/2017\/06\/sijena-2017-27-300x207.jpg 300w, https:\/\/sijenasi.com\/wp-content\/uploads\/2017\/06\/sijena-2017-27-1024x706.jpg 1024w, https:\/\/sijenasi.com\/wp-content\/uploads\/2017\/06\/sijena-2017-27-768x529.jpg 768w\" sizes=\"auto, (max-width: 1219px) 100vw, 1219px\" \/><\/p>\n<p>El Ministro afirm\u00f3 ayer que Catalu\u00f1a debe acatar las sentencias y devolver los bienes. He aqu\u00ed los archivos de la noticia, publicada por <em>Heraldo de Arag\u00f3n:<\/em><\/p>\n<p>PDF 1: <a title=\"HeraldoDeAragon20170627 2 1\" href=\"https:\/\/sijenasi.com\/wp-content\/uploads\/2017\/06\/heraldodearagon20170627-2-1.pdf\">HeraldoDeAragon20170627 2 1\u00a0<\/a><\/p>\n<p>PDF 2 <a title=\"HeraldoDeAragon20170627 2 3\" href=\"https:\/\/sijenasi.com\/wp-content\/uploads\/2017\/06\/heraldodearagon20170627-2-3.pdf\">HeraldoDeAragon20170627 2 3<\/a><\/p>\n","protected":false},"excerpt":{"rendered":"<p>El Ministro afirm\u00f3 ayer que Catalu\u00f1a debe acatar las sentencias y devolver los bienes. He aqu\u00ed los archivos de la noticia, publicada por Heraldo de Arag\u00f3n: PDF 1: HeraldoDeAragon20170627 2 1\u00a0 PDF 2 HeraldoDeAragon20170627 2 3<\/p>\n","protected":false},"author":2,"featured_media":0,"comment_status":"open","ping_status":"open","sticky":false,"template":"","format":"standard","meta":{"ngg_post_thumbnail":0,"_jetpack_memberships_contains_paid_content":false,"footnotes":""},"categories":[83,43],"tags":[197,216,274,297,302,315,316,319,373,382,407],"class_list":["post-731","post","type-post","status-publish","format-standard","hentry","category-museo-de-lerida","category-sin-categoria","tag-expolio","tag-generalitat-de-cataluna","tag-juzgado","tag-ministerio-de-justicia","tag-mnac","tag-museo-diocesano-de-lerida","tag-museu-de-lleida-diocesa-i-comarcal","tag-no-1","tag-rafael-catala","tag-requerimiento","tag-sentencias-judiciales"],"jetpack_featured_media_url":"","jetpack_sharing_enabled":true,"_links":{"self":[{"href":"https:\/\/sijenasi.com\/index.php\/wp-json\/wp\/v2\/posts\/731","targetHints":{"allow":["GET"]}}],"collection":[{"href":"https:\/\/sijenasi.com\/index.php\/wp-json\/wp\/v2\/posts"}],"about":[{"href":"https:\/\/sijenasi.com\/index.php\/wp-json\/wp\/v2\/types\/post"}],"author":[{"embeddable":true,"href":"https:\/\/sijenasi.com\/index.php\/wp-json\/wp\/v2\/users\/2"}],"replies":[{"embeddable":true,"href":"https:\/\/sijenasi.com\/index.php\/wp-json\/wp\/v2\/comments?post=731"}],"version-history":[{"count":0,"href":"https:\/\/sijenasi.com\/index.php\/wp-json\/wp\/v2\/posts\/731\/revisions"}],"wp:attachment":[{"href":"https:\/\/sijenasi.com\/index.php\/wp-json\/wp\/v2\/media?parent=731"}],"wp:term":[{"taxonomy":"category","embeddable":true,"href":"https:\/\/sijenasi.com\/index.php\/wp-json\/wp\/v2\/categories?post=731"},{"taxonomy":"post_tag","embeddable":true,"href":"https:\/\/sijenasi.com\/index.php\/wp-json\/wp\/v2\/tags?post=731"}],"curies":[{"name":"wp","href":"https:\/\/api.w.org\/{rel}","templated":true}]}}