{"id":5625,"date":"2026-09-01T20:31:34","date_gmt":"2026-09-01T19:31:34","guid":{"rendered":"https:\/\/sijenasi.com\/?p=5625"},"modified":"2026-09-01T20:31:34","modified_gmt":"2026-09-01T19:31:34","slug":"90o-aniversario-del-arranque-y-expolio-memoria-y-verdad","status":"publish","type":"post","link":"https:\/\/sijenasi.com\/index.php\/2026\/09\/01\/90o-aniversario-del-arranque-y-expolio-memoria-y-verdad\/","title":{"rendered":"90\u00ba Aniversario del arranque y expolio: Memoria y Verdad"},"content":{"rendered":"\n<figure class=\"wp-block-image size-full\"><img loading=\"lazy\" decoding=\"async\" width=\"800\" height=\"683\" src=\"https:\/\/sijenasi.com\/wp-content\/uploads\/2020\/10\/expolio-148.jpg\" alt=\"\" class=\"wp-image-2968\" srcset=\"https:\/\/sijenasi.com\/wp-content\/uploads\/2020\/10\/expolio-148.jpg 800w, https:\/\/sijenasi.com\/wp-content\/uploads\/2020\/10\/expolio-148-300x256.jpg 300w, https:\/\/sijenasi.com\/wp-content\/uploads\/2020\/10\/expolio-148-768x656.jpg 768w\" sizes=\"auto, (max-width: 800px) 100vw, 800px\" \/><\/figure>\n\n\n\n<p class=\"wp-block-paragraph\">La Plataforma <strong>Sijena S\u00ed<\/strong> celebrar\u00e1 el pr\u00f3ximo <strong>24 de octubre de 2026 una jornada de memoria y verdad sobre el arranque y expolio de las pinturas del Real Monasterio de Santa Mar\u00eda de Sijena<\/strong>, llevado a cabo en octubre de 1936 por Josep Gudiol, por encargo de la Generalitat de Catalu\u00f1a, despu\u00e9s de que el monasterio hubiera sido incendiado por milicianos anarquistas procedentes de Barcelona.<\/p>\n\n\n\n<p class=\"wp-block-paragraph\">La jornada pretende contribuir a esclarecer unos hechos hist\u00f3ricos que, <strong>noventa a\u00f1os despu\u00e9s, siguen siendo objeto de interpretaciones interesadas y de una creciente campa\u00f1a de desinformaci\u00f3n<\/strong>. Sijena S\u00ed considera especialmente preocupante la reivindicaci\u00f3n que algunos medios de comunicaci\u00f3n catalanes est\u00e1n realizando de la figura de Josep Gudiol, presentado en ocasiones de manera acr\u00edtica como una figura vinculada a la salvaguarda del patrimonio.<\/p>\n\n\n\n<p class=\"wp-block-paragraph\">La Plataforma recuerda que Gudiol actu\u00f3 en Sijena en un contexto de guerra y de incautaci\u00f3n de bienes, y que su doble condici\u00f3n de funcionario y marchante de arte exige, a su juicio, <strong>un an\u00e1lisis hist\u00f3rico riguroso y alejado de cualquier intento de convertir al responsable de la extracci\u00f3n de las pinturas en un supuesto h\u00e9roe de la conservaci\u00f3n<\/strong>.<\/p>\n\n\n\n<p class=\"wp-block-paragraph\">Por ello, Sijena S\u00ed hace un llamamiento a todos los medios de comunicaci\u00f3n para que <strong>contrasten sus informaciones, consulten la documentaci\u00f3n disponible y tengan especialmente en cuenta los hechos que han sido acreditados y debatidos en sede judicial<\/strong>, evitando construir relatos hist\u00f3ricos a partir de interpretaciones interesadas o de noticias que no resistan el contraste documental.<\/p>\n\n\n\n<p class=\"has-vivid-red-color has-text-color has-link-color has-medium-font-size wp-elements-1 wp-block-paragraph\"><strong>El MNAC, ante su responsabilidad de cumplir las sentencias<\/strong><\/p>\n\n\n\n<p class=\"wp-block-paragraph\">La Plataforma denuncia asimismo la <strong>inacci\u00f3n del Museo Nacional de Arte de Catalu\u00f1a (MNAC) ante la obligaci\u00f3n de ejecutar las sentencias judiciales que le condenan a devolver las pinturas de Sijena<\/strong>.<\/p>\n\n\n\n<p class=\"wp-block-paragraph\">Sijena S\u00ed recuerda que el MNAC debe afrontar la restituci\u00f3n tanto de las denominadas <strong>pinturas profanas<\/strong>, para cuya devoluci\u00f3n ya existe incluso un presupuesto aprobado, como de las pinturas de la <strong>Sala Capitular<\/strong>, cuya entrega debe producirse conforme al calendario establecido judicialmente.<\/p>\n\n\n\n<p class=\"wp-block-paragraph\">\u00abNo puede haber m\u00e1s excusas ni m\u00e1s dilaciones. Las sentencias est\u00e1n para cumplirse y el patrimonio de Sijena debe regresar a Sijena\u00bb, se\u00f1ala la Plataforma.<\/p>\n\n\n\n<p class=\"wp-block-paragraph\">En este contexto, Sijena S\u00ed valora muy positivamente la iniciativa del <strong>Ayuntamiento de Villanueva de Sijena<\/strong> de contar con <strong>Stefano Lupo, restaurador italiano de reconocido prestigio internacional<\/strong>, quien visit\u00f3 recientemente el MNAC y afirm\u00f3 que el desmontaje y traslado de las pinturas murales de Sijena es absolutamente posible y se puede realizar.<\/p>\n\n\n\n<p class=\"wp-block-paragraph\">Para la Plataforma, esta valoraci\u00f3n supone <strong>un nuevo respaldo cient\u00edfico a lo que ya se ha defendido durante a\u00f1os y deja sin fundamento la estrategia del MNAC basada en sostener que las pinturas \u00abno se pueden mover\u00bb<\/strong>. Sijena S\u00ed considera que, existiendo procedimientos t\u00e9cnicos adecuados y profesionales cualificados, la cuesti\u00f3n ya no puede plantearse como un problema de imposibilidad, sino como una obligaci\u00f3n de encontrar la soluci\u00f3n t\u00e9cnica m\u00e1s segura para hacer efectiva la restituci\u00f3n ordenada por los tribunales.<\/p>\n\n\n\n<p class=\"has-vivid-red-color has-text-color has-link-color has-medium-font-size wp-elements-2 wp-block-paragraph\"><strong>La 5\u00aa Romer\u00eda Sijena S\u00ed reivindicar\u00e1 de nuevo el regreso de la vida mon\u00e1stica<\/strong><\/p>\n\n\n\n<p class=\"wp-block-paragraph\">Dentro de su calendario de movilizaciones, la Plataforma celebrar\u00e1 tambi\u00e9n el pr\u00f3ximo <strong>3 de octubre de 2026 la 5\u00aa Romer\u00eda Sijena S\u00ed<\/strong>, una iniciativa que pretende mantener viva la reivindicaci\u00f3n del <strong>regreso de la vida mon\u00e1stica al Real Monasterio de Sijena<\/strong>.<\/p>\n\n\n\n<p class=\"wp-block-paragraph\">Como en anteriores ediciones, la jornada contar\u00e1 con dos recorridos tradicionales: una <strong>marcha a pie de 17 kil\u00f3metros desde Sari\u00f1ena<\/strong> y una <strong>cabalgada de 26 kil\u00f3metros desde El Tormillo<\/strong>, siguiendo el antiguo Camino de Santiago de Sijena, e incluir\u00e1 una misa, paella compartida y un concierto.<\/p>\n\n\n\n<p class=\"wp-block-paragraph\">La Romer\u00eda pretende ser una forma de recuperar la memoria del territorio, de reivindicar el monasterio como un espacio vivo, vinculado a su historia, a su patrimonio y a la comunidad que durante siglos le dio sentido. Adem\u00e1s recordar\u00e1 que Sijena tiene dos dimensiones fundamentales: la espiritual-religiosa y la hist\u00f3rico-art\u00edstica, ambos imprescindibles para su futuro.<\/p>\n\n\n\n<p class=\"has-vivid-red-color has-text-color has-link-color has-medium-font-size wp-elements-3 wp-block-paragraph\"><strong>Sijena S\u00ed reclama una reuni\u00f3n urgente con el Gobierno de Arag\u00f3n<\/strong><\/p>\n\n\n\n<p class=\"wp-block-paragraph\">Ante esta situaci\u00f3n, la Plataforma <strong>reiterar\u00e1 su petici\u00f3n de una reuni\u00f3n urgente con D\u00f1a. Mar Vaquero, vicepresidenta del Gobierno de Arag\u00f3n<\/strong>, para trasladarle directamente sus preocupaciones y reivindicaciones.<\/p>\n\n\n\n<p class=\"wp-block-paragraph\">Sijena S\u00ed considera imprescindible que las instituciones aragonesas mantengan una posici\u00f3n firme en defensa de Sijena y acompa\u00f1en con hechos la recuperaci\u00f3n efectiva de su patrimonio.<\/p>\n\n\n\n<p class=\"wp-block-paragraph\"><strong>Memoria, verdad, restituci\u00f3n y futuro.<\/strong> Con estos cuatro principios, la Plataforma Sijena S\u00ed continuar\u00e1 trabajando para que las pinturas regresen a su lugar de origen, para que se conozca con rigor lo sucedido en 1936 y para que el Real Monasterio de Sijena recupere todo aquello que le fue arrebatado.<\/p>\n\n\n\n<p class=\"has-medium-font-size wp-block-paragraph\"><strong>ECOS EN LOS MEDIOS:<\/strong><br><\/p>\n\n\n\n<ul class=\"wp-block-list\">\n<li>Cadena Ser: <a href=\"https:\/\/cadenaser.com\/aragon\/2026\/08\/31\/la-plataforma-sijena-si-conmemorara-el-90-aniversario-del-arranque-y-expolio-de-las-pinturas-de-sijena-radio-huesca\/\">La Plataforma Sijena S\u00ed conmemorar\u00e1 el 90\u00ba aniversario del arranque y expolio de las pinturas: \u00abMemoria, verdad, restituci\u00f3n y futuro\u00bb <\/a><\/li>\n\n\n\n<li>Diario de Huesca: <a href=\"https:\/\/www.eldiariodehuesca.com\/actualidad\/sijena-si-reclama-memoria-verdad-restitucion-90-anos-despues-arranque-sus-pinturas_46812_102.html\">Sijena S\u00ed reclama memoria, verdad y restituci\u00f3n 90 a\u00f1os despu\u00e9s del arranque de las pinturas<\/a><\/li>\n\n\n\n<li>Cadena COPE: <a href=\"https:\/\/www.cope.es\/emisoras\/aragon\/huesca-provincia\/huesca\/noticias\/plataforma-sijena-conmemora-90-aniversario-expolio-pinturas-exige-mnac-devolucion-inmediata-20260831_3427522.amp.html\">La Plataforma Sijena S\u00ed conmemora el 90 aniversario del expolio de las pinturas y exige al MNAC su devoluci\u00f3n inmediata<\/a><\/li>\n\n\n\n<li>Europa Press: <a href=\"https:\/\/www.europapress.es\/aragon\/noticia-sijena-si-conmemorara-90-aniversario-expolio-pinturas-murales-monasterio-20260831170004.html\">Sijena S\u00ed conmemorar\u00e1 el 90 aniversario del \u00abexpolio\u00bb de las pinturas murales del monasterio<\/a><\/li>\n<\/ul>\n\n\n\n<p class=\"wp-block-paragraph\"><\/p>\n","protected":false},"excerpt":{"rendered":"<p>La Plataforma Sijena S\u00ed celebrar\u00e1 el pr\u00f3ximo 24 de octubre de 2026 una jornada de memoria y verdad sobre el arranque y expolio de las pinturas del Real Monasterio de Santa Mar\u00eda de Sijena, llevado a cabo en octubre de 1936 por Josep Gudiol, por encargo de la Generalitat de Catalu\u00f1a, despu\u00e9s de que el [&hellip;]<\/p>\n","protected":false},"author":1,"featured_media":0,"comment_status":"open","ping_status":"open","sticky":false,"template":"","format":"standard","meta":{"ngg_post_thumbnail":0,"_jetpack_memberships_contains_paid_content":false,"footnotes":""},"categories":[485,15,17,24,39,42,49],"tags":[147,173,197,221,261,302,304,353,357,398,413],"class_list":["post-5625","post","type-post","status-publish","format-standard","hentry","category-denuncias","category-historia","category-jornada","category-monasterio-de-sijena","category-sentencias-judiciales","category-sijena-viva","category-tribunal-supremo","tag-cataluna","tag-devolucion","tag-expolio","tag-gobierno-de-aragon","tag-josep-gudiol","tag-mnac","tag-monasterio-de-sijena","tag-pinturas","tag-plataforma","tag-sala-capitular","tag-sijena-si"],"jetpack_featured_media_url":"","jetpack_sharing_enabled":true,"_links":{"self":[{"href":"https:\/\/sijenasi.com\/index.php\/wp-json\/wp\/v2\/posts\/5625","targetHints":{"allow":["GET"]}}],"collection":[{"href":"https:\/\/sijenasi.com\/index.php\/wp-json\/wp\/v2\/posts"}],"about":[{"href":"https:\/\/sijenasi.com\/index.php\/wp-json\/wp\/v2\/types\/post"}],"author":[{"embeddable":true,"href":"https:\/\/sijenasi.com\/index.php\/wp-json\/wp\/v2\/users\/1"}],"replies":[{"embeddable":true,"href":"https:\/\/sijenasi.com\/index.php\/wp-json\/wp\/v2\/comments?post=5625"}],"version-history":[{"count":1,"href":"https:\/\/sijenasi.com\/index.php\/wp-json\/wp\/v2\/posts\/5625\/revisions"}],"predecessor-version":[{"id":5626,"href":"https:\/\/sijenasi.com\/index.php\/wp-json\/wp\/v2\/posts\/5625\/revisions\/5626"}],"wp:attachment":[{"href":"https:\/\/sijenasi.com\/index.php\/wp-json\/wp\/v2\/media?parent=5625"}],"wp:term":[{"taxonomy":"category","embeddable":true,"href":"https:\/\/sijenasi.com\/index.php\/wp-json\/wp\/v2\/categories?post=5625"},{"taxonomy":"post_tag","embeddable":true,"href":"https:\/\/sijenasi.com\/index.php\/wp-json\/wp\/v2\/tags?post=5625"}],"curies":[{"name":"wp","href":"https:\/\/api.w.org\/{rel}","templated":true}]}}