{"id":5561,"date":"2026-01-08T19:12:58","date_gmt":"2026-01-08T18:12:58","guid":{"rendered":"https:\/\/sijenasi.com\/?p=5561"},"modified":"2026-01-10T19:26:02","modified_gmt":"2026-01-10T18:26:02","slug":"2026-el-ano-de-la-devolucion","status":"publish","type":"post","link":"https:\/\/sijenasi.com\/index.php\/2026\/01\/08\/2026-el-ano-de-la-devolucion\/","title":{"rendered":"2026, el a\u00f1o de la devoluci\u00f3n"},"content":{"rendered":"\n<figure class=\"wp-block-image size-full\"><img loading=\"lazy\" decoding=\"async\" width=\"1024\" height=\"688\" src=\"https:\/\/sijenasi.com\/wp-content\/uploads\/2025\/10\/2025-09-27-MNAC-SIJENA-SI-25.jpg\" alt=\"\" class=\"wp-image-5533\" srcset=\"https:\/\/sijenasi.com\/wp-content\/uploads\/2025\/10\/2025-09-27-MNAC-SIJENA-SI-25.jpg 1024w, https:\/\/sijenasi.com\/wp-content\/uploads\/2025\/10\/2025-09-27-MNAC-SIJENA-SI-25-300x202.jpg 300w, https:\/\/sijenasi.com\/wp-content\/uploads\/2025\/10\/2025-09-27-MNAC-SIJENA-SI-25-768x516.jpg 768w\" sizes=\"auto, (max-width: 1024px) 100vw, 1024px\" \/><\/figure>\n\n\n\n<p class=\"has-text-align-center has-vivid-cyan-blue-color has-text-color has-link-color has-medium-font-size wp-elements-08eec853cab26c00fb06ab1a1ef79e57\"><strong>NOTA DE PRENSA ENVIADA A TODOS LOS MEDIOS:<\/strong><\/p>\n\n\n\n<p>Arranca el a\u00f1o 2026 con dos efem\u00e9rides de especial relevancia para Sijena: en octubre se cumplir\u00e1n 90 a\u00f1os del expolio de sus pinturas murales y se conmemorar\u00e1n 10 a\u00f1os de la sentencia inicial que reconoci\u00f3 su leg\u00edtima titularidad. Ambas fechas coinciden en un contexto marcado por la reciente sentencia firme del Tribunal Supremo que obliga al Museo Nacional de Arte de Catalu\u00f1a (MNAC) a la devoluci\u00f3n de las pinturas murales de Sijena.<\/p>\n\n\n\n<p>Desde el pasado mes de mayo, centenares de informaciones en prensa escrita, radio y televisi\u00f3n se han hecho eco de dicha resoluci\u00f3n. Sin embargo, tras m\u00e1s de una d\u00e9cada sin haber logrado aportar argumentos jur\u00eddicos o t\u00e9cnicos s\u00f3lidos, el MNAC sostiene ahora que el traslado de las pinturas entra\u00f1ar\u00eda un grave riesgo para su conservaci\u00f3n y recurre a nuevas maniobras legales con el objetivo de dilatar e impedir la ejecuci\u00f3n de la sentencia.<\/p>\n\n\n\n<p>Ante esta situaci\u00f3n, y en un momento mundial de flagrante abuso de los poderosos sobre los peque\u00f1os, la Plataforma Sijena S\u00ed desea manifestar p\u00fablicamente lo siguiente:<\/p>\n\n\n\n<ol class=\"wp-block-list\">\n<li>Frente a la reiterada afirmaci\u00f3n del MNAC de que las pinturas se destruir\u00edan si se trasladan, resulta imprescindible aportar datos objetivos. <a><strong>Las pinturas murales de Sijena han sido sometidas, desde 1936, a al menos veinte operaciones documentadas de arranque, traslado, desmontaje, montaje y reinstalaci\u00f3n<\/strong>, tanto dentro del propio museo como con motivo de exposiciones nacionales e internacionales, incluyendo desplazamientos a Nueva York y Londres<\/a>. (<a href=\"https:\/\/sijenasi.com\/index.php\/2026\/01\/06\/cronologia-de-20-traslados-y-reinstalaciones\/\" data-type=\"post\" data-id=\"5558\" target=\"_blank\" rel=\"noreferrer noopener\">Se adjunta un anexo con los datos corroborados de estos traslados<\/a>). Estos antecedentes, datos y fechas, ampliamente acreditados y custodiados en los archivos del propio MNAC, invalidan cualquier argumento que pretenda presentar el traslado actual como una operaci\u00f3n excepcional o t\u00e9cnicamente inviable.<\/li>\n<\/ol>\n\n\n\n<ul class=\"wp-block-list\">\n<li>Resulta jur\u00eddicamente y t\u00e9cnicamente inaceptable que los propios t\u00e9cnicos del MNAC se desdigan de sus afirmaciones en sede judicial y aleguen ahora ante el Juzgado una supuesta incapacidad para realizar el traslado con las debidas garant\u00edas de seguridad. No extra\u00f1a que necesiten ayuda cuando la Restauradora Jefa actual, M\u00aa Carme Ramells Cabrelles, es especialista en pergaminos y no en pintura mural, pero, sin m\u00e1s razones que le asistan, <strong>la parte condenada parece buscar de forma extempor\u00e1nea y desesperada la intervenci\u00f3n de terceros ajenos al proceso para eludir o dilatar el cumplimiento de una sentencia firme<\/strong>.<\/li>\n<\/ul>\n\n\n\n<ul class=\"wp-block-list\">\n<li>Lo parad\u00f3jico de la situaci\u00f3n es que <strong>muchos responsables pol\u00edticos se han escudado en los informes de los especialistas para afirmar que acatar\u00e1n la sentencia<\/strong> porque no les queda m\u00e1s remedio, pero siempre \u201csiguiendo los criterios t\u00e9cnicos del MNAC\u201d que, a su vez, deriva la decisi\u00f3n a otros como si se tratara de una patata caliente que pasa de mano en mano. <strong>Sin embargo, hay una persona que no puede eludir ese deber: el director del MNAC,<\/strong> <strong>Pepe Serra, <\/strong>cuya actitud de resistencia al cumplimiento de una resoluci\u00f3n firme se aproxima a una desobediencia que podr\u00eda llegar a tener consecuencias en el \u00e1mbito penal.<\/li>\n<\/ul>\n\n\n\n<ul class=\"wp-block-list\">\n<li><strong>La sentencia condenatoria no otorga al MNAC facultad alguna para condicionar el destino final de las pinturas murales<\/strong>. Ha sido condenado exclusivamente al traslado y entrega de las obras que mantiene en dep\u00f3sito. <br>Conviene recordar, adem\u00e1s, que hasta 1996 las pinturas nunca estuvieron ubicadas en una sala climatizada y que durante aproximadamente sesenta a\u00f1os permanecieron expuestas a un ambiente h\u00famedo y salino, circunstancia que ha dejado huellas visibles en forma de aureolas de sal. Resulta, por ello, parad\u00f3jico que el MNAC alegue ahora una supuesta preocupaci\u00f3n por las condiciones del espacio muse\u00edstico habilitado ya en el Monasterio de Sijena. <strong>Ha llegado incluso a insinuar la exigencia de responsabilidades a la jueza en caso de un hipot\u00e9tico da\u00f1o durante el traslado, afirmaci\u00f3n que carece de cualquier fundamento jur\u00eddico.<\/strong> La eventual exigencia de responsabilidades corresponder\u00eda \u00fanicamente al leg\u00edtimo propietario del bien. El Gobierno de Arag\u00f3n, junto con el Ayuntamiento de Villanueva de Sijena, asistidos por t\u00e9cnicos y profesionales especializados, ser\u00e1n los garantes de la adecuada conservaci\u00f3n de las pinturas murales en su emplazamiento hist\u00f3rico, donde han sido preservadas durante m\u00e1s de ocho siglos.<br><\/li>\n\n\n\n<li><strong>El MNAC pretende ahora intervenir en la configuraci\u00f3n de la Comisi\u00f3n encargada de dirigir los trabajos de ejecuci\u00f3n de la sentencia<\/strong>, convocada por la Jueza de Huesca, proponiendo la inclusi\u00f3n de organismos internacionales y anunciando, de forma contradictoria, su voluntad de no integrarse en dicha Comisi\u00f3n para aparentar imparcialidad. Siendo la parte condenada por sentencia firme, <strong>el MNAC carece de legitimidad para fijar criterios de ejecuci\u00f3n o influir en la composici\u00f3n de \u00f3rganos encargados de garantizar el cumplimiento judicial<\/strong>. Esta actuaci\u00f3n reproduce estrategias ya empleadas con anterioridad, cuando se intent\u00f3 constituir una comisi\u00f3n en la fase inicial de ejecuci\u00f3n en la que el Gobierno de Arag\u00f3n quedaba en clara minor\u00eda y se pretend\u00eda someter a votaci\u00f3n el propio cumplimiento de la sentencia.<\/li>\n<\/ul>\n\n\n\n<p>Por todo lo expuesto, <strong>la Plataforma Sijena S\u00ed reclama:<\/strong><\/p>\n\n\n\n<p><strong>&#8211; El cese inmediato de todas las maniobras dilatorias por parte del MNAC, <\/strong>que debe estar en la comisi\u00f3n sin m\u00e1s mediaciones externas;<\/p>\n\n\n\n<p><strong>&#8211; La ejecuci\u00f3n \u00edntegra y efectiva de la sentencia<\/strong>, con plenas garant\u00edas de seguridad, rigor t\u00e9cnico y respeto al mandato judicial;<\/p>\n\n\n\n<p>&#8211; La <strong>destituci\u00f3n del actual director del museo, Pepe Serra<\/strong>, m\u00e1ximo responsable de cumplir la sentencia, por parte del ministro de Cultura, Ernest Urtasun, que tiene que garantizar su ejecuci\u00f3n como patrono del MNAC en vez de mirar para otro lado como tantas otras autoridades pol\u00edticas;<\/p>\n\n\n\n<p>&#8211; La <strong>expulsi\u00f3n del MNAC del ICOM (Consejo Internacional de Museos)<\/strong> por el reiterado incumplimiento de su c\u00f3digo deontol\u00f3gico.<\/p>\n\n\n\n<p class=\"has-vivid-red-color has-text-color has-link-color has-medium-font-size wp-elements-cb8c3202e2dddd6806170a992943a829\"><strong>Ecos en la prensa:<\/strong><\/p>\n\n\n\n<ul class=\"wp-block-list\">\n<li>Onda Cero: <a href=\"https:\/\/www.ondacero.es\/emisoras\/aragon\/noticias\/sijena-pide-destitucion-director-mnac-retraso-devolucion-pinturas-murales_20260108695f869cea66eb735329bf84.html\">https:\/\/www.ondacero.es\/emisoras\/aragon\/noticias\/sijena-pide-destitucion-director-mnac-retraso-devolucion-pinturas-murales_20260108695f869cea66eb735329bf84.html<\/a><\/li>\n\n\n\n<li>El Debate: <a href=\"https:\/\/www.eldebate.com\/cultura\/20260108\/plataforma-sijena-reclama-relevo-director-mnac-retener-murales_372382.html\">La Plataforma Sijena S\u00ed reclama el relevo del director del MNAC por retener los murales<\/a><\/li>\n\n\n\n<li>El Nacional.cat: <a href=\"https:\/\/www.elnacional.cat\/es\/politica\/plataforma-sijena-si-apunta-director-mnac-reclama-su-cabeza-por-no-devolver-pi_1534687_102.html\">La Plataforma Sijena S\u00ed apunta al director del MNAC y reclama su cabeza por no devolver las pinturas<\/a><\/li>\n\n\n\n<li>Religi\u00f3n Digital: <a href=\"https:\/\/www.religiondigital.org\/arte\/plataforma-sijena-si-pide-cese_1_1439109.html\">La Plataforma Sijena S\u00ed pide el cese del director del MNAC por no devolver las pinturas<\/a><\/li>\n<\/ul>\n\n\n\n<p><\/p>\n","protected":false},"excerpt":{"rendered":"<p>NOTA DE PRENSA ENVIADA A TODOS LOS MEDIOS: Arranca el a\u00f1o 2026 con dos efem\u00e9rides de especial relevancia para Sijena: en octubre se cumplir\u00e1n 90 a\u00f1os del expolio de sus pinturas murales y se conmemorar\u00e1n 10 a\u00f1os de la sentencia inicial que reconoci\u00f3 su leg\u00edtima titularidad. Ambas fechas coinciden en un contexto marcado por la [&hellip;]<\/p>\n","protected":false},"author":1,"featured_media":5533,"comment_status":"open","ping_status":"open","sticky":false,"template":"","format":"standard","meta":{"ngg_post_thumbnail":0,"_jetpack_memberships_contains_paid_content":false,"footnotes":""},"categories":[65,68,23,24,39,49],"tags":[302,304,353,398,407],"class_list":["post-5561","post","type-post","status-publish","format-standard","hentry","category-devolucion","category-expolio","category-medios","category-monasterio-de-sijena","category-sentencias-judiciales","category-tribunal-supremo","tag-mnac","tag-monasterio-de-sijena","tag-pinturas","tag-sala-capitular","tag-sentencias-judiciales"],"jetpack_featured_media_url":"https:\/\/sijenasi.com\/wp-content\/uploads\/2025\/10\/2025-09-27-MNAC-SIJENA-SI-25.jpg","jetpack_sharing_enabled":true,"_links":{"self":[{"href":"https:\/\/sijenasi.com\/index.php\/wp-json\/wp\/v2\/posts\/5561","targetHints":{"allow":["GET"]}}],"collection":[{"href":"https:\/\/sijenasi.com\/index.php\/wp-json\/wp\/v2\/posts"}],"about":[{"href":"https:\/\/sijenasi.com\/index.php\/wp-json\/wp\/v2\/types\/post"}],"author":[{"embeddable":true,"href":"https:\/\/sijenasi.com\/index.php\/wp-json\/wp\/v2\/users\/1"}],"replies":[{"embeddable":true,"href":"https:\/\/sijenasi.com\/index.php\/wp-json\/wp\/v2\/comments?post=5561"}],"version-history":[{"count":5,"href":"https:\/\/sijenasi.com\/index.php\/wp-json\/wp\/v2\/posts\/5561\/revisions"}],"predecessor-version":[{"id":5567,"href":"https:\/\/sijenasi.com\/index.php\/wp-json\/wp\/v2\/posts\/5561\/revisions\/5567"}],"wp:featuredmedia":[{"embeddable":true,"href":"https:\/\/sijenasi.com\/index.php\/wp-json\/wp\/v2\/media\/5533"}],"wp:attachment":[{"href":"https:\/\/sijenasi.com\/index.php\/wp-json\/wp\/v2\/media?parent=5561"}],"wp:term":[{"taxonomy":"category","embeddable":true,"href":"https:\/\/sijenasi.com\/index.php\/wp-json\/wp\/v2\/categories?post=5561"},{"taxonomy":"post_tag","embeddable":true,"href":"https:\/\/sijenasi.com\/index.php\/wp-json\/wp\/v2\/tags?post=5561"}],"curies":[{"name":"wp","href":"https:\/\/api.w.org\/{rel}","templated":true}]}}