{"id":5525,"date":"2025-09-27T23:35:00","date_gmt":"2025-09-27T22:35:00","guid":{"rendered":"https:\/\/sijenasi.com\/?p=5525"},"modified":"2025-10-04T17:32:55","modified_gmt":"2025-10-04T16:32:55","slug":"mnac-cumplan-la-sentencia-ya","status":"publish","type":"post","link":"https:\/\/sijenasi.com\/index.php\/2025\/09\/27\/mnac-cumplan-la-sentencia-ya\/","title":{"rendered":"MNAC: \u00a1Cumplan la sentencia YA!"},"content":{"rendered":"\n<figure class=\"wp-block-image size-full\"><img loading=\"lazy\" decoding=\"async\" width=\"1024\" height=\"529\" src=\"https:\/\/sijenasi.com\/wp-content\/uploads\/2025\/10\/2025-09-27-MNAC-SIJENA-SI-1.jpg\" alt=\"\" class=\"wp-image-5527\" srcset=\"https:\/\/sijenasi.com\/wp-content\/uploads\/2025\/10\/2025-09-27-MNAC-SIJENA-SI-1.jpg 1024w, https:\/\/sijenasi.com\/wp-content\/uploads\/2025\/10\/2025-09-27-MNAC-SIJENA-SI-1-300x155.jpg 300w, https:\/\/sijenasi.com\/wp-content\/uploads\/2025\/10\/2025-09-27-MNAC-SIJENA-SI-1-768x397.jpg 768w\" sizes=\"auto, (max-width: 1024px) 100vw, 1024px\" \/><\/figure>\n\n\n\n<p>M\u00e1s de setenta personas de la plataforma \u201cSijena S\u00ed\u201d y otros movimientos y partidos pol\u00edticos nos hemos concentrado este <strong>s\u00e1bado, 27 de septiembre <\/strong>a las puertas del Museo Nacional de Arte de Catalu\u00f1a para reclamar el cumplimiento de la sentencia que condena al MNAC, tras diez a\u00f1os de juicios, a que devuelva las pinturas de la Sala Capitular de Sijena que tiene en dep\u00f3sito desde despu\u00e9s de la Guerra Civil espa\u00f1ola.<\/p>\n\n\n\n<p>Tras cantar el himno <a href=\"NdP%202025-07-08-%20El%20Comit\u00e9%20Cient\u00edfico%20de%20la%20Plataforma%20Sijena%20S\u00ed%20responde%20al%20MNAC.docx\"><strong>\u201cSijena S\u00ed\u201d<\/strong><\/a>, se ha le\u00eddo el <a href=\"https:\/\/sijenasi.com\/index.php\/2025\/09\/11\/manifiesto-de-la-sociedad-aragonesa-frente-al-mnac\/\"><strong>\u201cManifiesto de la Sociedad Aragonesa ante el MNAC\u201d<\/strong><\/a>, que ha sido suscrito hasta la fecha por <strong>veintisiete entidades<\/strong>. Entre los lectores han intervenido: Alfonso Salillas, anterior alcalde de Villanueva de Sijena e iniciador de los procesos judiciales; Tom\u00e1s Guitarte, presidente de Arag\u00f3n-Teruel Existe; Cristina Mar\u00edn, responsable de Cultura y Patrimonio del Chunta Aragonesista; Salvador Ariste, de Chunta Monegros; Manuel Gimeno, coordinar de la Asociaci\u00f3n de Apoyo a Teruel Existe; Mar\u00eda G\u00f3mez, profesora de la Universidad de Valencia; y varios miembros de Sijena S\u00ed.<\/p>\n\n\n\n<p>La Plataforma sigue llamando a otros colectivos a que se sumen a este manifiesto, y ha lanzado una <a href=\"https:\/\/www.change.org\/p\/devuelvan-las-pinturas-de-sijena-manifiesto-de-la-sociedad-aragonesa-ante-el-mnac\"><strong>campa\u00f1a de firmas<\/strong><\/a> para pedir a la ciudadan\u00eda en general que suscriban y apoyen esta iniciativa. Sijena S\u00ed <a href=\"https:\/\/sijenasi.com\/index.php\/2022\/03\/26\/entregamos-15000-firmas-en-el-mnac\/\"><strong>ya entreg\u00f3 m\u00e1s de 15.000 firmas hace tres a\u00f1os<\/strong><\/a> al MNAC reclamando la devoluci\u00f3n de las pinturas. Puede firmarse en el enlace anterior, a trav\u00e9s de la p\u00e1gina <a href=\"http:\/\/www.sijenasi.com\"><strong>www.sijenasi.com<\/strong><\/a> o bien directamente en <a href=\"https:\/\/www.change.org\/p\/devuelvan-las-pinturas-de-sijena-manifiesto-de-la-sociedad-aragonesa-ante-el-mnac\">https:\/\/www.change.org\/p\/devuelvan-las-pinturas-de-sijena-manifiesto-de-la-sociedad-aragonesa-ante-el-mnac<\/a><\/p>\n\n\n\n<p>El acto ha terminado con un emocionado canto de la <a href=\"https:\/\/youtu.be\/Av2S-D7wGrI\"><strong>Albada de Jos\u00e9 Antonio Labordeta<\/strong><\/a>, un canto por todos los que marcharon de Arag\u00f3n con el deseo de que regresen, en este caso aplicado a las pinturas de Sijena. <\/p>\n\n\n\n<p>Todos los asistentes han firmado el Manifiesto y se ha intentado entregar al MNAC, que no lo ha querido recepcionar por estar cerrado el registro y contener datos personales. Se enviar\u00e1 por correo certificado esta semana para que este acto hist\u00f3rico y quienes lo han protagonizada queden en sus archivos como un testimonio de la voluntad de pueblo aragon\u00e9s y muchas otras personas de buena fe por que se respete la Justicia y la Dignidad.<\/p>\n\n\n\n<figure class=\"wp-block-gallery has-nested-images columns-default is-cropped wp-block-gallery-1 is-layout-flex wp-block-gallery-is-layout-flex\">\n\n\n<figure class=\"wp-block-image size-large\"><img loading=\"lazy\" decoding=\"async\" width=\"768\" height=\"1024\" data-id=\"5529\" src=\"https:\/\/sijenasi.com\/wp-content\/uploads\/2025\/10\/2025-09-27-MNAC-SIJENA-SI-4.jpg\" alt=\"\" class=\"wp-image-5529\" srcset=\"https:\/\/sijenasi.com\/wp-content\/uploads\/2025\/10\/2025-09-27-MNAC-SIJENA-SI-4.jpg 768w, https:\/\/sijenasi.com\/wp-content\/uploads\/2025\/10\/2025-09-27-MNAC-SIJENA-SI-4-225x300.jpg 225w\" sizes=\"auto, (max-width: 768px) 100vw, 768px\" \/><\/figure>\n\n\n\n\n\n<figure class=\"wp-block-image size-large\"><img loading=\"lazy\" decoding=\"async\" width=\"768\" height=\"1024\" data-id=\"5534\" src=\"https:\/\/sijenasi.com\/wp-content\/uploads\/2025\/10\/2025-09-27-MNAC-SIJENA-SI-6.jpg\" alt=\"\" class=\"wp-image-5534\" srcset=\"https:\/\/sijenasi.com\/wp-content\/uploads\/2025\/10\/2025-09-27-MNAC-SIJENA-SI-6.jpg 768w, https:\/\/sijenasi.com\/wp-content\/uploads\/2025\/10\/2025-09-27-MNAC-SIJENA-SI-6-225x300.jpg 225w\" sizes=\"auto, (max-width: 768px) 100vw, 768px\" \/><\/figure>\n\n\n\n<figure class=\"wp-block-image size-large\"><img loading=\"lazy\" decoding=\"async\" width=\"768\" height=\"1024\" data-id=\"5541\" src=\"https:\/\/sijenasi.com\/wp-content\/uploads\/2025\/10\/2025-09-27-MNAC-SIJENA-SI-7.jpg\" alt=\"\" class=\"wp-image-5541\" srcset=\"https:\/\/sijenasi.com\/wp-content\/uploads\/2025\/10\/2025-09-27-MNAC-SIJENA-SI-7.jpg 768w, https:\/\/sijenasi.com\/wp-content\/uploads\/2025\/10\/2025-09-27-MNAC-SIJENA-SI-7-225x300.jpg 225w\" sizes=\"auto, (max-width: 768px) 100vw, 768px\" \/><\/figure>\n\n\n\n<figure class=\"wp-block-image size-large\"><img loading=\"lazy\" decoding=\"async\" width=\"768\" height=\"1024\" data-id=\"5538\" src=\"https:\/\/sijenasi.com\/wp-content\/uploads\/2025\/10\/2025-09-27-MNAC-SIJENA-SI-8.jpg\" alt=\"\" class=\"wp-image-5538\" srcset=\"https:\/\/sijenasi.com\/wp-content\/uploads\/2025\/10\/2025-09-27-MNAC-SIJENA-SI-8.jpg 768w, https:\/\/sijenasi.com\/wp-content\/uploads\/2025\/10\/2025-09-27-MNAC-SIJENA-SI-8-225x300.jpg 225w\" sizes=\"auto, (max-width: 768px) 100vw, 768px\" \/><\/figure>\n\n\n\n<figure class=\"wp-block-image size-large\"><img loading=\"lazy\" decoding=\"async\" width=\"768\" height=\"1024\" data-id=\"5530\" src=\"https:\/\/sijenasi.com\/wp-content\/uploads\/2025\/10\/2025-09-27-MNAC-SIJENA-SI-9.jpg\" alt=\"\" class=\"wp-image-5530\" srcset=\"https:\/\/sijenasi.com\/wp-content\/uploads\/2025\/10\/2025-09-27-MNAC-SIJENA-SI-9.jpg 768w, https:\/\/sijenasi.com\/wp-content\/uploads\/2025\/10\/2025-09-27-MNAC-SIJENA-SI-9-225x300.jpg 225w\" sizes=\"auto, (max-width: 768px) 100vw, 768px\" \/><\/figure>\n\n\n\n<figure class=\"wp-block-image size-large\"><img loading=\"lazy\" decoding=\"async\" width=\"768\" height=\"1024\" data-id=\"5544\" src=\"https:\/\/sijenasi.com\/wp-content\/uploads\/2025\/10\/2025-09-27-MNAC-SIJENA-SI-10.jpg\" alt=\"\" class=\"wp-image-5544\" srcset=\"https:\/\/sijenasi.com\/wp-content\/uploads\/2025\/10\/2025-09-27-MNAC-SIJENA-SI-10.jpg 768w, https:\/\/sijenasi.com\/wp-content\/uploads\/2025\/10\/2025-09-27-MNAC-SIJENA-SI-10-225x300.jpg 225w\" sizes=\"auto, (max-width: 768px) 100vw, 768px\" \/><\/figure>\n\n\n\n<figure class=\"wp-block-image size-large\"><img loading=\"lazy\" decoding=\"async\" width=\"768\" height=\"1024\" data-id=\"5537\" src=\"https:\/\/sijenasi.com\/wp-content\/uploads\/2025\/10\/2025-09-27-MNAC-SIJENA-SI-11.jpg\" alt=\"\" class=\"wp-image-5537\" srcset=\"https:\/\/sijenasi.com\/wp-content\/uploads\/2025\/10\/2025-09-27-MNAC-SIJENA-SI-11.jpg 768w, https:\/\/sijenasi.com\/wp-content\/uploads\/2025\/10\/2025-09-27-MNAC-SIJENA-SI-11-225x300.jpg 225w\" sizes=\"auto, (max-width: 768px) 100vw, 768px\" \/><\/figure>\n\n\n\n<figure class=\"wp-block-image size-large\"><img loading=\"lazy\" decoding=\"async\" width=\"768\" height=\"1024\" data-id=\"5545\" src=\"https:\/\/sijenasi.com\/wp-content\/uploads\/2025\/10\/2025-09-27-MNAC-SIJENA-SI-12.jpg\" alt=\"\" class=\"wp-image-5545\" srcset=\"https:\/\/sijenasi.com\/wp-content\/uploads\/2025\/10\/2025-09-27-MNAC-SIJENA-SI-12.jpg 768w, https:\/\/sijenasi.com\/wp-content\/uploads\/2025\/10\/2025-09-27-MNAC-SIJENA-SI-12-225x300.jpg 225w\" sizes=\"auto, (max-width: 768px) 100vw, 768px\" \/><\/figure>\n\n\n\n<figure class=\"wp-block-image size-large\"><img loading=\"lazy\" decoding=\"async\" width=\"768\" height=\"1024\" data-id=\"5539\" src=\"https:\/\/sijenasi.com\/wp-content\/uploads\/2025\/10\/2025-09-27-MNAC-SIJENA-SI-13.jpg\" alt=\"\" class=\"wp-image-5539\" srcset=\"https:\/\/sijenasi.com\/wp-content\/uploads\/2025\/10\/2025-09-27-MNAC-SIJENA-SI-13.jpg 768w, https:\/\/sijenasi.com\/wp-content\/uploads\/2025\/10\/2025-09-27-MNAC-SIJENA-SI-13-225x300.jpg 225w\" sizes=\"auto, (max-width: 768px) 100vw, 768px\" \/><\/figure>\n\n\n\n<figure class=\"wp-block-image size-large\"><img loading=\"lazy\" decoding=\"async\" width=\"768\" height=\"1024\" data-id=\"5532\" src=\"https:\/\/sijenasi.com\/wp-content\/uploads\/2025\/10\/2025-09-27-MNAC-SIJENA-SI-14.jpg\" alt=\"\" class=\"wp-image-5532\" srcset=\"https:\/\/sijenasi.com\/wp-content\/uploads\/2025\/10\/2025-09-27-MNAC-SIJENA-SI-14.jpg 768w, https:\/\/sijenasi.com\/wp-content\/uploads\/2025\/10\/2025-09-27-MNAC-SIJENA-SI-14-225x300.jpg 225w\" sizes=\"auto, (max-width: 768px) 100vw, 768px\" \/><\/figure>\n\n\n\n<figure class=\"wp-block-image size-large\"><img loading=\"lazy\" decoding=\"async\" width=\"1024\" height=\"768\" data-id=\"5548\" src=\"https:\/\/sijenasi.com\/wp-content\/uploads\/2025\/10\/2025-09-27-MNAC-SIJENA-SI-15.jpg\" alt=\"\" class=\"wp-image-5548\" srcset=\"https:\/\/sijenasi.com\/wp-content\/uploads\/2025\/10\/2025-09-27-MNAC-SIJENA-SI-15.jpg 1024w, https:\/\/sijenasi.com\/wp-content\/uploads\/2025\/10\/2025-09-27-MNAC-SIJENA-SI-15-300x225.jpg 300w, https:\/\/sijenasi.com\/wp-content\/uploads\/2025\/10\/2025-09-27-MNAC-SIJENA-SI-15-768x576.jpg 768w\" sizes=\"auto, (max-width: 1024px) 100vw, 1024px\" \/><\/figure>\n\n\n\n<figure class=\"wp-block-image size-large\"><img loading=\"lazy\" decoding=\"async\" width=\"1024\" height=\"768\" data-id=\"5549\" src=\"https:\/\/sijenasi.com\/wp-content\/uploads\/2025\/10\/2025-09-27-MNAC-SIJENA-SI-16.jpg\" alt=\"\" class=\"wp-image-5549\" srcset=\"https:\/\/sijenasi.com\/wp-content\/uploads\/2025\/10\/2025-09-27-MNAC-SIJENA-SI-16.jpg 1024w, https:\/\/sijenasi.com\/wp-content\/uploads\/2025\/10\/2025-09-27-MNAC-SIJENA-SI-16-300x225.jpg 300w, https:\/\/sijenasi.com\/wp-content\/uploads\/2025\/10\/2025-09-27-MNAC-SIJENA-SI-16-768x576.jpg 768w\" sizes=\"auto, (max-width: 1024px) 100vw, 1024px\" \/><\/figure>\n\n\n\n<figure class=\"wp-block-image size-large\"><img loading=\"lazy\" decoding=\"async\" width=\"1024\" height=\"768\" data-id=\"5547\" src=\"https:\/\/sijenasi.com\/wp-content\/uploads\/2025\/10\/2025-09-27-MNAC-SIJENA-SI-17.jpg\" alt=\"\" class=\"wp-image-5547\" srcset=\"https:\/\/sijenasi.com\/wp-content\/uploads\/2025\/10\/2025-09-27-MNAC-SIJENA-SI-17.jpg 1024w, https:\/\/sijenasi.com\/wp-content\/uploads\/2025\/10\/2025-09-27-MNAC-SIJENA-SI-17-300x225.jpg 300w, https:\/\/sijenasi.com\/wp-content\/uploads\/2025\/10\/2025-09-27-MNAC-SIJENA-SI-17-768x576.jpg 768w\" sizes=\"auto, (max-width: 1024px) 100vw, 1024px\" \/><\/figure>\n\n\n\n<figure class=\"wp-block-image size-large\"><img loading=\"lazy\" decoding=\"async\" width=\"1024\" height=\"768\" data-id=\"5540\" src=\"https:\/\/sijenasi.com\/wp-content\/uploads\/2025\/10\/2025-09-27-MNAC-SIJENA-SI-18.jpg\" alt=\"\" class=\"wp-image-5540\" srcset=\"https:\/\/sijenasi.com\/wp-content\/uploads\/2025\/10\/2025-09-27-MNAC-SIJENA-SI-18.jpg 1024w, https:\/\/sijenasi.com\/wp-content\/uploads\/2025\/10\/2025-09-27-MNAC-SIJENA-SI-18-300x225.jpg 300w, https:\/\/sijenasi.com\/wp-content\/uploads\/2025\/10\/2025-09-27-MNAC-SIJENA-SI-18-768x576.jpg 768w\" sizes=\"auto, (max-width: 1024px) 100vw, 1024px\" \/><\/figure>\n\n\n\n<figure class=\"wp-block-image size-large\"><img loading=\"lazy\" decoding=\"async\" width=\"1024\" height=\"768\" data-id=\"5546\" src=\"https:\/\/sijenasi.com\/wp-content\/uploads\/2025\/10\/2025-09-27-MNAC-SIJENA-SI-19.jpg\" alt=\"\" class=\"wp-image-5546\" srcset=\"https:\/\/sijenasi.com\/wp-content\/uploads\/2025\/10\/2025-09-27-MNAC-SIJENA-SI-19.jpg 1024w, https:\/\/sijenasi.com\/wp-content\/uploads\/2025\/10\/2025-09-27-MNAC-SIJENA-SI-19-300x225.jpg 300w, https:\/\/sijenasi.com\/wp-content\/uploads\/2025\/10\/2025-09-27-MNAC-SIJENA-SI-19-768x576.jpg 768w\" sizes=\"auto, (max-width: 1024px) 100vw, 1024px\" \/><\/figure>\n\n\n\n<figure class=\"wp-block-image size-large\"><img loading=\"lazy\" decoding=\"async\" width=\"1024\" height=\"768\" data-id=\"5542\" src=\"https:\/\/sijenasi.com\/wp-content\/uploads\/2025\/10\/2025-09-27-MNAC-SIJENA-SI-20.jpg\" alt=\"\" class=\"wp-image-5542\" srcset=\"https:\/\/sijenasi.com\/wp-content\/uploads\/2025\/10\/2025-09-27-MNAC-SIJENA-SI-20.jpg 1024w, https:\/\/sijenasi.com\/wp-content\/uploads\/2025\/10\/2025-09-27-MNAC-SIJENA-SI-20-300x225.jpg 300w, https:\/\/sijenasi.com\/wp-content\/uploads\/2025\/10\/2025-09-27-MNAC-SIJENA-SI-20-768x576.jpg 768w\" sizes=\"auto, (max-width: 1024px) 100vw, 1024px\" \/><\/figure>\n\n\n\n<figure class=\"wp-block-image size-large\"><img loading=\"lazy\" decoding=\"async\" width=\"1024\" height=\"768\" data-id=\"5543\" src=\"https:\/\/sijenasi.com\/wp-content\/uploads\/2025\/10\/2025-09-27-MNAC-SIJENA-SI-21.jpg\" alt=\"\" class=\"wp-image-5543\" srcset=\"https:\/\/sijenasi.com\/wp-content\/uploads\/2025\/10\/2025-09-27-MNAC-SIJENA-SI-21.jpg 1024w, https:\/\/sijenasi.com\/wp-content\/uploads\/2025\/10\/2025-09-27-MNAC-SIJENA-SI-21-300x225.jpg 300w, https:\/\/sijenasi.com\/wp-content\/uploads\/2025\/10\/2025-09-27-MNAC-SIJENA-SI-21-768x576.jpg 768w\" sizes=\"auto, (max-width: 1024px) 100vw, 1024px\" \/><\/figure>\n\n\n\n<figure class=\"wp-block-image size-large\"><img loading=\"lazy\" decoding=\"async\" width=\"1024\" height=\"768\" data-id=\"5535\" src=\"https:\/\/sijenasi.com\/wp-content\/uploads\/2025\/10\/2025-09-27-MNAC-SIJENA-SI-22.jpg\" alt=\"\" class=\"wp-image-5535\" srcset=\"https:\/\/sijenasi.com\/wp-content\/uploads\/2025\/10\/2025-09-27-MNAC-SIJENA-SI-22.jpg 1024w, https:\/\/sijenasi.com\/wp-content\/uploads\/2025\/10\/2025-09-27-MNAC-SIJENA-SI-22-300x225.jpg 300w, https:\/\/sijenasi.com\/wp-content\/uploads\/2025\/10\/2025-09-27-MNAC-SIJENA-SI-22-768x576.jpg 768w\" sizes=\"auto, (max-width: 1024px) 100vw, 1024px\" \/><\/figure>\n\n\n\n<figure class=\"wp-block-image size-large\"><img loading=\"lazy\" decoding=\"async\" width=\"1024\" height=\"768\" data-id=\"5536\" src=\"https:\/\/sijenasi.com\/wp-content\/uploads\/2025\/10\/2025-09-27-MNAC-SIJENA-SI-23.jpg\" alt=\"\" class=\"wp-image-5536\" srcset=\"https:\/\/sijenasi.com\/wp-content\/uploads\/2025\/10\/2025-09-27-MNAC-SIJENA-SI-23.jpg 1024w, https:\/\/sijenasi.com\/wp-content\/uploads\/2025\/10\/2025-09-27-MNAC-SIJENA-SI-23-300x225.jpg 300w, https:\/\/sijenasi.com\/wp-content\/uploads\/2025\/10\/2025-09-27-MNAC-SIJENA-SI-23-768x576.jpg 768w\" sizes=\"auto, (max-width: 1024px) 100vw, 1024px\" \/><\/figure>\n\n\n\n<figure class=\"wp-block-image size-large\"><img loading=\"lazy\" decoding=\"async\" width=\"1024\" height=\"768\" data-id=\"5550\" src=\"https:\/\/sijenasi.com\/wp-content\/uploads\/2025\/10\/2025-09-27-MNAC-SIJENA-SI-24.jpg\" alt=\"\" class=\"wp-image-5550\" srcset=\"https:\/\/sijenasi.com\/wp-content\/uploads\/2025\/10\/2025-09-27-MNAC-SIJENA-SI-24.jpg 1024w, https:\/\/sijenasi.com\/wp-content\/uploads\/2025\/10\/2025-09-27-MNAC-SIJENA-SI-24-300x225.jpg 300w, https:\/\/sijenasi.com\/wp-content\/uploads\/2025\/10\/2025-09-27-MNAC-SIJENA-SI-24-768x576.jpg 768w\" sizes=\"auto, (max-width: 1024px) 100vw, 1024px\" \/><\/figure>\n\n\n\n<figure class=\"wp-block-image size-large\"><img loading=\"lazy\" decoding=\"async\" width=\"1024\" height=\"688\" data-id=\"5533\" src=\"https:\/\/sijenasi.com\/wp-content\/uploads\/2025\/10\/2025-09-27-MNAC-SIJENA-SI-25.jpg\" alt=\"\" class=\"wp-image-5533\" srcset=\"https:\/\/sijenasi.com\/wp-content\/uploads\/2025\/10\/2025-09-27-MNAC-SIJENA-SI-25.jpg 1024w, https:\/\/sijenasi.com\/wp-content\/uploads\/2025\/10\/2025-09-27-MNAC-SIJENA-SI-25-300x202.jpg 300w, https:\/\/sijenasi.com\/wp-content\/uploads\/2025\/10\/2025-09-27-MNAC-SIJENA-SI-25-768x516.jpg 768w\" sizes=\"auto, (max-width: 1024px) 100vw, 1024px\" \/><\/figure>\n<\/figure>\n\n\n\n<p><strong>Eco en los medios de comunicaci\u00f3n:<\/strong><\/p>\n\n\n\n<ul class=\"wp-block-list\">\n<li><strong>Arag\u00f3n TV:<\/strong> <a href=\"https:\/\/www.cartv.es\/aragonnoticias\/noticias\/la-plataforma-sijena-si-exige-a-las-puertas-del-mnac-el-regreso-de-los-murales-de-sijena\">La Plataforma Sijena S\u00ed exige a las puertas del MNAC el regreso de las pinturas | Noticias | Arag\u00f3n Noticias (CARTV)<\/a><\/li>\n\n\n\n<li><strong>RTVE<\/strong>: <a href=\"https:\/\/twitter.com\/rtvenoticies\/status\/1971888303537639546?t=65gcoSmNnN5UW2UZW6x1fw&amp;s=19\">https:\/\/twitter.com\/rtvenoticies\/status\/1971888303537639546?t=65gcoSmNnN5UW2UZW6x1fw&amp;s=19<\/a><\/li>\n<\/ul>\n\n\n\n<p><\/p>\n","protected":false},"excerpt":{"rendered":"<p>M\u00e1s de setenta personas de la plataforma \u201cSijena S\u00ed\u201d y otros movimientos y partidos pol\u00edticos nos hemos concentrado este s\u00e1bado, 27 de septiembre a las puertas del Museo Nacional de Arte de Catalu\u00f1a para reclamar el cumplimiento de la sentencia que condena al MNAC, tras diez a\u00f1os de juicios, a que devuelva las pinturas de [&hellip;]<\/p>\n","protected":false},"author":1,"featured_media":0,"comment_status":"open","ping_status":"open","sticky":false,"template":"","format":"standard","meta":{"ngg_post_thumbnail":0,"_jetpack_memberships_contains_paid_content":false,"footnotes":""},"categories":[71,20,82,49],"tags":[151,477,173,216,286,287,302,304,308,353,357,398,407,413,426],"class_list":["post-5525","post","type-post","status-publish","format-standard","hentry","category-generalitat-de-cataluna","category-manifestaciones","category-mnac","category-tribunal-supremo","tag-cha","tag-concentracion","tag-devolucion","tag-generalitat-de-cataluna","tag-manifestacion","tag-manifiesto","tag-mnac","tag-monasterio-de-sijena","tag-monestir-de-sixena","tag-pinturas","tag-plataforma","tag-sala-capitular","tag-sentencias-judiciales","tag-sijena-si","tag-teruel-existe"],"jetpack_featured_media_url":"","jetpack_sharing_enabled":true,"_links":{"self":[{"href":"https:\/\/sijenasi.com\/index.php\/wp-json\/wp\/v2\/posts\/5525","targetHints":{"allow":["GET"]}}],"collection":[{"href":"https:\/\/sijenasi.com\/index.php\/wp-json\/wp\/v2\/posts"}],"about":[{"href":"https:\/\/sijenasi.com\/index.php\/wp-json\/wp\/v2\/types\/post"}],"author":[{"embeddable":true,"href":"https:\/\/sijenasi.com\/index.php\/wp-json\/wp\/v2\/users\/1"}],"replies":[{"embeddable":true,"href":"https:\/\/sijenasi.com\/index.php\/wp-json\/wp\/v2\/comments?post=5525"}],"version-history":[{"count":2,"href":"https:\/\/sijenasi.com\/index.php\/wp-json\/wp\/v2\/posts\/5525\/revisions"}],"predecessor-version":[{"id":5552,"href":"https:\/\/sijenasi.com\/index.php\/wp-json\/wp\/v2\/posts\/5525\/revisions\/5552"}],"wp:attachment":[{"href":"https:\/\/sijenasi.com\/index.php\/wp-json\/wp\/v2\/media?parent=5525"}],"wp:term":[{"taxonomy":"category","embeddable":true,"href":"https:\/\/sijenasi.com\/index.php\/wp-json\/wp\/v2\/categories?post=5525"},{"taxonomy":"post_tag","embeddable":true,"href":"https:\/\/sijenasi.com\/index.php\/wp-json\/wp\/v2\/tags?post=5525"}],"curies":[{"name":"wp","href":"https:\/\/api.w.org\/{rel}","templated":true}]}}