{"id":5442,"date":"2025-07-28T23:11:00","date_gmt":"2025-07-28T22:11:00","guid":{"rendered":"https:\/\/sijenasi.com\/?p=5442"},"modified":"2025-07-29T13:22:26","modified_gmt":"2025-07-29T12:22:26","slug":"rueda-de-prensa","status":"publish","type":"post","link":"https:\/\/sijenasi.com\/index.php\/2025\/07\/28\/rueda-de-prensa\/","title":{"rendered":"Rueda de prensa"},"content":{"rendered":"\n<figure class=\"wp-block-image size-large\"><img loading=\"lazy\" decoding=\"async\" width=\"1024\" height=\"680\" src=\"https:\/\/sijenasi.com\/wp-content\/uploads\/2025\/07\/2025_07_28-395-JYS-1024x680.jpg\" alt=\"\" class=\"wp-image-5443\" srcset=\"https:\/\/sijenasi.com\/wp-content\/uploads\/2025\/07\/2025_07_28-395-JYS-1024x680.jpg 1024w, https:\/\/sijenasi.com\/wp-content\/uploads\/2025\/07\/2025_07_28-395-JYS-300x199.jpg 300w, https:\/\/sijenasi.com\/wp-content\/uploads\/2025\/07\/2025_07_28-395-JYS-768x510.jpg 768w, https:\/\/sijenasi.com\/wp-content\/uploads\/2025\/07\/2025_07_28-395-JYS-1536x1020.jpg 1536w, https:\/\/sijenasi.com\/wp-content\/uploads\/2025\/07\/2025_07_28-395-JYS-2048x1360.jpg 2048w\" sizes=\"auto, (max-width: 1024px) 100vw, 1024px\" \/><\/figure>\n\n\n\n<p>La plataforma \u201cSijena S\u00ed\u201d ha llevado a cabo hoy una <strong>rueda de prensa<\/strong> en el Centro Joaqu\u00edn Roncal de Zaragoza para informar de los siguientes puntos:<\/p>\n\n\n\n<ol class=\"wp-block-list\">\n<li>Satisfacci\u00f3n por la <strong>ca\u00edda del \u201cDecreto contra los apagones\u201d<\/strong>. Sijena S\u00ed se uni\u00f3 al lema <a href=\"https:\/\/sijenasi.com\/index.php\/2024\/04\/07\/renovables-si-pero-no-asi\/\"><strong>\u201crenovables s\u00ed, pero no as\u00ed\u201d<\/strong><\/a>. El decreto que se pretend\u00eda aprobar, aun teniendo muchos elementos positivos, conten\u00eda la posibilidad de reavivar proyectos que se hab\u00edan elaborado sin tener en cuenta ni al territorio ni a sus gentes, entre los que est\u00e1 el proyecto Octante de cinco gigantescos molinos frente al Monasterio de Sijena.<\/li>\n\n\n\n<li>Recuerda de nuevo que, el pasado 26 de junio, consigui\u00f3 que las Cortes de Arag\u00f3n aprobaran una <a href=\"https:\/\/sijenasi.com\/index.php\/2025\/06\/28\/las-cortes-de-aragon-aprueban-una-proposicion-no-de-ley-contra-el-parque-eolico-octante\/\"><strong>proposici\u00f3n no de ley en la que toda la c\u00e1mara aragonesa rechazaba el proyecto Octante<\/strong><\/a>. Puede verse aqu\u00ed el texto completo: <a href=\"https:\/\/www.cortesaragon.es\/Nota-de-prensa.2356.0.html?&amp;no_cache=1&amp;tx_t3comunicacion_pi1%5Buidnot%5D=19168\">Nota de prensa: Cortes de Arag\u00f3n &#8211; Parlamento<\/a><\/li>\n\n\n\n<li>Celebra el auto de la jueza Roc\u00edo Pilar Vargas, magistrada del juzgado de Primera Instancia e Instrucci\u00f3n n\u00famero 2 de Huesca, activando la <strong>orden de ejecuci\u00f3n definitiva de la sentencia<\/strong> que obliga al Museo Nacional de Arte de Catalu\u00f1a (MNAC) a restituir las pinturas rom\u00e1nicas de Sijena.<\/li>\n\n\n\n<li>Reitera la postura de su Comit\u00e9 Cient\u00edfico, que hace unas semanas hizo una declaraci\u00f3n donde se d<strong>enuncia las maniobras dilatorias del MNAC <\/strong>con informes nuevos que no se presentaron ante los juzgados y que ning\u00fan valor legal tienen ahora. V\u00e9ase: <a href=\"https:\/\/sijenasi.com\/index.php\/2025\/07\/10\/declaracion-del-comite-cientifico-de-sijena-si-ante-la-postura-del-mnac\/\">Declaraci\u00f3n del Comit\u00e9 Cient\u00edfico de Sijena S\u00ed ante la postura del MNAC<\/a><\/li>\n\n\n\n<li>Ante esta postura del MNAC, que sigue posponiendo la entrega de las pinturas, Sijena S\u00ed ha elaborado un <strong>Manifiesto<\/strong> que va a enviar esta semana a diversas asociaciones, instituciones y grupos pol\u00edticos para que lo suscriban. En el mes pr\u00f3ximo informar\u00e1 de su contenido y de las entidades que lo apoyan.<\/li>\n\n\n\n<li>Este manifiesto, si la actitud del MNAC persiste, ser\u00e1 entregado al director de dicho museo en una <strong>concentraci\u00f3n<\/strong> que se llevar\u00e1 a cabo a las puertas del MNAC en la fecha que se comunicar\u00e1 junto con los apoyos.<\/li>\n\n\n\n<li>Finalmente, <strong>insta<\/strong> al Gobierno de Arag\u00f3n a hacer las cosas de forma \u00f3ptima, a <strong>so\u00f1ar algo m\u00e1s que la simple instalaci\u00f3n de las pinturas <\/strong>en la Sala Capitular, y a <strong>elaborar un ambicioso Plan Director<\/strong> que responda al resto de necesidades para convertir Sijena en un enclave multidimensional del que todos nos podamos sentir orgullosos.<\/li>\n<\/ol>\n\n\n\n<p><strong>Ecos en Televisi\u00f3n:<\/strong><\/p>\n\n\n\n<ul class=\"wp-block-list\">\n<li>RTVE Arag\u00f3n: Minuto 1:04 -&gt; <a href=\"https:\/\/www.rtve.es\/play\/videos\/noticias-aragon\/noticias-aragon-2-28-07-25\/16679938\/\">https:\/\/www.rtve.es\/play\/videos\/noticias-aragon\/noticias-aragon-2-28-07-25\/16679938\/<\/a><\/li>\n\n\n\n<li>Arag\u00f3n TV: Minuto 14:00 -&gt; <a href=\"https:\/\/alacarta.aragontelevision.es\/informativos\/aragon-noticias-1-28072025-1359\">https:\/\/alacarta.aragontelevision.es\/informativos\/aragon-noticias-1-28072025-1359<\/a><\/li>\n\n\n\n<li>Entrevista a Juan Yzuel de OKDiario: <a href=\"https:\/\/geo.dailymotion.com\/player.html?video=x9nqgdu\">https:\/\/geo.dailymotion.com\/player.html?video=x9nqgdu<\/a><\/li>\n<\/ul>\n\n\n\n<p><\/p>\n","protected":false},"excerpt":{"rendered":"<p>La plataforma \u201cSijena S\u00ed\u201d ha llevado a cabo hoy una rueda de prensa en el Centro Joaqu\u00edn Roncal de Zaragoza para informar de los siguientes puntos: Ecos en Televisi\u00f3n:<\/p>\n","protected":false},"author":1,"featured_media":0,"comment_status":"open","ping_status":"open","sticky":false,"template":"","format":"standard","meta":{"ngg_post_thumbnail":0,"_jetpack_memberships_contains_paid_content":false,"footnotes":""},"categories":[476,71,79,23,82,454,85,49],"tags":[302,304,455,353,357,398,407,413],"class_list":["post-5442","post","type-post","status-publish","format-standard","hentry","category-declaraciones","category-generalitat-de-cataluna","category-juzgado-no-2","category-medios","category-mnac","category-parque-eolico-octante","category-plan-director","category-tribunal-supremo","tag-mnac","tag-monasterio-de-sijena","tag-parque-eolico-octante","tag-pinturas","tag-plataforma","tag-sala-capitular","tag-sentencias-judiciales","tag-sijena-si"],"jetpack_featured_media_url":"","jetpack_sharing_enabled":true,"_links":{"self":[{"href":"https:\/\/sijenasi.com\/index.php\/wp-json\/wp\/v2\/posts\/5442","targetHints":{"allow":["GET"]}}],"collection":[{"href":"https:\/\/sijenasi.com\/index.php\/wp-json\/wp\/v2\/posts"}],"about":[{"href":"https:\/\/sijenasi.com\/index.php\/wp-json\/wp\/v2\/types\/post"}],"author":[{"embeddable":true,"href":"https:\/\/sijenasi.com\/index.php\/wp-json\/wp\/v2\/users\/1"}],"replies":[{"embeddable":true,"href":"https:\/\/sijenasi.com\/index.php\/wp-json\/wp\/v2\/comments?post=5442"}],"version-history":[{"count":2,"href":"https:\/\/sijenasi.com\/index.php\/wp-json\/wp\/v2\/posts\/5442\/revisions"}],"predecessor-version":[{"id":5445,"href":"https:\/\/sijenasi.com\/index.php\/wp-json\/wp\/v2\/posts\/5442\/revisions\/5445"}],"wp:attachment":[{"href":"https:\/\/sijenasi.com\/index.php\/wp-json\/wp\/v2\/media?parent=5442"}],"wp:term":[{"taxonomy":"category","embeddable":true,"href":"https:\/\/sijenasi.com\/index.php\/wp-json\/wp\/v2\/categories?post=5442"},{"taxonomy":"post_tag","embeddable":true,"href":"https:\/\/sijenasi.com\/index.php\/wp-json\/wp\/v2\/tags?post=5442"}],"curies":[{"name":"wp","href":"https:\/\/api.w.org\/{rel}","templated":true}]}}