{"id":5358,"date":"2025-04-01T12:01:07","date_gmt":"2025-04-01T11:01:07","guid":{"rendered":"https:\/\/sijenasi.com\/?p=5358"},"modified":"2025-05-15T19:31:16","modified_gmt":"2025-05-15T18:31:16","slug":"abre-la-zona-expositiva-de-sijena","status":"publish","type":"post","link":"https:\/\/sijenasi.com\/index.php\/2025\/04\/01\/abre-la-zona-expositiva-de-sijena\/","title":{"rendered":"\u00a1Abre la zona expositiva de Sijena!"},"content":{"rendered":"\n<figure class=\"wp-block-image size-large\"><img loading=\"lazy\" decoding=\"async\" width=\"1024\" height=\"683\" src=\"https:\/\/sijenasi.com\/wp-content\/uploads\/2025\/05\/Abre-Sijena-Miguel-A-Gracia-1024x683.jpg\" alt=\"\" class=\"wp-image-5359\" srcset=\"https:\/\/sijenasi.com\/wp-content\/uploads\/2025\/05\/Abre-Sijena-Miguel-A-Gracia-1024x683.jpg 1024w, https:\/\/sijenasi.com\/wp-content\/uploads\/2025\/05\/Abre-Sijena-Miguel-A-Gracia-300x200.jpg 300w, https:\/\/sijenasi.com\/wp-content\/uploads\/2025\/05\/Abre-Sijena-Miguel-A-Gracia-768x512.jpg 768w, https:\/\/sijenasi.com\/wp-content\/uploads\/2025\/05\/Abre-Sijena-Miguel-A-Gracia-1536x1025.jpg 1536w, https:\/\/sijenasi.com\/wp-content\/uploads\/2025\/05\/Abre-Sijena-Miguel-A-Gracia.jpg 2000w\" sizes=\"auto, (max-width: 1024px) 100vw, 1024px\" \/><\/figure>\n\n\n\n<p>Con gran alegr\u00eda celebramos que, tras un gran reforma de parte del Claustro y sus naves laterales, l<strong>a Orden de Malta y el Gobierno de Arag\u00f3n han abierto el pasado 26 de marzo la zona expositiva<\/strong> donde ya se pueden visitar los bienes que, tras larga lucha judicial y esfuerzo ciudadano, regresaron a Sijena hace unos a\u00f1os.<\/p>\n\n\n\n<p class=\"has-medium-font-size\"><strong>Visitas<\/strong><\/p>\n\n\n\n<p>Quienes deseen visitar el Real Monasterio pueden planear su visita y comprar entradas en esta p\u00e1gina web: <\/p>\n\n\n\n<p class=\"has-text-align-center has-medium-font-size\"><a href=\"https:\/\/sijena.com\/\"><strong>https:\/\/sijena.com\/<\/strong><\/a><\/p>\n\n\n\n<p>La visita tiene una duraci\u00f3n de unos 40 minutos y se ha previsto un m\u00e1ximo de unas 30 personas por grupo. Se realizan seg\u00fan estos horarios:<\/p>\n\n\n\n<ul class=\"wp-block-list\">\n<li><strong>Jueves<\/strong>:  a las 16.30 y 17.30 horas.<\/li>\n\n\n\n<li><strong>Viernes y s\u00e1bado<\/strong>: 11.00, 12.00 y 13.00 horas y 16:30 y 17:30 h.<\/li>\n\n\n\n<li><strong>Domingos<\/strong>: a las 11.00, 12.00 y 13.00 horas.<\/li>\n<\/ul>\n\n\n\n<h3 class=\"wp-block-heading\">Precios<\/h3>\n\n\n\n<p>El precio es de 9 euros para la entrada general y de 4,5 euros para la reducida (personas de 65 a\u00f1os de edad o m\u00e1s; de entre 6 y 14 a\u00f1os, incluidos; titulares de carn\u00e9 joven; personas con discapacidad de grado 50% o superior; miembros de familia numerosa; grupos de pago de 20 personas o m\u00e1s), mientras que el acceso ser\u00e1 gratuito para ni\u00f1os de hasta 5 a\u00f1os.<\/p>\n\n\n\n<h3 class=\"wp-block-heading\">Recorrido<\/h3>\n\n\n\n<p>El nuevo recorrido guiado llevar\u00e1 al visitante desde la entrada por la Sala de San Juan Bautista, al caracter\u00edstico p\u00f3rtico de la iglesia, a su interior, a la capilla de San Pedro que albergaba el famoso pante\u00f3n real, el claustro, la Sala Capitular y la nave de los antiguos dormitorios, que alberga la exhibici\u00f3n.<\/p>\n\n\n\n<p>Animamos a todos y todas a visitar este monumento que, poco a poco, va a convertirse en uno de los enclaves hist\u00f3ricos y art\u00edsticos m\u00e1s importantes de Arag\u00f3n.<\/p>\n","protected":false},"excerpt":{"rendered":"<p>Con gran alegr\u00eda celebramos que, tras un gran reforma de parte del Claustro y sus naves laterales, la Orden de Malta y el Gobierno de Arag\u00f3n han abierto el pasado 26 de marzo la zona expositiva donde ya se pueden visitar los bienes que, tras larga lucha judicial y esfuerzo ciudadano, regresaron a Sijena hace [&hellip;]<\/p>\n","protected":false},"author":1,"featured_media":0,"comment_status":"open","ping_status":"open","sticky":false,"template":"","format":"standard","meta":{"ngg_post_thumbnail":0,"_jetpack_memberships_contains_paid_content":false,"footnotes":""},"categories":[27],"tags":[],"class_list":["post-5358","post","type-post","status-publish","format-standard","hentry","category-plataforma-sijena-si"],"jetpack_featured_media_url":"","jetpack_sharing_enabled":true,"_links":{"self":[{"href":"https:\/\/sijenasi.com\/index.php\/wp-json\/wp\/v2\/posts\/5358","targetHints":{"allow":["GET"]}}],"collection":[{"href":"https:\/\/sijenasi.com\/index.php\/wp-json\/wp\/v2\/posts"}],"about":[{"href":"https:\/\/sijenasi.com\/index.php\/wp-json\/wp\/v2\/types\/post"}],"author":[{"embeddable":true,"href":"https:\/\/sijenasi.com\/index.php\/wp-json\/wp\/v2\/users\/1"}],"replies":[{"embeddable":true,"href":"https:\/\/sijenasi.com\/index.php\/wp-json\/wp\/v2\/comments?post=5358"}],"version-history":[{"count":1,"href":"https:\/\/sijenasi.com\/index.php\/wp-json\/wp\/v2\/posts\/5358\/revisions"}],"predecessor-version":[{"id":5360,"href":"https:\/\/sijenasi.com\/index.php\/wp-json\/wp\/v2\/posts\/5358\/revisions\/5360"}],"wp:attachment":[{"href":"https:\/\/sijenasi.com\/index.php\/wp-json\/wp\/v2\/media?parent=5358"}],"wp:term":[{"taxonomy":"category","embeddable":true,"href":"https:\/\/sijenasi.com\/index.php\/wp-json\/wp\/v2\/categories?post=5358"},{"taxonomy":"post_tag","embeddable":true,"href":"https:\/\/sijenasi.com\/index.php\/wp-json\/wp\/v2\/tags?post=5358"}],"curies":[{"name":"wp","href":"https:\/\/api.w.org\/{rel}","templated":true}]}}