{"id":5306,"date":"2024-10-06T22:19:33","date_gmt":"2024-10-06T21:19:33","guid":{"rendered":"https:\/\/sijenasi.com\/?p=5306"},"modified":"2024-10-15T07:10:05","modified_gmt":"2024-10-15T06:10:05","slug":"lanzamos-la-iii-jornada-sijena-viva","status":"publish","type":"post","link":"https:\/\/sijenasi.com\/index.php\/2024\/10\/06\/lanzamos-la-iii-jornada-sijena-viva\/","title":{"rendered":"Lanzamos la III Jornada Sijena Viva"},"content":{"rendered":"\n<figure class=\"wp-block-image size-full\"><img loading=\"lazy\" decoding=\"async\" width=\"1024\" height=\"578\" src=\"https:\/\/sijenasi.com\/wp-content\/uploads\/2024\/10\/Sijena-Viva.jpg\" alt=\"\" class=\"wp-image-5309\" srcset=\"https:\/\/sijenasi.com\/wp-content\/uploads\/2024\/10\/Sijena-Viva.jpg 1024w, https:\/\/sijenasi.com\/wp-content\/uploads\/2024\/10\/Sijena-Viva-300x169.jpg 300w, https:\/\/sijenasi.com\/wp-content\/uploads\/2024\/10\/Sijena-Viva-768x434.jpg 768w\" sizes=\"auto, (max-width: 1024px) 100vw, 1024px\" \/><\/figure>\n\n\n\n<p>El monasterio de Sijena est\u00e1 vac\u00edo, sin comunidad mon\u00e1stica, desde julio de 2020, lo que supone una gran preocupaci\u00f3n para todos. Es por ello que nuestra plataforma y otras entidades (Hermanas Sanjuanistas, Orden de Malta, Ayuntamientos de Villanueva de Sijena, Sena, Sari\u00f1ena, Lastanosa y El Tormillo) organizar\u00e1n con la colaboraci\u00f3n de otros colectivos (Asociaci\u00f3n EsperanzARTE y Coral de Sari\u00f1ena) la <strong>III Jornada \u00abSijena Viva\u00bb<\/strong>. (Pueden verse aqu\u00ed la <strong><a href=\"https:\/\/sijenasi.com\/index.php\/2022\/10\/10\/clamor-en-sijena-por-un-monasterio-vivo\/\" data-type=\"post\" data-id=\"3633\">primera <\/a><\/strong>y la <strong><a href=\"https:\/\/sijenasi.com\/index.php\/2023\/10\/21\/exito-de-la-ii-jornada-sijena-viva\/\" data-type=\"post\" data-id=\"4974\">segunda<\/a><\/strong>).<\/p>\n\n\n\n<p>La jornada tendr\u00e1 lugar el <strong>S\u00c1BADO, 19 DE OCTUBRE DE 202<\/strong>4. Costar\u00e1 de&nbsp;<strong>dos partes<\/strong>: una romer\u00eda o peregrinaci\u00f3n popular a pie desde Sari\u00f1ena por la ma\u00f1ana, una cabalgada desde El Tormillo, y varias actividades de car\u00e1cter espiritual por la tarde, de forma que la ciudadan\u00eda pueda unirse libremente a las diversas propuestas. Los peregrinos marchar\u00e1n de forma inversa por el <strong>Camino de Santiago<\/strong> que un\u00eda Sijena con Berbegal y Huesca.<\/p>\n\n\n\n<p class=\"has-medium-font-size\"><strong>INSCRIPCI\u00d3N<\/strong><\/p>\n\n\n\n<p>Para controlar los aforos y el servicio de comida,&nbsp;<strong>es preciso tener el ticket de la comida para acceder al monasterio en la actividad de la ma\u00f1ana,<\/strong>&nbsp;por lo que es imprescindible obtenerlo d\u00edas antes.&nbsp;<strong>La actividad de la tarde est\u00e1 abierta a todos.<\/strong><\/p>\n\n\n\n<p><strong><em>Quienes son de la zona<\/em><\/strong> pueden comprar por <strong>11 euros<\/strong> (paella, pan, bebida, postre y caf\u00e9) en <strong>puntos de venta locales<\/strong> cuya lista actualizaremos aqu\u00ed:<\/p>\n\n\n\n<ul class=\"wp-block-list\">\n<li><em>Villanueva de Sijena<\/em>: Ayuntamiento, por las ma\u00f1anas.<\/li>\n\n\n\n<li><em>Sena<\/em>: Ayuntamiento de Sena, por las ma\u00f1anas.<\/li>\n\n\n\n<li><em>Sari\u00f1ena<\/em>: Hotel Sari\u00f1ena; Restaurante Boira; Pasteler\u00eda Trallero.<\/li>\n<\/ul>\n\n\n\n<p><strong><em>Quienes no son de la zona<\/em> pueden <a href=\"https:\/\/sijenasi.com\/index.php\/inscripcion\/\" data-type=\"link\" data-id=\"https:\/\/sijenasi.com\/index.php\/inscripcion\/\">INSCRIBIRSE AQU\u00cd<\/a> <\/strong>y hacer un ingreso previo por transferencia. Se les dar\u00e1 el ticket en el monasterio.<\/p>\n\n\n\n<p class=\"has-small-font-size\">FECHA L\u00cdMITE PARA OBTENER EL TICKET: <strong>16 DE OCTUBRE O HASTA COMPLETAR AFORO<\/strong> DE 250 PERSONAS M\u00c1XIMO).<\/p>\n\n\n\n<p class=\"has-text-align-center has-large-font-size\"><strong>PROGRAMA<\/strong><\/p>\n\n\n\n<p class=\"has-vivid-cyan-blue-color has-text-color has-link-color has-large-font-size wp-elements-6fafb0510cf17f51577176e2a9808520\"><strong>MA\u00d1ANA<\/strong><\/p>\n\n\n\n<p>7:00\u00a0\u00a0\u00a0 <strong>Romer\u00eda a caballo<\/strong> desde la <strong>iglesia-hospital de peregrinos de El Tormillo<\/strong> del Camino de Santiago (23 km), pasando por Castelflorite.<\/p>\n\n\n\n<p>8:15 &nbsp;&nbsp; <strong>Romer\u00eda a pie<\/strong> desde la <strong>ermita de Santiago en Sari\u00f1ena<\/strong> hasta el Monasterio de Sijena haciendo el antiguo Camino de Santiago de Sijena. (Distancia: 16,3 km).<\/p>\n\n\n\n<p>10:30 (Desde esta hora, <strong>visitas guiadas al monasterio<\/strong> por los voluntarios de la Orden de Malta para quienes van directamente a Sijena)<\/p>\n\n\n\n<p>12:00 <strong>Bienvenida en Sena a los peregrinos <\/strong>a pie y a caballo ofrecida por el ayuntamiento de Sena<strong>.<\/strong><\/p>\n\n\n\n<p>12:30<strong> Salida desde la iglesia de Sena<\/strong> de quienes vienen de Sari\u00f1ena y El Tormillo con los que se unen andando a la etapa final (\u00faltimos 2 km).<\/p>\n\n\n\n<p>13 &nbsp;&nbsp;&nbsp;&nbsp;&nbsp; <strong>Llegada<\/strong> al Monasterio de los caminantes y jinetes de la romer\u00eda y otros participantes que vendr\u00e1n directamente. Acogida festiva.<\/p>\n\n\n\n<p>13:15 <strong>Misa<\/strong> concelebrada y cantada por la Asociaci\u00f3n Esperanzarte para orar especialmente por el regreso de la vida mon\u00e1stica a Sijena. Al final, foto de familia de la jornada.<\/p>\n\n\n\n<p>14:30 <strong>Paella comunitaria<\/strong>. Para ello, hay que comprar previamente un <strong>ticket por 11\u20ac<\/strong> que incluye la paella, pan, bebida, postre y caf\u00e9. M\u00e1s informaci\u00f3n de c\u00f3mo hacerlo en <a href=\"http:\/\/www.sijenasi.com\"><em>www.sijenasi.com<\/em><\/a> y en <strong>puntos de venta locales<\/strong> (Ayuntamientos de <strong>Sena<\/strong> y <strong>Villanueva<\/strong>, Restaurante <strong>Boira<\/strong> y <strong>Hotel Sari\u00f1ena<\/strong>).<\/p>\n\n\n\n<p class=\"has-vivid-red-color has-text-color has-link-color has-large-font-size wp-elements-f1515cd58dd2ba7e33ce29ae1c621f81\"><strong>TARDE<\/strong><\/p>\n\n\n\n<p>16:00 Siguen las visitas guiadas<\/p>\n\n\n\n<p>16:30 Concierto de la <strong>Coral de Sari\u00f1ena<\/strong>, bajo la direcci\u00f3n de Antonio Gil, en la iglesia de Sijena. M\u00e1s informaci\u00f3n en <a href=\"http:\/\/www.esperanzarte.com\" data-type=\"link\" data-id=\"www.esperanzarte.com\" target=\"_blank\" rel=\"noreferrer noopener\">www.esperanzarte.com<\/a><\/p>\n\n\n\n<p>18:00 <strong>Chocolatada<\/strong> ofrecida por el Ayuntamiento de Villanueva de Sijena. Confraternizaci\u00f3n.<\/p>\n\n\n\n<p>19:00 Fin de la Jornada.<\/p>\n\n\n\n<p><strong>NOTAS:<\/strong><\/p>\n\n\n\n<ul class=\"wp-block-list\">\n<li>En el monasterio hay ba\u00f1os y agua. <strong>Se podr\u00e1n comprar bebidas frescas.<\/strong><\/li>\n\n\n\n<li>Se llevar\u00e1 a los conductores que hayan dejado el coche en Sari\u00f1ena o El Tormillo.<\/li>\n\n\n\n<li><strong>M\u00e1s informaci\u00f3n<\/strong> del recorrido y actualizaci\u00f3n de este programa: <strong>www.sijenasi.com<\/strong><\/li>\n\n\n\n<li>En caso de <strong>dificultades meteorol\u00f3gicas<\/strong> se informar\u00e1 en esta p\u00e1gina de los cambios.<\/li>\n\n\n\n<li><em>La organizaci\u00f3n se reserva el derecho a hacer los cambios necesarios a este programa.<\/em><\/li>\n<\/ul>\n\n\n\n<p><\/p>\n\n\n\n<p><strong>Recorrido<\/strong>:<\/p>\n\n\n\n<figure class=\"wp-block-image\"><img loading=\"lazy\" decoding=\"async\" width=\"1600\" height=\"765\" src=\"https:\/\/sijenasi.com\/wp-content\/uploads\/2022\/09\/ruta-de-la-ermita-de-santiago-de-sarinena-hasta-el-monasterio-de-sijena-2022.jpg?w=1024\" alt=\"\" class=\"wp-image-3640\" srcset=\"https:\/\/sijenasi.com\/wp-content\/uploads\/2022\/09\/ruta-de-la-ermita-de-santiago-de-sarinena-hasta-el-monasterio-de-sijena-2022.jpg 1600w, https:\/\/sijenasi.com\/wp-content\/uploads\/2022\/09\/ruta-de-la-ermita-de-santiago-de-sarinena-hasta-el-monasterio-de-sijena-2022-300x143.jpg 300w, https:\/\/sijenasi.com\/wp-content\/uploads\/2022\/09\/ruta-de-la-ermita-de-santiago-de-sarinena-hasta-el-monasterio-de-sijena-2022-1024x490.jpg 1024w, https:\/\/sijenasi.com\/wp-content\/uploads\/2022\/09\/ruta-de-la-ermita-de-santiago-de-sarinena-hasta-el-monasterio-de-sijena-2022-768x367.jpg 768w, https:\/\/sijenasi.com\/wp-content\/uploads\/2022\/09\/ruta-de-la-ermita-de-santiago-de-sarinena-hasta-el-monasterio-de-sijena-2022-1536x734.jpg 1536w\" sizes=\"auto, (max-width: 1600px) 100vw, 1600px\" \/><\/figure>\n\n\n\n<p>Perfil de elevaci\u00f3n: de 326 a 197 metros (dificultad baja):<\/p>\n\n\n\n<figure class=\"wp-block-image\"><img loading=\"lazy\" decoding=\"async\" width=\"1366\" height=\"261\" src=\"https:\/\/sijenasi.com\/wp-content\/uploads\/2022\/09\/perfil-de-elevacion-ruta-de-la-ermita-de-santiago-de-sarinena-hasta-el-monasterio-de-sijena-2022.jpg?w=1024\" alt=\"\" class=\"wp-image-3643\" srcset=\"https:\/\/sijenasi.com\/wp-content\/uploads\/2022\/09\/perfil-de-elevacion-ruta-de-la-ermita-de-santiago-de-sarinena-hasta-el-monasterio-de-sijena-2022.jpg 1366w, https:\/\/sijenasi.com\/wp-content\/uploads\/2022\/09\/perfil-de-elevacion-ruta-de-la-ermita-de-santiago-de-sarinena-hasta-el-monasterio-de-sijena-2022-300x57.jpg 300w, https:\/\/sijenasi.com\/wp-content\/uploads\/2022\/09\/perfil-de-elevacion-ruta-de-la-ermita-de-santiago-de-sarinena-hasta-el-monasterio-de-sijena-2022-1024x196.jpg 1024w, https:\/\/sijenasi.com\/wp-content\/uploads\/2022\/09\/perfil-de-elevacion-ruta-de-la-ermita-de-santiago-de-sarinena-hasta-el-monasterio-de-sijena-2022-768x147.jpg 768w\" sizes=\"auto, (max-width: 1366px) 100vw, 1366px\" \/><\/figure>\n\n\n\n<p><\/p>\n","protected":false},"excerpt":{"rendered":"<p>El monasterio de Sijena est\u00e1 vac\u00edo, sin comunidad mon\u00e1stica, desde julio de 2020, lo que supone una gran preocupaci\u00f3n para todos. Es por ello que nuestra plataforma y otras entidades (Hermanas Sanjuanistas, Orden de Malta, Ayuntamientos de Villanueva de Sijena, Sena, Sari\u00f1ena, Lastanosa y El Tormillo) organizar\u00e1n con la colaboraci\u00f3n de otros colectivos (Asociaci\u00f3n EsperanzARTE [&hellip;]<\/p>\n","protected":false},"author":1,"featured_media":0,"comment_status":"open","ping_status":"open","sticky":false,"template":"","format":"standard","meta":{"ngg_post_thumbnail":0,"_jetpack_memberships_contains_paid_content":false,"footnotes":""},"categories":[17,24,27,42],"tags":[466,468,469,467,187,193,254,391,414],"class_list":["post-5306","post","type-post","status-publish","format-standard","hentry","category-jornada","category-monasterio-de-sijena","category-plataforma-sijena-si","category-sijena-viva","tag-466","tag-cabalgada","tag-camino-de-santiago","tag-coral-de-sarinena","tag-el-tormillo","tag-ermita-de-santiago","tag-jornada","tag-romeria","tag-sijena-viva"],"jetpack_featured_media_url":"","jetpack_sharing_enabled":true,"_links":{"self":[{"href":"https:\/\/sijenasi.com\/index.php\/wp-json\/wp\/v2\/posts\/5306","targetHints":{"allow":["GET"]}}],"collection":[{"href":"https:\/\/sijenasi.com\/index.php\/wp-json\/wp\/v2\/posts"}],"about":[{"href":"https:\/\/sijenasi.com\/index.php\/wp-json\/wp\/v2\/types\/post"}],"author":[{"embeddable":true,"href":"https:\/\/sijenasi.com\/index.php\/wp-json\/wp\/v2\/users\/1"}],"replies":[{"embeddable":true,"href":"https:\/\/sijenasi.com\/index.php\/wp-json\/wp\/v2\/comments?post=5306"}],"version-history":[{"count":5,"href":"https:\/\/sijenasi.com\/index.php\/wp-json\/wp\/v2\/posts\/5306\/revisions"}],"predecessor-version":[{"id":5315,"href":"https:\/\/sijenasi.com\/index.php\/wp-json\/wp\/v2\/posts\/5306\/revisions\/5315"}],"wp:attachment":[{"href":"https:\/\/sijenasi.com\/index.php\/wp-json\/wp\/v2\/media?parent=5306"}],"wp:term":[{"taxonomy":"category","embeddable":true,"href":"https:\/\/sijenasi.com\/index.php\/wp-json\/wp\/v2\/categories?post=5306"},{"taxonomy":"post_tag","embeddable":true,"href":"https:\/\/sijenasi.com\/index.php\/wp-json\/wp\/v2\/tags?post=5306"}],"curies":[{"name":"wp","href":"https:\/\/api.w.org\/{rel}","templated":true}]}}