{"id":5281,"date":"2024-09-24T18:37:04","date_gmt":"2024-09-24T17:37:04","guid":{"rendered":"https:\/\/sijenasi.com\/?p=5281"},"modified":"2024-09-27T18:58:01","modified_gmt":"2024-09-27T17:58:01","slug":"cientos-de-personas-firman-en-femoga-contra-los-molinos-en-sijena","status":"publish","type":"post","link":"https:\/\/sijenasi.com\/index.php\/2024\/09\/24\/cientos-de-personas-firman-en-femoga-contra-los-molinos-en-sijena\/","title":{"rendered":"Cientos de personas firman en FEMOGA contra los molinos en Sijena"},"content":{"rendered":"\n<figure class=\"wp-block-image size-full\"><img loading=\"lazy\" decoding=\"async\" width=\"1024\" height=\"680\" src=\"https:\/\/sijenasi.com\/wp-content\/uploads\/2024\/09\/2024-09-22-Sijena-SI-en-Femoga-Sarinena-2.jpg\" alt=\"\" class=\"wp-image-5282\" srcset=\"https:\/\/sijenasi.com\/wp-content\/uploads\/2024\/09\/2024-09-22-Sijena-SI-en-Femoga-Sarinena-2.jpg 1024w, https:\/\/sijenasi.com\/wp-content\/uploads\/2024\/09\/2024-09-22-Sijena-SI-en-Femoga-Sarinena-2-300x199.jpg 300w, https:\/\/sijenasi.com\/wp-content\/uploads\/2024\/09\/2024-09-22-Sijena-SI-en-Femoga-Sarinena-2-768x510.jpg 768w\" sizes=\"auto, (max-width: 1024px) 100vw, 1024px\" \/><\/figure>\n\n\n\n<p>Durante el pasado fin se semana hemos recogido cientos de firmas en la feria FEMOGA de Sari\u00f1ena, donde colocamos una mesa informativa desde la que concienciar a la ciudadan\u00eda de Los Monegros y otras zonas del peligro que supondr\u00eda para el futuro de Sijena la instalaci\u00f3n del proyecto Octante con el que la empresa Forestalia pretende instalar cinco gigantescos aerogeneradores de 200 metros frente al monasterio. Lanzamos esta <a href=\"https:\/\/sijenasi.com\/index.php\/2024\/04\/22\/campana-contra-los-molinos-en-sijena\/\" data-type=\"link\" data-id=\"https:\/\/sijenasi.com\/index.php\/2024\/04\/22\/campana-contra-los-molinos-en-sijena\/\">campa\u00f1a <\/a>el pasado mes de abril y se puede leer aqu\u00ed el <a href=\"https:\/\/sijenasi.com\/wp-content\/uploads\/2024\/04\/Manifiesto-de-Sijena-Si-contra-el-Proyecto-Octante-de-Forestalia.pdf\" data-type=\"link\" data-id=\"https:\/\/sijenasi.com\/wp-content\/uploads\/2024\/04\/Manifiesto-de-Sijena-Si-contra-el-Proyecto-Octante-de-Forestalia.pdf\">MANIFIESTO<\/a>.<\/p>\n\n\n\n<p>La pasada semana, cuando <a href=\"https:\/\/www.europapress.es\/aragon\/noticia-azcon-anuncia-apertura-publico-monasterio-sijena-huescaen-primer-trimestre-2025-20240918130612.html\">el Presidente Azc\u00f3n visit\u00f3 Sijena<\/a>, <strong>la Plataforma recibi\u00f3 con alegr\u00eda la noticia de que la zona expositiva se abrir\u00e1 por fin el primer trimestre de 2025<\/strong>, pero ech\u00f3 en falta que el presidente de Arag\u00f3n obviara en su mensaje la amenaza de los molinos y tambi\u00e9n la ausencia de una comunidad mon\u00e1stica en Sijena, carencia de la que podr\u00eda haber hablado directamente con el Papa Francisco en su <a href=\"https:\/\/www.aragonhoy.es\/presidencia-de-gobierno\/presidente-aragon-jorge-azcon-papa-francisco-vaticano-97085\">visita a Roma<\/a> durante este verano. Sijena S\u00ed ya envi\u00f3 una petici\u00f3n al Vaticano en este sentido hace dos a\u00f1os.<\/p>\n\n\n\n<p>Quienes lo deseen pueden unirse a esta campa\u00f1a de firmas en <a href=\"https:\/\/www.change.org\/p\/no-a-los-molinos-en-el-monasterio-de-sijena\">https:\/\/www.change.org\/p\/no-a-los-molinos-en-el-monasterio-de-sijena<\/a>. <strong>La Plataforma lleva recogidas ya cerca de 2000 firmas<\/strong> en papel y en la web y presentar\u00e1 en breve sus reivindicaciones junto con estas firmas a la empresa Forestalia, al Gobierno y las Cortes de Arag\u00f3n y al Delegado del Gobierno central, reserv\u00e1ndose la posibilidad de organizar nuevas acciones si la voz de la ciudadan\u00eda no es escuchada.<\/p>\n\n\n\n<p><\/p>\n\n\n\n<figure class=\"wp-block-gallery has-nested-images columns-default is-cropped wp-block-gallery-1 is-layout-flex wp-block-gallery-is-layout-flex\">\n<figure class=\"wp-block-image size-large\"><img loading=\"lazy\" decoding=\"async\" width=\"1024\" height=\"680\" data-id=\"5286\" src=\"https:\/\/sijenasi.com\/wp-content\/uploads\/2024\/09\/2024-09-22-Sijena-SI-en-Femoga-Sarinena-1.jpg\" alt=\"\" class=\"wp-image-5286\" srcset=\"https:\/\/sijenasi.com\/wp-content\/uploads\/2024\/09\/2024-09-22-Sijena-SI-en-Femoga-Sarinena-1.jpg 1024w, https:\/\/sijenasi.com\/wp-content\/uploads\/2024\/09\/2024-09-22-Sijena-SI-en-Femoga-Sarinena-1-300x199.jpg 300w, https:\/\/sijenasi.com\/wp-content\/uploads\/2024\/09\/2024-09-22-Sijena-SI-en-Femoga-Sarinena-1-768x510.jpg 768w\" sizes=\"auto, (max-width: 1024px) 100vw, 1024px\" \/><\/figure>\n\n\n\n<figure class=\"wp-block-image size-large\"><img loading=\"lazy\" decoding=\"async\" width=\"1024\" height=\"680\" data-id=\"5283\" src=\"https:\/\/sijenasi.com\/wp-content\/uploads\/2024\/09\/2024-09-22-Sijena-SI-en-Femoga-Sarinena-2-1.jpg\" alt=\"\" class=\"wp-image-5283\" srcset=\"https:\/\/sijenasi.com\/wp-content\/uploads\/2024\/09\/2024-09-22-Sijena-SI-en-Femoga-Sarinena-2-1.jpg 1024w, https:\/\/sijenasi.com\/wp-content\/uploads\/2024\/09\/2024-09-22-Sijena-SI-en-Femoga-Sarinena-2-1-300x199.jpg 300w, https:\/\/sijenasi.com\/wp-content\/uploads\/2024\/09\/2024-09-22-Sijena-SI-en-Femoga-Sarinena-2-1-768x510.jpg 768w\" sizes=\"auto, (max-width: 1024px) 100vw, 1024px\" \/><\/figure>\n\n\n\n<figure class=\"wp-block-image size-large\"><img loading=\"lazy\" decoding=\"async\" width=\"1024\" height=\"680\" data-id=\"5290\" src=\"https:\/\/sijenasi.com\/wp-content\/uploads\/2024\/09\/2024-09-22-Sijena-SI-en-Femoga-Sarinena-3.jpg\" alt=\"\" class=\"wp-image-5290\" srcset=\"https:\/\/sijenasi.com\/wp-content\/uploads\/2024\/09\/2024-09-22-Sijena-SI-en-Femoga-Sarinena-3.jpg 1024w, https:\/\/sijenasi.com\/wp-content\/uploads\/2024\/09\/2024-09-22-Sijena-SI-en-Femoga-Sarinena-3-300x199.jpg 300w, https:\/\/sijenasi.com\/wp-content\/uploads\/2024\/09\/2024-09-22-Sijena-SI-en-Femoga-Sarinena-3-768x510.jpg 768w\" sizes=\"auto, (max-width: 1024px) 100vw, 1024px\" \/><\/figure>\n\n\n\n<figure class=\"wp-block-image size-large\"><img loading=\"lazy\" decoding=\"async\" width=\"1024\" height=\"680\" data-id=\"5291\" src=\"https:\/\/sijenasi.com\/wp-content\/uploads\/2024\/09\/2024-09-22-Sijena-SI-en-Femoga-Sarinena-4.jpg\" alt=\"\" class=\"wp-image-5291\" srcset=\"https:\/\/sijenasi.com\/wp-content\/uploads\/2024\/09\/2024-09-22-Sijena-SI-en-Femoga-Sarinena-4.jpg 1024w, https:\/\/sijenasi.com\/wp-content\/uploads\/2024\/09\/2024-09-22-Sijena-SI-en-Femoga-Sarinena-4-300x199.jpg 300w, https:\/\/sijenasi.com\/wp-content\/uploads\/2024\/09\/2024-09-22-Sijena-SI-en-Femoga-Sarinena-4-768x510.jpg 768w\" sizes=\"auto, (max-width: 1024px) 100vw, 1024px\" \/><\/figure>\n\n\n\n<figure class=\"wp-block-image size-large\"><img loading=\"lazy\" decoding=\"async\" width=\"1024\" height=\"680\" data-id=\"5288\" src=\"https:\/\/sijenasi.com\/wp-content\/uploads\/2024\/09\/2024-09-22-Sijena-SI-en-Femoga-Sarinena-5.jpg\" alt=\"\" class=\"wp-image-5288\" srcset=\"https:\/\/sijenasi.com\/wp-content\/uploads\/2024\/09\/2024-09-22-Sijena-SI-en-Femoga-Sarinena-5.jpg 1024w, https:\/\/sijenasi.com\/wp-content\/uploads\/2024\/09\/2024-09-22-Sijena-SI-en-Femoga-Sarinena-5-300x199.jpg 300w, https:\/\/sijenasi.com\/wp-content\/uploads\/2024\/09\/2024-09-22-Sijena-SI-en-Femoga-Sarinena-5-768x510.jpg 768w\" sizes=\"auto, (max-width: 1024px) 100vw, 1024px\" \/><\/figure>\n\n\n\n<figure class=\"wp-block-image size-large\"><img loading=\"lazy\" decoding=\"async\" width=\"1024\" height=\"680\" data-id=\"5289\" src=\"https:\/\/sijenasi.com\/wp-content\/uploads\/2024\/09\/2024-09-22-Sijena-SI-en-Femoga-Sarinena-6.jpg\" alt=\"\" class=\"wp-image-5289\" srcset=\"https:\/\/sijenasi.com\/wp-content\/uploads\/2024\/09\/2024-09-22-Sijena-SI-en-Femoga-Sarinena-6.jpg 1024w, https:\/\/sijenasi.com\/wp-content\/uploads\/2024\/09\/2024-09-22-Sijena-SI-en-Femoga-Sarinena-6-300x199.jpg 300w, https:\/\/sijenasi.com\/wp-content\/uploads\/2024\/09\/2024-09-22-Sijena-SI-en-Femoga-Sarinena-6-768x510.jpg 768w\" sizes=\"auto, (max-width: 1024px) 100vw, 1024px\" \/><\/figure>\n\n\n\n<figure class=\"wp-block-image size-large\"><img loading=\"lazy\" decoding=\"async\" width=\"1024\" height=\"680\" data-id=\"5287\" src=\"https:\/\/sijenasi.com\/wp-content\/uploads\/2024\/09\/2024-09-22-Sijena-SI-en-Femoga-Sarinena-7.jpg\" alt=\"\" class=\"wp-image-5287\" srcset=\"https:\/\/sijenasi.com\/wp-content\/uploads\/2024\/09\/2024-09-22-Sijena-SI-en-Femoga-Sarinena-7.jpg 1024w, https:\/\/sijenasi.com\/wp-content\/uploads\/2024\/09\/2024-09-22-Sijena-SI-en-Femoga-Sarinena-7-300x199.jpg 300w, https:\/\/sijenasi.com\/wp-content\/uploads\/2024\/09\/2024-09-22-Sijena-SI-en-Femoga-Sarinena-7-768x510.jpg 768w\" sizes=\"auto, (max-width: 1024px) 100vw, 1024px\" \/><\/figure>\n\n\n\n<figure class=\"wp-block-image size-large\"><img loading=\"lazy\" decoding=\"async\" width=\"1024\" height=\"683\" data-id=\"5284\" src=\"https:\/\/sijenasi.com\/wp-content\/uploads\/2024\/09\/2024-09-22-Sijena-SI-en-Femoga-Sarinena-8.jpg\" alt=\"\" class=\"wp-image-5284\" srcset=\"https:\/\/sijenasi.com\/wp-content\/uploads\/2024\/09\/2024-09-22-Sijena-SI-en-Femoga-Sarinena-8.jpg 1024w, https:\/\/sijenasi.com\/wp-content\/uploads\/2024\/09\/2024-09-22-Sijena-SI-en-Femoga-Sarinena-8-300x200.jpg 300w, https:\/\/sijenasi.com\/wp-content\/uploads\/2024\/09\/2024-09-22-Sijena-SI-en-Femoga-Sarinena-8-768x512.jpg 768w\" sizes=\"auto, (max-width: 1024px) 100vw, 1024px\" \/><\/figure>\n\n\n\n<figure class=\"wp-block-image size-large\"><img loading=\"lazy\" decoding=\"async\" width=\"1024\" height=\"663\" data-id=\"5285\" src=\"https:\/\/sijenasi.com\/wp-content\/uploads\/2024\/09\/2024-09-22-Sijena-SI-en-Femoga-Sarinena-9.jpg\" alt=\"\" class=\"wp-image-5285\" srcset=\"https:\/\/sijenasi.com\/wp-content\/uploads\/2024\/09\/2024-09-22-Sijena-SI-en-Femoga-Sarinena-9.jpg 1024w, https:\/\/sijenasi.com\/wp-content\/uploads\/2024\/09\/2024-09-22-Sijena-SI-en-Femoga-Sarinena-9-300x194.jpg 300w, https:\/\/sijenasi.com\/wp-content\/uploads\/2024\/09\/2024-09-22-Sijena-SI-en-Femoga-Sarinena-9-768x497.jpg 768w\" sizes=\"auto, (max-width: 1024px) 100vw, 1024px\" \/><\/figure>\n<\/figure>\n\n\n\n<p><strong>Ecos en los medios:<\/strong><\/p>\n\n\n\n<ul class=\"wp-block-list\">\n<li>Cadena SER: <a href=\"https:\/\/cadenaser.com\/aragon\/2024\/09\/23\/sijena-si-recoge-cientos-de-firmas-en-femoga-contra-la-ubicacion-del-proyecto-eolico-octante-radio-huesca\/\" data-type=\"link\" data-id=\"https:\/\/cadenaser.com\/aragon\/2024\/09\/23\/sijena-si-recoge-cientos-de-firmas-en-femoga-contra-la-ubicacion-del-proyecto-eolico-octante-radio-huesca\/\" target=\"_blank\" rel=\"noreferrer noopener\">Sijena S\u00ed recoge cientos de firmas en FEMOGA contra la ubicaci\u00f3n del proyecto e\u00f3lico Octante<\/a><\/li>\n\n\n\n<li>Moncloa: <a href=\"https:\/\/www.moncloa.com\/2024\/09\/24\/sijena-oposicion-parque-eolico-2880233\/\" data-type=\"link\" data-id=\"https:\/\/www.moncloa.com\/2024\/09\/24\/sijena-oposicion-parque-eolico-2880233\/\" target=\"_blank\" rel=\"noreferrer noopener\">Cientos de firmas respaldan la oposici\u00f3n de Sijena S\u00ed al parque e\u00f3lico cerca del monasterio del siglo XII<\/a><\/li>\n\n\n\n<li>Europa Press: <a href=\"https:\/\/www.europapress.es\/aragon\/noticia-sijena-si-recoge-cientos-firmas-contra-ubicacion-proyecto-eolico-octante-cerca-monasterio-siglo-xii-20240924085952.html\" data-type=\"link\" data-id=\"https:\/\/www.europapress.es\/aragon\/noticia-sijena-si-recoge-cientos-firmas-contra-ubicacion-proyecto-eolico-octante-cerca-monasterio-siglo-xii-20240924085952.html\" target=\"_blank\" rel=\"noreferrer noopener\">Sijena S\u00ed recoge cientos de firmas contra la ubicaci\u00f3n del proyecto e\u00f3lico Octante cerca del monasterio del siglo XII<\/a><\/li>\n\n\n\n<li>El Diario de Huesca: <a href=\"https:\/\/www.eldiariodehuesca.com\/cultura\/sijena-si-recoge-cientos-firmas-en-femoga-contra-proyecto-octante-aerogeneradores_24829_102\/2234230.html\" data-type=\"link\" data-id=\"https:\/\/www.eldiariodehuesca.com\/cultura\/sijena-si-recoge-cientos-firmas-en-femoga-contra-proyecto-octante-aerogeneradores_24829_102\/2234230.html\" target=\"_blank\" rel=\"noreferrer noopener\">Sijena S\u00ed recoge cientos de firmas en Femoga contra el proyecto Octante de aerogeneradores<\/a><\/li>\n\n\n\n<li>Diario del Altoarag\u00f3n: <a href=\"https:\/\/www.diariodelaltoaragon.es\/noticias\/comarcas\/monegros\/2024\/09\/24\/sijena-si-recoge-firmas-contra-el-proyecto-eolico-1764696-daa.html\" data-type=\"link\" data-id=\"https:\/\/www.diariodelaltoaragon.es\/noticias\/comarcas\/monegros\/2024\/09\/24\/sijena-si-recoge-firmas-contra-el-proyecto-eolico-1764696-daa.html\" target=\"_blank\" rel=\"noreferrer noopener\">Sijena S\u00ed recoge firmas contra el proyecto e\u00f3lico Octante cerca del monasterio<\/a><\/li>\n\n\n\n<li>Heraldo de Arag\u00f3n: <a href=\"https:\/\/www.heraldo.es\/noticias\/aragon\/2024\/09\/24\/recogen-cientos-de-firmas-contra-la-ubicacion-molinos-eolicos-cerca-del-monasterio-de-sijena-1764659.html\" data-type=\"link\" data-id=\"https:\/\/www.heraldo.es\/noticias\/aragon\/2024\/09\/24\/recogen-cientos-de-firmas-contra-la-ubicacion-molinos-eolicos-cerca-del-monasterio-de-sijena-1764659.html\" target=\"_blank\" rel=\"noreferrer noopener\">Recogen cientos de firmas contra la ubicaci\u00f3n molinos e\u00f3licos cerca del monasterio de Sijena<\/a><\/li>\n\n\n\n<li>Cantabria Econ\u00f3mica: <a href=\"https:\/\/www.cantabriaeconomica.com\/la-economia-hoy\/sijena-si-recoge-cientos-de-firmas-contra-la-ubicacion-del-proyecto-eolico-octante-cerca-del-monasterio-del-siglo-xii\/\" data-type=\"link\" data-id=\"https:\/\/www.cantabriaeconomica.com\/la-economia-hoy\/sijena-si-recoge-cientos-de-firmas-contra-la-ubicacion-del-proyecto-eolico-octante-cerca-del-monasterio-del-siglo-xii\/\" target=\"_blank\" rel=\"noreferrer noopener\">Sijena S\u00ed recoge cientos de firmas contra la ubicaci\u00f3n del proyecto e\u00f3lico Octante cerca del monasterio del siglo XII<\/a><\/li>\n<\/ul>\n\n\n\n<p><\/p>\n","protected":false},"excerpt":{"rendered":"<p>Durante el pasado fin se semana hemos recogido cientos de firmas en la feria FEMOGA de Sari\u00f1ena, donde colocamos una mesa informativa desde la que concienciar a la ciudadan\u00eda de Los Monegros y otras zonas del peligro que supondr\u00eda para el futuro de Sijena la instalaci\u00f3n del proyecto Octante con el que la empresa Forestalia [&hellip;]<\/p>\n","protected":false},"author":1,"featured_media":0,"comment_status":"open","ping_status":"open","sticky":false,"template":"","format":"standard","meta":{"ngg_post_thumbnail":0,"_jetpack_memberships_contains_paid_content":false,"footnotes":""},"categories":[27],"tags":[],"class_list":["post-5281","post","type-post","status-publish","format-standard","hentry","category-plataforma-sijena-si"],"jetpack_featured_media_url":"","jetpack_sharing_enabled":true,"_links":{"self":[{"href":"https:\/\/sijenasi.com\/index.php\/wp-json\/wp\/v2\/posts\/5281","targetHints":{"allow":["GET"]}}],"collection":[{"href":"https:\/\/sijenasi.com\/index.php\/wp-json\/wp\/v2\/posts"}],"about":[{"href":"https:\/\/sijenasi.com\/index.php\/wp-json\/wp\/v2\/types\/post"}],"author":[{"embeddable":true,"href":"https:\/\/sijenasi.com\/index.php\/wp-json\/wp\/v2\/users\/1"}],"replies":[{"embeddable":true,"href":"https:\/\/sijenasi.com\/index.php\/wp-json\/wp\/v2\/comments?post=5281"}],"version-history":[{"count":1,"href":"https:\/\/sijenasi.com\/index.php\/wp-json\/wp\/v2\/posts\/5281\/revisions"}],"predecessor-version":[{"id":5292,"href":"https:\/\/sijenasi.com\/index.php\/wp-json\/wp\/v2\/posts\/5281\/revisions\/5292"}],"wp:attachment":[{"href":"https:\/\/sijenasi.com\/index.php\/wp-json\/wp\/v2\/media?parent=5281"}],"wp:term":[{"taxonomy":"category","embeddable":true,"href":"https:\/\/sijenasi.com\/index.php\/wp-json\/wp\/v2\/categories?post=5281"},{"taxonomy":"post_tag","embeddable":true,"href":"https:\/\/sijenasi.com\/index.php\/wp-json\/wp\/v2\/tags?post=5281"}],"curies":[{"name":"wp","href":"https:\/\/api.w.org\/{rel}","templated":true}]}}