{"id":5268,"date":"2024-09-13T20:25:56","date_gmt":"2024-09-13T19:25:56","guid":{"rendered":"https:\/\/sijenasi.com\/?p=5268"},"modified":"2024-09-13T20:27:38","modified_gmt":"2024-09-13T19:27:38","slug":"un-millar-de-personas-redescubren-el-pasado-musical-de-sijena","status":"publish","type":"post","link":"https:\/\/sijenasi.com\/index.php\/2024\/09\/13\/un-millar-de-personas-redescubren-el-pasado-musical-de-sijena\/","title":{"rendered":"Un millar de personas redescubren el pasado musical de Sijena"},"content":{"rendered":"\n<figure class=\"wp-block-image size-full\"><img loading=\"lazy\" decoding=\"async\" width=\"1024\" height=\"680\" src=\"https:\/\/sijenasi.com\/wp-content\/uploads\/2024\/09\/2024-08-25-Festival-Musica-Antigua-Sijena-Concierto-Les-Satires-1.jpg\" alt=\"\" class=\"wp-image-5271\" srcset=\"https:\/\/sijenasi.com\/wp-content\/uploads\/2024\/09\/2024-08-25-Festival-Musica-Antigua-Sijena-Concierto-Les-Satires-1.jpg 1024w, https:\/\/sijenasi.com\/wp-content\/uploads\/2024\/09\/2024-08-25-Festival-Musica-Antigua-Sijena-Concierto-Les-Satires-1-300x199.jpg 300w, https:\/\/sijenasi.com\/wp-content\/uploads\/2024\/09\/2024-08-25-Festival-Musica-Antigua-Sijena-Concierto-Les-Satires-1-768x510.jpg 768w\" sizes=\"auto, (max-width: 1024px) 100vw, 1024px\" \/><\/figure>\n\n\n\n<p>El pasado fin de semana se completaron los diecis\u00e9is conciertos programados para el <strong><a href=\"https:\/\/sijenasi.com\/index.php\/2024\/07\/24\/i-festival-de-musica-antigua-monasterio-de-sijena\/\" data-type=\"link\" data-id=\"https:\/\/sijenasi.com\/index.php\/2024\/07\/24\/i-festival-de-musica-antigua-monasterio-de-sijena\/\" target=\"_blank\" rel=\"noreferrer noopener\">I Festival Internacional de M\u00fasica Antigua \u201cMonasterio de Sijena\u201d<\/a><\/strong>.<\/p>\n\n\n\n<p>La idea del I Festival Internacional de M\u00fasica&nbsp;Antigua&nbsp;\u201cMonasterio de Sijena\u201d surgi\u00f3 en 2022 gracias a la colaboraci\u00f3n entre la <strong>Asociaci\u00f3n Patrimonio Sonoro y la Plataforma Sijena S\u00ed<\/strong>. Se present\u00f3 un proyecto con tal nombre al Gobierno de Arag\u00f3n para que la celebraci\u00f3n del A\u00f1o de Sijena 2023 fuera el lanzamiento de un festival que tuviera una continuidad anual. Sin embargo, la Direcci\u00f3n General de Patrimonio prefiri\u00f3 hacer tres conciertos sueltos, los cuales contaron con una excelente calidad y participaci\u00f3n. El proyecto original aspiraba, no obstante, a sentar las bases para convertir este festival en un referente internacional, y es por ello que ambas asociaciones han conseguido que este proyecto echara andar este verano gracias al <strong>apoyo entusiasta de la Orden de Malta y los ayuntamientos de Villanueva de Sijena, Sari\u00f1ena y Sena<\/strong>.<\/p>\n\n\n<div class=\"wp-block-image\">\n<figure class=\"aligncenter size-large\"><img loading=\"lazy\" decoding=\"async\" width=\"1024\" height=\"599\" src=\"https:\/\/sijenasi.com\/wp-content\/uploads\/2024\/09\/2024-09-07-I-Festival-Musica-Antigua-en-Sijena-4-1024x599.jpg\" alt=\"\" class=\"wp-image-5274\" srcset=\"https:\/\/sijenasi.com\/wp-content\/uploads\/2024\/09\/2024-09-07-I-Festival-Musica-Antigua-en-Sijena-4-1024x599.jpg 1024w, https:\/\/sijenasi.com\/wp-content\/uploads\/2024\/09\/2024-09-07-I-Festival-Musica-Antigua-en-Sijena-4-300x176.jpg 300w, https:\/\/sijenasi.com\/wp-content\/uploads\/2024\/09\/2024-09-07-I-Festival-Musica-Antigua-en-Sijena-4-768x449.jpg 768w, https:\/\/sijenasi.com\/wp-content\/uploads\/2024\/09\/2024-09-07-I-Festival-Musica-Antigua-en-Sijena-4-1536x899.jpg 1536w, https:\/\/sijenasi.com\/wp-content\/uploads\/2024\/09\/2024-09-07-I-Festival-Musica-Antigua-en-Sijena-4.jpg 1600w\" sizes=\"auto, (max-width: 1024px) 100vw, 1024px\" \/><figcaption class=\"wp-element-caption\">Gran concierto en la iglesia de Sijena<\/figcaption><\/figure>\n<\/div>\n\n\n<p>El objetivo principal del festival ha sido dar a conocer el hecho de que <strong>Sijena fue un foco importante de m\u00fasica durante siglos<\/strong>. Dado que las monjas sanjuanistas proven\u00edan todas de familias nobles hasta el siglo XIX, a las ceremonias de entrada al noviciado y de las profesiones religiosas acud\u00edan sus familiares, que llegaban con sus respectivas cortes, que inclu\u00edan a m\u00fasicos de primer nivel que ofrec\u00edan su talento en las celebraciones posteriores. Por ello en Sijena, adem\u00e1s del gregoriano y la m\u00fasica lit\u00fargica compuesta por la misma comunidad, se escuch\u00f3 siempre la mejor m\u00fasica que se interpretaba en Espa\u00f1a y Europa.<\/p>\n\n\n<div class=\"wp-block-image\">\n<figure class=\"aligncenter size-full\"><img loading=\"lazy\" decoding=\"async\" width=\"1024\" height=\"680\" src=\"https:\/\/sijenasi.com\/wp-content\/uploads\/2024\/09\/2024-08-25-Festival-Musica-Antigua-Sijena-Juan-Yzuel-Plataforma-Sijena-Si.jpg\" alt=\"\" class=\"wp-image-5270\" srcset=\"https:\/\/sijenasi.com\/wp-content\/uploads\/2024\/09\/2024-08-25-Festival-Musica-Antigua-Sijena-Juan-Yzuel-Plataforma-Sijena-Si.jpg 1024w, https:\/\/sijenasi.com\/wp-content\/uploads\/2024\/09\/2024-08-25-Festival-Musica-Antigua-Sijena-Juan-Yzuel-Plataforma-Sijena-Si-300x199.jpg 300w, https:\/\/sijenasi.com\/wp-content\/uploads\/2024\/09\/2024-08-25-Festival-Musica-Antigua-Sijena-Juan-Yzuel-Plataforma-Sijena-Si-768x510.jpg 768w\" sizes=\"auto, (max-width: 1024px) 100vw, 1024px\" \/><figcaption class=\"wp-element-caption\">Introducci\u00f3n de uno de los conciertos en las visitas guiadas<\/figcaption><\/figure>\n<\/div>\n\n\n<p>Las <strong><a href=\"http:\/\/www.sijena.com\" data-type=\"link\" data-id=\"www.sijena.com\">visitas guiadas<\/a><\/strong>, que se realizan cada dos s\u00e1bado gracias al voluntariado de la Orden de Malta, han sido en esta ocasi\u00f3n, dentro del Festival, <strong>visitas <em>musicalizadas<\/em><\/strong>. Estas, que suelen tener una duraci\u00f3n de una hora, <strong>han contado con quince minutos finales de un peque\u00f1o concierto en la misma portada de la iglesia<\/strong>. Las catorce archivoltas han supuesto un magn\u00edfico escenario tanto por su belleza fotog\u00e9nica como por la calidad del sonido que reverberaba en sus piedras, d\u00e1ndole una sonoridad espectacular. Durante los dos fines de semana, la participaci\u00f3n de visitantes se ha triplicado, asistiendo varios centenares de personas.<\/p>\n\n\n<div class=\"wp-block-image\">\n<figure class=\"aligncenter size-full\"><img loading=\"lazy\" decoding=\"async\" width=\"1024\" height=\"680\" src=\"https:\/\/sijenasi.com\/wp-content\/uploads\/2024\/09\/2024-08-24-Festival-Musica-Antigua-Sijena-Concierto-Sarinena-Camerata-Patrimonio-Sonoro-2.jpg\" alt=\"\" class=\"wp-image-5272\" srcset=\"https:\/\/sijenasi.com\/wp-content\/uploads\/2024\/09\/2024-08-24-Festival-Musica-Antigua-Sijena-Concierto-Sarinena-Camerata-Patrimonio-Sonoro-2.jpg 1024w, https:\/\/sijenasi.com\/wp-content\/uploads\/2024\/09\/2024-08-24-Festival-Musica-Antigua-Sijena-Concierto-Sarinena-Camerata-Patrimonio-Sonoro-2-300x199.jpg 300w, https:\/\/sijenasi.com\/wp-content\/uploads\/2024\/09\/2024-08-24-Festival-Musica-Antigua-Sijena-Concierto-Sarinena-Camerata-Patrimonio-Sonoro-2-768x510.jpg 768w\" sizes=\"auto, (max-width: 1024px) 100vw, 1024px\" \/><figcaption class=\"wp-element-caption\">Concierto en la Iglesia del Salvador de Sari\u00f1ena<\/figcaption><\/figure>\n<\/div>\n\n\n<p class=\"has-text-align-center\">Adem\u00e1s, el festival ha querido <strong>llevar esta m\u00fasica de Sijena a localidades cercanas<\/strong>, lanzando el t\u00e9rmino <strong>\u201cTerritorio Sijena\u201d<\/strong>, con el que se quiere reivindicar la antigua zona de influencia del monasterio. En esta ocasi\u00f3n los conciertos se han quedado en <strong>Los Monegros<\/strong> (Sari\u00f1ena, Villanueva de Sijena y Sena), pero se espera ampliar la oferta en futuras ediciones a localidades del <strong>Cinca, Somontano y Hoya de Huesca<\/strong>. As\u00ed, hubo conciertos en la iglesia de Sari\u00f1ena, la Residencia de mayores de esta localidad y el Centro Cultural de Sena que contaron con un p\u00fablico entregado de medio millar de personas.<\/p>\n\n\n<div class=\"wp-block-image\">\n<figure class=\"aligncenter size-full\"><img loading=\"lazy\" decoding=\"async\" width=\"1024\" height=\"680\" src=\"https:\/\/sijenasi.com\/wp-content\/uploads\/2024\/09\/2024-08-25-Festival-Musica-Antigua-Sijena-Residencia-mayores-de-Sarinena.jpg\" alt=\"\" class=\"wp-image-5273\" srcset=\"https:\/\/sijenasi.com\/wp-content\/uploads\/2024\/09\/2024-08-25-Festival-Musica-Antigua-Sijena-Residencia-mayores-de-Sarinena.jpg 1024w, https:\/\/sijenasi.com\/wp-content\/uploads\/2024\/09\/2024-08-25-Festival-Musica-Antigua-Sijena-Residencia-mayores-de-Sarinena-300x199.jpg 300w, https:\/\/sijenasi.com\/wp-content\/uploads\/2024\/09\/2024-08-25-Festival-Musica-Antigua-Sijena-Residencia-mayores-de-Sarinena-768x510.jpg 768w\" sizes=\"auto, (max-width: 1024px) 100vw, 1024px\" \/><figcaption class=\"wp-element-caption\">Concierto en el Centro de Mayores de Sari\u00f1ena<\/figcaption><\/figure>\n<\/div>\n\n\n<p>Los asistentes a estos conciertos abiertos y gratuitos han aplaudido el gran talento de los grupos <em>Capilla Mud\u00e9jar<\/em>, <em>Camerata Patrimonio Sonoro<\/em> y <em>Les Satires<\/em>. El Festival ha contado con la participaci\u00f3n de figuras de primer nivel como Miguel Bonal (viola da gamba), Jes\u00fas P\u00e9rez (espineta) y Carlos Bonal (flautas de pico) que han aportado explicaciones musicol\u00f3gicas y han interpretado m\u00fasica renacentista y barroca espa\u00f1ola, italiana, francesa y alemana.<br><\/p>\n\n\n<div class=\"wp-block-image\">\n<figure class=\"aligncenter size-full\"><img loading=\"lazy\" decoding=\"async\" width=\"1024\" height=\"683\" src=\"https:\/\/sijenasi.com\/wp-content\/uploads\/2024\/09\/2024-08-24-Festival-Musica-Antigua-Sijena-Concierto-Sarinena-Camerata-Patrimonio-Sonoro-3.jpg\" alt=\"\" class=\"wp-image-5275\" srcset=\"https:\/\/sijenasi.com\/wp-content\/uploads\/2024\/09\/2024-08-24-Festival-Musica-Antigua-Sijena-Concierto-Sarinena-Camerata-Patrimonio-Sonoro-3.jpg 1024w, https:\/\/sijenasi.com\/wp-content\/uploads\/2024\/09\/2024-08-24-Festival-Musica-Antigua-Sijena-Concierto-Sarinena-Camerata-Patrimonio-Sonoro-3-300x200.jpg 300w, https:\/\/sijenasi.com\/wp-content\/uploads\/2024\/09\/2024-08-24-Festival-Musica-Antigua-Sijena-Concierto-Sarinena-Camerata-Patrimonio-Sonoro-3-768x512.jpg 768w\" sizes=\"auto, (max-width: 1024px) 100vw, 1024px\" \/><figcaption class=\"wp-element-caption\"><em>Camerata Patrimonio Sonoro<\/em> en el concierto de Sari\u00f1ena<\/figcaption><\/figure>\n<\/div>\n\n\n<p>Dado el \u00e9xito de esta primera edici\u00f3n, las entidades colaboradoras sopesan ya organizar la siguiente para que la semilla sembrada crezca y d\u00e9 mucho fruto, especialmente cuando el monasterio vuelva a contar con una comunidad religiosa, regresen las pinturas de la sala capitular y se pueda visitar por fin la zona expositiva. Sijena recobrar\u00e1 as\u00ed, adem\u00e1s de sus dimensiones espiritual, hist\u00f3rica y art\u00edstica, su bello pasado musical.<\/p>\n\n\n<div class=\"wp-block-image\">\n<figure class=\"aligncenter size-large\"><img loading=\"lazy\" decoding=\"async\" width=\"1024\" height=\"507\" src=\"https:\/\/sijenasi.com\/wp-content\/uploads\/2024\/09\/Imagen-de-WhatsApp-2024-09-08-a-las-18.17.48_625109d7-1024x507.jpg\" alt=\"\" class=\"wp-image-5276\" srcset=\"https:\/\/sijenasi.com\/wp-content\/uploads\/2024\/09\/Imagen-de-WhatsApp-2024-09-08-a-las-18.17.48_625109d7-1024x507.jpg 1024w, https:\/\/sijenasi.com\/wp-content\/uploads\/2024\/09\/Imagen-de-WhatsApp-2024-09-08-a-las-18.17.48_625109d7-300x149.jpg 300w, https:\/\/sijenasi.com\/wp-content\/uploads\/2024\/09\/Imagen-de-WhatsApp-2024-09-08-a-las-18.17.48_625109d7-768x381.jpg 768w, https:\/\/sijenasi.com\/wp-content\/uploads\/2024\/09\/Imagen-de-WhatsApp-2024-09-08-a-las-18.17.48_625109d7-1536x761.jpg 1536w, https:\/\/sijenasi.com\/wp-content\/uploads\/2024\/09\/Imagen-de-WhatsApp-2024-09-08-a-las-18.17.48_625109d7-2048x1015.jpg 2048w\" sizes=\"auto, (max-width: 1024px) 100vw, 1024px\" \/><figcaption class=\"wp-element-caption\">Concierto de espineta con <em>Capilla Mud\u00e9jar<\/em> en el Centro Cultural de Sena<\/figcaption><\/figure>\n<\/div>\n\n\n<p><strong>Eco en los medios de comunicaci\u00f3n:<\/strong><\/p>\n\n\n\n<ul class=\"wp-block-list\">\n<li><em>La Vanguardia<\/em>: <a href=\"https:\/\/www.lavanguardia.com\/cultura\/20240909\/9927034\/millar-personas-redescubren-esplendor-musical-monasterio-sijena-huesca-ep-agenciaslv20240909.html\" data-type=\"link\" data-id=\"https:\/\/www.lavanguardia.com\/cultura\/20240909\/9927034\/millar-personas-redescubren-esplendor-musical-monasterio-sijena-huesca-ep-agenciaslv20240909.html\" target=\"_blank\" rel=\"noreferrer noopener\">Un millar de personas redescubren el esplendor musical del Monasterio de Sijena (Huesca)<\/a><\/li>\n\n\n\n<li><em>El diario de Huesca<\/em>: <a href=\"https:\/\/www.eldiariodehuesca.com\/cultura\/mision-cumplida-monasterio-sijena-redescubre-su-esplendor-musical-antano_24374_102.html\" data-type=\"link\" data-id=\"https:\/\/www.eldiariodehuesca.com\/cultura\/mision-cumplida-monasterio-sijena-redescubre-su-esplendor-musical-antano_24374_102.html\" target=\"_blank\" rel=\"noreferrer noopener\">Misi\u00f3n cumplida: el Monasterio de Sijena redescubre su esplendor musical de anta\u00f1o<\/a><\/li>\n<\/ul>\n\n\n\n<p><\/p>\n","protected":false},"excerpt":{"rendered":"<p>El pasado fin de semana se completaron los diecis\u00e9is conciertos programados para el I Festival Internacional de M\u00fasica Antigua \u201cMonasterio de Sijena\u201d. La idea del I Festival Internacional de M\u00fasica&nbsp;Antigua&nbsp;\u201cMonasterio de Sijena\u201d surgi\u00f3 en 2022 gracias a la colaboraci\u00f3n entre la Asociaci\u00f3n Patrimonio Sonoro y la Plataforma Sijena S\u00ed. Se present\u00f3 un proyecto con tal [&hellip;]<\/p>\n","protected":false},"author":1,"featured_media":0,"comment_status":"open","ping_status":"open","sticky":false,"template":"","format":"standard","meta":{"ngg_post_thumbnail":0,"_jetpack_memberships_contains_paid_content":false,"footnotes":""},"categories":[2,460],"tags":[464,465,461,463,304],"class_list":["post-5268","post","type-post","status-publish","format-standard","hentry","category-acciones","category-festival-internacional-de-musica-antigua","tag-camerata-patrimonio-sonoro","tag-capilla-mudejar","tag-festival-internacional-de-musica-antigua","tag-les-satires","tag-monasterio-de-sijena"],"jetpack_featured_media_url":"","jetpack_sharing_enabled":true,"_links":{"self":[{"href":"https:\/\/sijenasi.com\/index.php\/wp-json\/wp\/v2\/posts\/5268","targetHints":{"allow":["GET"]}}],"collection":[{"href":"https:\/\/sijenasi.com\/index.php\/wp-json\/wp\/v2\/posts"}],"about":[{"href":"https:\/\/sijenasi.com\/index.php\/wp-json\/wp\/v2\/types\/post"}],"author":[{"embeddable":true,"href":"https:\/\/sijenasi.com\/index.php\/wp-json\/wp\/v2\/users\/1"}],"replies":[{"embeddable":true,"href":"https:\/\/sijenasi.com\/index.php\/wp-json\/wp\/v2\/comments?post=5268"}],"version-history":[{"count":3,"href":"https:\/\/sijenasi.com\/index.php\/wp-json\/wp\/v2\/posts\/5268\/revisions"}],"predecessor-version":[{"id":5279,"href":"https:\/\/sijenasi.com\/index.php\/wp-json\/wp\/v2\/posts\/5268\/revisions\/5279"}],"wp:attachment":[{"href":"https:\/\/sijenasi.com\/index.php\/wp-json\/wp\/v2\/media?parent=5268"}],"wp:term":[{"taxonomy":"category","embeddable":true,"href":"https:\/\/sijenasi.com\/index.php\/wp-json\/wp\/v2\/categories?post=5268"},{"taxonomy":"post_tag","embeddable":true,"href":"https:\/\/sijenasi.com\/index.php\/wp-json\/wp\/v2\/tags?post=5268"}],"curies":[{"name":"wp","href":"https:\/\/api.w.org\/{rel}","templated":true}]}}