{"id":5255,"date":"2024-07-24T09:44:28","date_gmt":"2024-07-24T08:44:28","guid":{"rendered":"https:\/\/sijenasi.com\/?p=5255"},"modified":"2024-08-22T12:38:28","modified_gmt":"2024-08-22T11:38:28","slug":"i-festival-de-musica-antigua-monasterio-de-sijena","status":"publish","type":"post","link":"https:\/\/sijenasi.com\/index.php\/2024\/07\/24\/i-festival-de-musica-antigua-monasterio-de-sijena\/","title":{"rendered":"I Festival Internacional de M\u00fasica Antigua \u00abMonasterio de Sijena\u00bb"},"content":{"rendered":"\n<figure class=\"wp-block-image size-large\"><img loading=\"lazy\" decoding=\"async\" width=\"1024\" height=\"683\" src=\"https:\/\/sijenasi.com\/wp-content\/uploads\/2024\/07\/Patrimonio-Sonoro-Camerata-1024x683.jpg\" alt=\"\" class=\"wp-image-5256\" srcset=\"https:\/\/sijenasi.com\/wp-content\/uploads\/2024\/07\/Patrimonio-Sonoro-Camerata-1024x683.jpg 1024w, https:\/\/sijenasi.com\/wp-content\/uploads\/2024\/07\/Patrimonio-Sonoro-Camerata-300x200.jpg 300w, https:\/\/sijenasi.com\/wp-content\/uploads\/2024\/07\/Patrimonio-Sonoro-Camerata-768x512.jpg 768w, https:\/\/sijenasi.com\/wp-content\/uploads\/2024\/07\/Patrimonio-Sonoro-Camerata-1536x1024.jpg 1536w, https:\/\/sijenasi.com\/wp-content\/uploads\/2024\/07\/Patrimonio-Sonoro-Camerata-2048x1366.jpg 2048w\" sizes=\"auto, (max-width: 1024px) 100vw, 1024px\" \/><\/figure>\n\n\n\n<p>La <strong>Asociaci\u00f3n Patrimonio Sonoro<\/strong>, con la colaboraci\u00f3n del <strong>Gobierno de Arag\u00f3n<\/strong>, la <strong>Orden de Malta<\/strong>, los <strong>ayuntamientos de Villanueva de Sijena, Sena y Sari\u00f1ena<\/strong>, y la <strong>Plataforma Sijena S\u00ed<\/strong>, est\u00e1n organizando el I Festival Internacional de M\u00fasica Antigua \u201cMonasterio de Sijena\u201d.<\/p>\n\n\n\n<p>Se tiene constancia de que en los monasterios de clausura \u2014tal y como ocurriera en las principales catedrales y colegiatas aragonesas y espa\u00f1olas\u2014 se estudiaba, se interpretaba y se compon\u00eda la mejor m\u00fasica de la \u00e9poca, y a ellos llegaban los m\u00e1s selectos g\u00e9neros de toda Europa. M\u00fasica de otro tiempo, repleta de contenido ret\u00f3rico, compleja, pero a la vez certera en el tratamiento de circunstancias presentes en la vida de toda persona, que escucharon aquellas mujeres que trabajaron y gestionaron el monasterio de Sijena durante siglos en un espacio de gran valor patrimonial. M\u00fasica y patrimonio son la conjunci\u00f3n perfecta para poner de relieve uno de lugares m\u00e1s importantes de nuestra comunidad aut\u00f3noma, de nuestra historia e identidad como aragoneses, a trav\u00e9s de un repertorio seleccionado en funci\u00f3n de criterios ac\u00fasticos e hist\u00f3ricos que ofrecer\u00e1 una experiencia art\u00edstica completa.<\/p>\n\n\n\n<p>El festival, que se plante\u00f3 ya para la celebraci\u00f3n del A\u00f1o de Sijena, pretende tener una continuidad anual y tiene por misi\u00f3n acercar la m\u00fasica antigua de diversas \u00e9pocas a todo el territorio cercano a Sijena, lo que se quiere denominar <strong>\u201cTerritorio Sijena\u201d<\/strong>, que incluir\u00e1 en futuras ediciones no solo la comarca de Los Monegros, sino las comarcas del Bajo Cinca, el Somontano, la di\u00f3cesis de Barbastro-Monz\u00f3n, etc. Adem\u00e1s, se pretende llegar a personas mayores que no pueden desplazarse hasta el monasterio.<\/p>\n\n\n<div class=\"wp-block-image\">\n<figure class=\"aligncenter size-large\"><img loading=\"lazy\" decoding=\"async\" width=\"724\" height=\"1024\" src=\"https:\/\/sijenasi.com\/wp-content\/uploads\/2024\/07\/I-Festival-Internacional-de-Musica-Antigua-Monasterio-de-Sijena-724x1024.jpg\" alt=\"\" class=\"wp-image-5265\" srcset=\"https:\/\/sijenasi.com\/wp-content\/uploads\/2024\/07\/I-Festival-Internacional-de-Musica-Antigua-Monasterio-de-Sijena-724x1024.jpg 724w, https:\/\/sijenasi.com\/wp-content\/uploads\/2024\/07\/I-Festival-Internacional-de-Musica-Antigua-Monasterio-de-Sijena-212x300.jpg 212w, https:\/\/sijenasi.com\/wp-content\/uploads\/2024\/07\/I-Festival-Internacional-de-Musica-Antigua-Monasterio-de-Sijena-768x1086.jpg 768w, https:\/\/sijenasi.com\/wp-content\/uploads\/2024\/07\/I-Festival-Internacional-de-Musica-Antigua-Monasterio-de-Sijena-1086x1536.jpg 1086w, https:\/\/sijenasi.com\/wp-content\/uploads\/2024\/07\/I-Festival-Internacional-de-Musica-Antigua-Monasterio-de-Sijena.jpg 1131w\" sizes=\"auto, (max-width: 724px) 100vw, 724px\" \/><\/figure>\n<\/div>\n\n\n<p class=\"has-text-align-center has-vivid-red-color has-text-color has-link-color has-medium-font-size wp-elements-5f24c12b289fc30f5f59a8ece360f40d\"><strong>PROGRAMA abierto y gratuito:<\/strong><\/p>\n\n\n\n<p><strong>24 de agosto, s\u00e1bado<\/strong><\/p>\n\n\n\n<p>Conciertos a cargo de la <strong><em>Camerata Patrimonio Sonoro<\/em><\/strong>, con un programa que lleva por t\u00edtulo \u201cEvocaciones instrumentales, entre Espa\u00f1a e Italia (ss. XVI-XVIII)\u201d.<\/p>\n\n\n\n<p>Ma\u00f1ana: Visitas musicalizadas durante toda la ma\u00f1ana en el <strong>Real Monasterio Sijena (Villanueva de Sijena).<\/strong> Los visitantes de monasterio, adem\u00e1s de la atenci\u00f3n del voluntariado de la Orden de Malta, podr\u00e1n gozar de peque\u00f1os conciertos al final de cada visita. Visitas: 10:30 \/ 11:30 \/ 12:30. Para reservar gratuitamente: www.sijena.com<\/p>\n\n\n\n<p>Tarde: Concierto en la <strong>iglesia parroquial de Sari\u00f1ena<\/strong>, a las 9 de la tarde.<\/p>\n\n\n\n<p><strong>25 de agosto, domingo<\/strong><\/p>\n\n\n\n<p>Conciertos a cargo de <strong><em>Les Satires<\/em><\/strong>, con un programa titulado \u201cEntre lo divino y humano: sones dieciochescos, cantos populares, fusiones y sinergias entre la M\u00fasica Antigua y el Folclore Aragon\u00e9s\u201d.<\/p>\n\n\n\n<p>Ma\u00f1ana: Visitas musicalizadas durante toda la ma\u00f1ana en el <strong>Real Monasterio Sijena (Villanueva de Sijena)<\/strong>. Dos turnos: 11:15 \/ 12:15. Para reservar gratuitamente: www.sijena.com<\/p>\n\n\n\n<p>Tarde: Concierto de la <strong><em>Camerata Patrimonio Sonoro<\/em><\/strong>en la <strong>Residencia de la Tercera Edad de Sari\u00f1ena<\/strong>, a las 17:30 h., con el programa \u201cEvocaciones instrumentales, entre Espa\u00f1a e Italia (ss. XVI-XVIII), con anejo del Cancionero Popular de la Provincia de Huesca\u201d.<\/p>\n\n\n\n<p><strong>7 de septiembre, s\u00e1bado<\/strong><\/p>\n\n\n\n<p>Todo el d\u00eda: Visitas musicalizadas en el <strong>Real Monasterio Sijena (Villanueva de Sijena),<\/strong> Visitas: 10:30 \/ 11:30 \/ 12:30 \/ 17:15 \/ 18:15 Para reservar gratuitamente: www.sijena.com. Conciertos a cargo de la <strong><em>Capilla <\/em>Mud\u00e9jar<\/strong>, que presentar\u00e1n el programa \u201cM\u00fasica instrumental espa\u00f1ola: pervivencia de la tradici\u00f3n, novedades; hacia una primera incursi\u00f3n en el Patrimonio Musical Sijenense\u201d.<\/p>\n\n\n\n<p>Tarde: Gran concierto de <strong><em>Les Satires<\/em><\/strong> en el <strong>Real Monasterio de Sijena<\/strong> a las 8 de la tarde, bajo el t\u00edtulo \u201cM\u00fasica y texto, m\u00fasica y palabra, m\u00fasica y rezo, m\u00fasica y trabajo: sonoridades hist\u00f3ricas del Monasterio de Santa Mar\u00eda de Sijena\u201d-<\/p>\n\n\n\n<p><strong>8 de septiembre, domingo<\/strong><\/p>\n\n\n\n<p>Ma\u00f1ana: Visitas musicalizadas por la <strong><em>Camerata Patrimonio Sonoro<\/em><\/strong>, y el programa \u201c\u00c0 la mode fran\u00e7aise: m\u00fasica barroca francesa versallesca\u201d. en el <strong>Real Monasterio Sijena (Villanueva de Sijena)<\/strong>. Dos turnos: 11:15 \/ 12:15. Para reservar gratuitamente: www.sijena.com<\/p>\n\n\n\n<p>Tarde: concierto para mayores en el <strong>Sal\u00f3n Social de Sena<\/strong>, a cargo de la <strong><em>Capilla Mud\u00e9jar<\/em><\/strong>, con el programa \u201c\u00c0 la mode fran\u00e7aise: m\u00fasica barroca francesa versallesca, con anejo del Cancionero Popular de la Provincia de Huesca\u201d.<\/p>\n\n\n\n<p><\/p>\n\n\n\n<p><strong>Eco en los medios de comunicaci\u00f3n<\/strong>:<\/p>\n\n\n\n<ul class=\"wp-block-list\">\n<li>COPE: <a href=\"https:\/\/www.cope.es\/emisoras\/aragon\/huesca-provincia\/huesca\/noticias\/visitas-guiadas-musicalizadas-conciertos-festival-musica-antigua-monasterio-sijena-20240727_3418055\" data-type=\"link\" data-id=\"https:\/\/www.cope.es\/emisoras\/aragon\/huesca-provincia\/huesca\/noticias\/visitas-guiadas-musicalizadas-conciertos-festival-musica-antigua-monasterio-sijena-20240727_3418055\" target=\"_blank\" rel=\"noreferrer noopener\">Visitas guiadas musicalizadas y conciertos en eI Festival de M\u00fasica Antigua &#8216;Monasterio de Sijena&#8217;<\/a><\/li>\n\n\n\n<li>Heraldo de Arag\u00f3n: <a href=\"https:\/\/www.heraldo.es\/noticias\/aragon\/huesca\/2024\/07\/24\/organizan-festival-musica-antigua-monasterio-sijena-1751055.html\" data-type=\"link\" data-id=\"https:\/\/www.heraldo.es\/noticias\/aragon\/huesca\/2024\/07\/24\/organizan-festival-musica-antigua-monasterio-sijena-1751055.html\" target=\"_blank\" rel=\"noreferrer noopener\">Organizan un festival de m\u00fasica antigua en el monasterio de Sijena<\/a><\/li>\n\n\n\n<li>El Cruzado Aragon\u00e9s: <a href=\"https:\/\/www.elcruzado.es\/nace-el-festival-de-musica-antigua-monasterio-de-sijena\/\" data-type=\"link\" data-id=\"https:\/\/www.elcruzado.es\/nace-el-festival-de-musica-antigua-monasterio-de-sijena\/\" target=\"_blank\" rel=\"noreferrer noopener\">Nace el Festival de M\u00fasica Antigua Monasterio de Sijena<\/a><\/li>\n\n\n\n<li>Desde Monegros: <a href=\"https:\/\/www.desdemonegros.com\/organizan-un-festival-de-musica-antigua-en-el-monasterio-de-sijena\/\" data-type=\"link\" data-id=\"https:\/\/www.desdemonegros.com\/organizan-un-festival-de-musica-antigua-en-el-monasterio-de-sijena\/\" target=\"_blank\" rel=\"noreferrer noopener\">Organizan un festival de m\u00fasica antigua en el monasterio de Sijena<\/a><\/li>\n<\/ul>\n\n\n\n<p><\/p>\n","protected":false},"excerpt":{"rendered":"<p>La Asociaci\u00f3n Patrimonio Sonoro, con la colaboraci\u00f3n del Gobierno de Arag\u00f3n, la Orden de Malta, los ayuntamientos de Villanueva de Sijena, Sena y Sari\u00f1ena, y la Plataforma Sijena S\u00ed, est\u00e1n organizando el I Festival Internacional de M\u00fasica Antigua \u201cMonasterio de Sijena\u201d. Se tiene constancia de que en los monasterios de clausura \u2014tal y como ocurriera [&hellip;]<\/p>\n","protected":false},"author":1,"featured_media":0,"comment_status":"open","ping_status":"open","sticky":false,"template":"","format":"standard","meta":{"ngg_post_thumbnail":0,"_jetpack_memberships_contains_paid_content":false,"footnotes":""},"categories":[460,27],"tags":[462,116,464,465,461,463,304,334,404,406,439],"class_list":["post-5255","post","type-post","status-publish","format-standard","hentry","category-festival-internacional-de-musica-antigua","category-plataforma-sijena-si","tag-asociacion-patrimonio-sonoro","tag-ayuntamiento","tag-camerata-patrimonio-sonoro","tag-capilla-mudejar","tag-festival-internacional-de-musica-antigua","tag-les-satires","tag-monasterio-de-sijena","tag-orden-de-malta","tag-sarinena","tag-sena","tag-villanueva-de-sijena"],"jetpack_featured_media_url":"","jetpack_sharing_enabled":true,"_links":{"self":[{"href":"https:\/\/sijenasi.com\/index.php\/wp-json\/wp\/v2\/posts\/5255","targetHints":{"allow":["GET"]}}],"collection":[{"href":"https:\/\/sijenasi.com\/index.php\/wp-json\/wp\/v2\/posts"}],"about":[{"href":"https:\/\/sijenasi.com\/index.php\/wp-json\/wp\/v2\/types\/post"}],"author":[{"embeddable":true,"href":"https:\/\/sijenasi.com\/index.php\/wp-json\/wp\/v2\/users\/1"}],"replies":[{"embeddable":true,"href":"https:\/\/sijenasi.com\/index.php\/wp-json\/wp\/v2\/comments?post=5255"}],"version-history":[{"count":4,"href":"https:\/\/sijenasi.com\/index.php\/wp-json\/wp\/v2\/posts\/5255\/revisions"}],"predecessor-version":[{"id":5266,"href":"https:\/\/sijenasi.com\/index.php\/wp-json\/wp\/v2\/posts\/5255\/revisions\/5266"}],"wp:attachment":[{"href":"https:\/\/sijenasi.com\/index.php\/wp-json\/wp\/v2\/media?parent=5255"}],"wp:term":[{"taxonomy":"category","embeddable":true,"href":"https:\/\/sijenasi.com\/index.php\/wp-json\/wp\/v2\/categories?post=5255"},{"taxonomy":"post_tag","embeddable":true,"href":"https:\/\/sijenasi.com\/index.php\/wp-json\/wp\/v2\/tags?post=5255"}],"curies":[{"name":"wp","href":"https:\/\/api.w.org\/{rel}","templated":true}]}}