{"id":5009,"date":"2024-01-04T16:41:41","date_gmt":"2024-01-04T15:41:41","guid":{"rendered":"https:\/\/sijenasi.com\/?p=5009"},"modified":"2024-01-04T16:41:41","modified_gmt":"2024-01-04T15:41:41","slug":"reunion-con-la-nueva-directora-general-de-patrimonio-cultural","status":"publish","type":"post","link":"https:\/\/sijenasi.com\/index.php\/2024\/01\/04\/reunion-con-la-nueva-directora-general-de-patrimonio-cultural\/","title":{"rendered":"Reuni\u00f3n con la nueva Directora general de Patrimonio Cultural"},"content":{"rendered":"\n<figure class=\"wp-block-image size-large\"><img loading=\"lazy\" decoding=\"async\" width=\"953\" height=\"633\" src=\"https:\/\/sijenasi.com\/wp-content\/uploads\/2024\/01\/2024_01_03-16013-jys-2.jpg?w=953\" alt=\"\" class=\"wp-image-5011\" srcset=\"https:\/\/sijenasi.com\/wp-content\/uploads\/2024\/01\/2024_01_03-16013-jys-2.jpg 953w, https:\/\/sijenasi.com\/wp-content\/uploads\/2024\/01\/2024_01_03-16013-jys-2-300x199.jpg 300w, https:\/\/sijenasi.com\/wp-content\/uploads\/2024\/01\/2024_01_03-16013-jys-2-768x510.jpg 768w\" sizes=\"auto, (max-width: 953px) 100vw, 953px\" \/><\/figure>\n\n\n\n<p>La nueva <strong>Directora general de Patrimonio Cultural del Gobierno de Arag\u00f3n, Gloria P\u00e9rez Garc\u00eda<\/strong>, recibi\u00f3 ayer una delegaci\u00f3n de la Plataforma Sijena S\u00ed que fue a presentarse y a dar a conocer su valoraci\u00f3n del A\u00f1o de Sijena y sus reivindicaciones.<\/p>\n\n\n\n<p>La directora general estuvo acompa\u00f1ada por Ic\u00edar Alcal\u00e1 Prats, jefa de secci\u00f3n de Bienes Muebles de la citada direcci\u00f3n general, mientras que la Plataforma fue representada por Alfonso Salillas, Judith Budios, Francisco Villellas, Alfonso Monforte y Juan Yzuel.<\/p>\n\n\n\n<p>Los representantes de la Plataforma examinaron cada punto de la <a href=\"https:\/\/sijenasi.com\/wp-content\/uploads\/2020\/11\/boca-proposicion-no-de-ley-sijena-2023.pdf\">Proposici\u00f3n no de Ley<\/a> (PnL) que aprobaron las Cortes de Arag\u00f3n en octubre de 2020 con el fin de celebrar el A\u00f1o de Sijena. Para ello tomaron como base la <a href=\"https:\/\/sijenasi.com\/2022\/05\/03\/informamos-a-las-cortes-de-aragon-del-incumplimiento-de-la-pnl\/\">evaluaci\u00f3n<\/a> que Sijena S\u00ed present\u00f3 en su \u00faltima comparecencia ante las Cortes de Arag\u00f3n.<\/p>\n\n\n\n<p>Para comenzar, los miembros de Sijena S\u00ed <strong>valoraron positivamente las actividades que se han hecho durante este a\u00f1o<\/strong>, en especial la apertura del monasterio a otros actos de car\u00e1cter cultural e hist\u00f3rico (recreaci\u00f3n hist\u00f3rica y conciertos), eclesi\u00e1stico (el Cap\u00edtulo de la Orden de Malta) y popular (Jornada Sijena Viva), a la vez que <strong>lamentaron que no se cumpliera la apertura de la zona expositiva<\/strong> durante este a\u00f1o que el anterior gobierno prometi\u00f3 <strong>ni se haya instalado a\u00fan una nueva comunidad mon\u00e1stica<\/strong>.<\/p>\n\n\n\n<p>En su valoraci\u00f3n del 2023 volvieron a enfatizar la <strong>ausencia de un Plan Director<\/strong>, que llevan reclamando hace a\u00f1os, y pidieron a la nueva Directora que se elabore cuanto antes y no se trabaje con planes parciales que no contemplan la globalidad del proyecto. A su vez pidieron que el plan muse\u00edstico que propone la PnL se ejecute cuanto antes y se pueda abrir la zona expositiva.<\/p>\n\n\n\n<p>Tambi\u00e9n recordaron la necesidad de <strong>incluir a expertos de reconocido prestigio<\/strong> a nivel auton\u00f3mico, nacional e internacional en la elaboraci\u00f3n por parte de la ESCYRA de Huesca del protocolo de traslado e instalaci\u00f3n de las pinturas murales de Sijena.<\/p>\n\n\n\n<p>Tras subrayar la importancia de crear un <strong>patronato para Sijena<\/strong>, alertaron al Gobierno de Arag\u00f3n del <strong>posible impacto negativo que la instalaci\u00f3n de gigantescos aerogeneradores<\/strong> en la cercan\u00eda del monasterio de Sijena <strong>puede tener en la est\u00e9tica paisaj\u00edstica<\/strong> y otras dimensiones de este monumento nacional.<\/p>\n\n\n\n<p>Los participantes dieron las gracias a la directora general por recibirles pronto y por la c\u00e1lida acogida de sus inquietudes y reivindicaciones. Manifestaron su <strong>disposici\u00f3n a cooperar con el Gobierno de Arag\u00f3n<\/strong> en todo lo relacionado con <strong>el futuro de Sijena, que pasa por volver a rescatar y potenciar su doble dimensi\u00f3n: la religiosa-espiritual<\/strong> (instalaci\u00f3n de una nueva comunidad mon\u00e1stica) <strong>y la hist\u00f3rico-art\u00edstica<\/strong> (continuar con la restauraci\u00f3n del monasterio y lograr una buena gesti\u00f3n de las visitas).<\/p>\n\n\n\n<p><strong>Ecos en los medios:<\/strong><\/p>\n\n\n\n<ul class=\"wp-block-list\">\n<li>Heraldo de Arag\u00f3n: <a href=\"https:\/\/www.heraldo.es\/noticias\/aragon\/huesca\/2024\/01\/05\/sijena-si-lamenta-el-ano-y-medio-de-cierre-que-ya-acumula-la-exposicion-de-los-bienes-1701959.html\">Sijena S\u00ed lamenta el a\u00f1o y medio de cierre que ya acumula la exposici\u00f3n de los bienes<\/a><\/li>\n\n\n\n<li>Onda Cero: <a href=\"https:\/\/www.ondacerocinca.es\/2024\/01\/04\/juan-izuel-un-monasterio-vacio-pierde-atractivo-y-para-revertir-la-situacion-vamos-a-seguir-trabajando\/\">Juan<strong> <\/strong>Yzuel: \u00abUn monasterio vac\u00edo pierde atractivo y para revertir la situaci\u00f3n vamos a seguir trabajando\u00bb<\/a><\/li>\n\n\n\n<li>Europa Press: <a href=\"https:\/\/www.europapress.es\/aragon\/noticia-plataforma-sijena-si-reclama-protocolo-traslado-instalacion-pinturas-murales-monasterio-20240102161950.html\">La Plataforma Sijena S\u00ed reclama un protocolo de traslado e instalaci\u00f3n de las pinturas murales al monasterio<\/a><\/li>\n\n\n\n<li>COPE: <a href=\"https:\/\/www.cope.es\/emisoras\/aragon\/huesca-provincia\/huesca\/informativo-mediodia-en-huesca\/noticias\/sijena-reivindica-protocolo-traslado-instalacion-las-pinturas-murales-monasterio-20240103_3075309#google_vignette\">Sijena S\u00ed reivindica un protocolo de traslado e instalaci\u00f3n de las pinturas murales al monasterio<\/a><\/li>\n\n\n\n<li>Arag\u00f3n TV: <a href=\"https:\/\/www.cartv.es\/aragonnoticias\/noticias\/la-reapertura-de-la-exposicion-de-los-bienes-de-sijena-vuelve-a-retrasarse-hasta-finales-de-ano-o-principios-de-2025-22828\" target=\"_blank\" rel=\"noreferrer noopener\">La reapertura de la exposici\u00f3n de los bienes de Sijena vuelve a retrasarse hasta finales de a\u00f1o o principios de 2025<\/a><\/li>\n\n\n\n<li>Diario del Altorarag\u00f3n: <a href=\"https:\/\/www.diariodelaltoaragon.es\/noticias\/comarcas\/2024\/01\/02\/la-plataforma-sijena-si-reclama-un-protocolo-para-el-traslado-de-las-pinturas-murales-al-monasterio-1701324-daa.html\">Sijena S\u00ed reclama un protocolo para el traslado de las pinturas<\/a><\/li>\n<\/ul>\n","protected":false},"excerpt":{"rendered":"<p>La nueva Directora general de Patrimonio Cultural del Gobierno de Arag\u00f3n, Gloria P\u00e9rez Garc\u00eda, recibi\u00f3 ayer una delegaci\u00f3n de la Plataforma Sijena S\u00ed que fue a presentarse y a dar a conocer su valoraci\u00f3n del A\u00f1o de Sijena y sus reivindicaciones. La directora general estuvo acompa\u00f1ada por Ic\u00edar Alcal\u00e1 Prats, jefa de secci\u00f3n de Bienes [&hellip;]<\/p>\n","protected":false},"author":3,"featured_media":5011,"comment_status":"open","ping_status":"open","sticky":false,"template":"","format":"standard","meta":{"ngg_post_thumbnail":0,"_jetpack_memberships_contains_paid_content":false,"footnotes":""},"categories":[72,85],"tags":[180,220,304,357,413],"class_list":["post-5009","post","type-post","status-publish","format-standard","hentry","category-gobierno-de-aragon","category-plan-director","tag-direccion-general-de-patrimonio-cultural","tag-gloria-perez-garcia","tag-monasterio-de-sijena","tag-plataforma","tag-sijena-si"],"jetpack_featured_media_url":"https:\/\/sijenasi.com\/wp-content\/uploads\/2024\/01\/2024_01_03-16013-jys-2.jpg","jetpack_sharing_enabled":true,"_links":{"self":[{"href":"https:\/\/sijenasi.com\/index.php\/wp-json\/wp\/v2\/posts\/5009","targetHints":{"allow":["GET"]}}],"collection":[{"href":"https:\/\/sijenasi.com\/index.php\/wp-json\/wp\/v2\/posts"}],"about":[{"href":"https:\/\/sijenasi.com\/index.php\/wp-json\/wp\/v2\/types\/post"}],"author":[{"embeddable":true,"href":"https:\/\/sijenasi.com\/index.php\/wp-json\/wp\/v2\/users\/3"}],"replies":[{"embeddable":true,"href":"https:\/\/sijenasi.com\/index.php\/wp-json\/wp\/v2\/comments?post=5009"}],"version-history":[{"count":0,"href":"https:\/\/sijenasi.com\/index.php\/wp-json\/wp\/v2\/posts\/5009\/revisions"}],"wp:featuredmedia":[{"embeddable":true,"href":"https:\/\/sijenasi.com\/index.php\/wp-json\/wp\/v2\/media\/5011"}],"wp:attachment":[{"href":"https:\/\/sijenasi.com\/index.php\/wp-json\/wp\/v2\/media?parent=5009"}],"wp:term":[{"taxonomy":"category","embeddable":true,"href":"https:\/\/sijenasi.com\/index.php\/wp-json\/wp\/v2\/categories?post=5009"},{"taxonomy":"post_tag","embeddable":true,"href":"https:\/\/sijenasi.com\/index.php\/wp-json\/wp\/v2\/tags?post=5009"}],"curies":[{"name":"wp","href":"https:\/\/api.w.org\/{rel}","templated":true}]}}