{"id":4974,"date":"2023-10-21T23:47:00","date_gmt":"2023-10-21T22:47:00","guid":{"rendered":"https:\/\/sijenasi.com\/?p=4974"},"modified":"2023-10-21T23:47:00","modified_gmt":"2023-10-21T22:47:00","slug":"exito-de-la-ii-jornada-sijena-viva","status":"publish","type":"post","link":"https:\/\/sijenasi.com\/index.php\/2023\/10\/21\/exito-de-la-ii-jornada-sijena-viva\/","title":{"rendered":"\u00c9xito de la II Jornada Sijena Viva"},"content":{"rendered":"\n<figure class=\"wp-block-image size-large\"><img loading=\"lazy\" decoding=\"async\" width=\"880\" height=\"645\" src=\"https:\/\/sijenasi.com\/wp-content\/uploads\/2024\/01\/2023_10_21-14257-jys-1799813088-e1705937927718.jpg\" alt=\"\" class=\"wp-image-5000\" srcset=\"https:\/\/sijenasi.com\/wp-content\/uploads\/2024\/01\/2023_10_21-14257-jys-1799813088-e1705937927718.jpg 880w, https:\/\/sijenasi.com\/wp-content\/uploads\/2024\/01\/2023_10_21-14257-jys-1799813088-e1705937927718-300x220.jpg 300w, https:\/\/sijenasi.com\/wp-content\/uploads\/2024\/01\/2023_10_21-14257-jys-1799813088-e1705937927718-768x563.jpg 768w\" sizes=\"auto, (max-width: 880px) 100vw, 880px\" \/><\/figure>\n\n\n\n<p>La Orden de Malta, las Hermanas Sanjuanistas, los Ayuntamientos de Villanueva de Sijena y Sena y la Plataforma Sijena S\u00ed, junto con otras entidades colaboradoras, han llevado a cabo hoy la <strong>II Jornada \u201cSijena Viva\u201d<\/strong>, para <strong>remarcar la importancia de que Sijena vuelva a estar habitada por una congregaci\u00f3n religiosa adecuada<\/strong> y dar la oportunidad de orar por esta causa a quienes as\u00ed lo deseen en el coraz\u00f3n mismo de este magn\u00edfico enclave.<\/p>\n\n\n\n<figure class=\"wp-block-image size-large\"><img loading=\"lazy\" decoding=\"async\" width=\"1024\" height=\"680\" src=\"https:\/\/sijenasi.com\/wp-content\/uploads\/2024\/01\/2023_10_21-14135-jys-1.jpg?w=1024\" alt=\"\" class=\"wp-image-4981\" srcset=\"https:\/\/sijenasi.com\/wp-content\/uploads\/2024\/01\/2023_10_21-14135-jys-1.jpg 1024w, https:\/\/sijenasi.com\/wp-content\/uploads\/2024\/01\/2023_10_21-14135-jys-1-300x199.jpg 300w, https:\/\/sijenasi.com\/wp-content\/uploads\/2024\/01\/2023_10_21-14135-jys-1-768x510.jpg 768w\" sizes=\"auto, (max-width: 1024px) 100vw, 1024px\" \/><\/figure>\n\n\n\n<p>El d\u00eda ha comenzado temprano con una romer\u00eda desde la ermita de Santiago en Sari\u00f1ena hasta el Monasterio de Sijena en la que medio centenar de peregrinos han recorrido 17 kil\u00f3metros por el antiguo Camino de Santiago pasando por Sena. <\/p>\n\n\n\n<figure class=\"wp-block-image size-large\"><img loading=\"lazy\" decoding=\"async\" width=\"1024\" height=\"615\" src=\"https:\/\/sijenasi.com\/wp-content\/uploads\/2024\/01\/20231021_093623-1.jpg?w=1024\" alt=\"\" class=\"wp-image-4982\" srcset=\"https:\/\/sijenasi.com\/wp-content\/uploads\/2024\/01\/20231021_093623-1.jpg 1024w, https:\/\/sijenasi.com\/wp-content\/uploads\/2024\/01\/20231021_093623-1-300x180.jpg 300w, https:\/\/sijenasi.com\/wp-content\/uploads\/2024\/01\/20231021_093623-1-768x461.jpg 768w\" sizes=\"auto, (max-width: 1024px) 100vw, 1024px\" \/><\/figure>\n\n\n\n<figure class=\"wp-block-image size-large is-resized\"><img loading=\"lazy\" decoding=\"async\" width=\"1024\" height=\"680\" src=\"https:\/\/sijenasi.com\/wp-content\/uploads\/2024\/01\/2023_10_21-14150-jys.jpg?w=1024\" alt=\"\" class=\"wp-image-5001\" style=\"width:840px;height:auto\" srcset=\"https:\/\/sijenasi.com\/wp-content\/uploads\/2024\/01\/2023_10_21-14150-jys.jpg 1024w, https:\/\/sijenasi.com\/wp-content\/uploads\/2024\/01\/2023_10_21-14150-jys-300x199.jpg 300w, https:\/\/sijenasi.com\/wp-content\/uploads\/2024\/01\/2023_10_21-14150-jys-768x510.jpg 768w\" sizes=\"auto, (max-width: 1024px) 100vw, 1024px\" \/><\/figure>\n\n\n\n<p>En la romer\u00eda han participado un grupo de recreacionistas de Monz\u00f3n que han dado colorido al d\u00eda con sus atuendos de peregrinos del Camino de Santiago de la Edad Media.<\/p>\n\n\n\n<p>A su llegada se ha celebrado una misa presidida por D. Jos\u00e9 Mar\u00eda Nasarre y concelebrada por D. Javier Sancho que ha sido animada por el grupo \u201cAires Monegrinos\u201d, que ha cantado la Misa Baturra.<\/p>\n\n\n\n<figure class=\"wp-block-image size-large\"><img loading=\"lazy\" decoding=\"async\" width=\"1024\" height=\"576\" src=\"https:\/\/sijenasi.com\/wp-content\/uploads\/2024\/01\/20231021_132104.jpg?w=1024\" alt=\"\" class=\"wp-image-4984\" srcset=\"https:\/\/sijenasi.com\/wp-content\/uploads\/2024\/01\/20231021_132104.jpg 1024w, https:\/\/sijenasi.com\/wp-content\/uploads\/2024\/01\/20231021_132104-300x169.jpg 300w, https:\/\/sijenasi.com\/wp-content\/uploads\/2024\/01\/20231021_132104-768x432.jpg 768w\" sizes=\"auto, (max-width: 1024px) 100vw, 1024px\" \/><\/figure>\n\n\n\n<figure class=\"wp-block-image size-large\"><img loading=\"lazy\" decoding=\"async\" width=\"1024\" height=\"680\" src=\"https:\/\/sijenasi.com\/wp-content\/uploads\/2024\/01\/2023_10_21-14226-jys.jpg?w=1024\" alt=\"\" class=\"wp-image-5005\" srcset=\"https:\/\/sijenasi.com\/wp-content\/uploads\/2024\/01\/2023_10_21-14226-jys.jpg 1024w, https:\/\/sijenasi.com\/wp-content\/uploads\/2024\/01\/2023_10_21-14226-jys-300x199.jpg 300w, https:\/\/sijenasi.com\/wp-content\/uploads\/2024\/01\/2023_10_21-14226-jys-768x510.jpg 768w\" sizes=\"auto, (max-width: 1024px) 100vw, 1024px\" \/><\/figure>\n\n\n\n<p>Tras la misa se han realizado varias visitas guiadas al monasterio con la ayuda de Alfonso Salillas y Jos\u00e9 Jaime Castell\u00f3n.<\/p>\n\n\n\n<figure class=\"wp-block-image size-large\"><img loading=\"lazy\" decoding=\"async\" width=\"1024\" height=\"680\" src=\"https:\/\/sijenasi.com\/wp-content\/uploads\/2024\/01\/2023_10_21-14265-jys.jpg?w=1024\" alt=\"\" class=\"wp-image-4985\" srcset=\"https:\/\/sijenasi.com\/wp-content\/uploads\/2024\/01\/2023_10_21-14265-jys.jpg 1024w, https:\/\/sijenasi.com\/wp-content\/uploads\/2024\/01\/2023_10_21-14265-jys-300x199.jpg 300w, https:\/\/sijenasi.com\/wp-content\/uploads\/2024\/01\/2023_10_21-14265-jys-768x510.jpg 768w\" sizes=\"auto, (max-width: 1024px) 100vw, 1024px\" \/><\/figure>\n\n\n\n<figure class=\"wp-block-image size-large\"><img loading=\"lazy\" decoding=\"async\" width=\"1024\" height=\"680\" src=\"https:\/\/sijenasi.com\/wp-content\/uploads\/2024\/01\/2023_10_21-14303-jys.jpg?w=1024\" alt=\"\" class=\"wp-image-4987\" srcset=\"https:\/\/sijenasi.com\/wp-content\/uploads\/2024\/01\/2023_10_21-14303-jys.jpg 1024w, https:\/\/sijenasi.com\/wp-content\/uploads\/2024\/01\/2023_10_21-14303-jys-300x199.jpg 300w, https:\/\/sijenasi.com\/wp-content\/uploads\/2024\/01\/2023_10_21-14303-jys-768x510.jpg 768w\" sizes=\"auto, (max-width: 1024px) 100vw, 1024px\" \/><\/figure>\n\n\n\n<p>Luego ha tenido lugar la gran paella comunitaria en la que han participado m\u00e1s de un centenar de personas. <\/p>\n\n\n\n<figure class=\"wp-block-image size-large\"><img loading=\"lazy\" decoding=\"async\" width=\"1024\" height=\"576\" src=\"https:\/\/sijenasi.com\/wp-content\/uploads\/2024\/01\/20231021_152010.jpg?w=1024\" alt=\"\" class=\"wp-image-4988\" srcset=\"https:\/\/sijenasi.com\/wp-content\/uploads\/2024\/01\/20231021_152010.jpg 1024w, https:\/\/sijenasi.com\/wp-content\/uploads\/2024\/01\/20231021_152010-300x169.jpg 300w, https:\/\/sijenasi.com\/wp-content\/uploads\/2024\/01\/20231021_152010-768x432.jpg 768w\" sizes=\"auto, (max-width: 1024px) 100vw, 1024px\" \/><\/figure>\n\n\n\n<p>Despu\u00e9s ha habido un concierto de m\u00fasica espiritual organizado por la Asociaci\u00f3n Esperanzarte donde han actuado Juan Yzuel, el cantautor Jes\u00fas Sierra con su familia, y la Coral Senense, dirigida por Conchi Tierz.<\/p>\n\n\n\n<figure class=\"wp-block-image size-large\"><img loading=\"lazy\" decoding=\"async\" width=\"1024\" height=\"680\" src=\"https:\/\/sijenasi.com\/wp-content\/uploads\/2024\/01\/2023_10_21-14337-jys.jpg?w=1024\" alt=\"\" class=\"wp-image-4990\" srcset=\"https:\/\/sijenasi.com\/wp-content\/uploads\/2024\/01\/2023_10_21-14337-jys.jpg 1024w, https:\/\/sijenasi.com\/wp-content\/uploads\/2024\/01\/2023_10_21-14337-jys-300x199.jpg 300w, https:\/\/sijenasi.com\/wp-content\/uploads\/2024\/01\/2023_10_21-14337-jys-768x510.jpg 768w\" sizes=\"auto, (max-width: 1024px) 100vw, 1024px\" \/><\/figure>\n\n\n\n<figure class=\"wp-block-image size-large is-resized\"><img loading=\"lazy\" decoding=\"async\" width=\"1024\" height=\"680\" src=\"https:\/\/sijenasi.com\/wp-content\/uploads\/2024\/01\/2023_10_21-14371-jys.jpg?w=1024\" alt=\"\" class=\"wp-image-4992\" style=\"width:840px;height:auto\" srcset=\"https:\/\/sijenasi.com\/wp-content\/uploads\/2024\/01\/2023_10_21-14371-jys.jpg 1024w, https:\/\/sijenasi.com\/wp-content\/uploads\/2024\/01\/2023_10_21-14371-jys-300x199.jpg 300w, https:\/\/sijenasi.com\/wp-content\/uploads\/2024\/01\/2023_10_21-14371-jys-768x510.jpg 768w\" sizes=\"auto, (max-width: 1024px) 100vw, 1024px\" \/><\/figure>\n\n\n\n<figure class=\"wp-block-image size-large\"><img loading=\"lazy\" decoding=\"async\" width=\"1024\" height=\"680\" src=\"https:\/\/sijenasi.com\/wp-content\/uploads\/2024\/01\/2023_10_21-14377-jys.jpg?w=1024\" alt=\"\" class=\"wp-image-4994\" srcset=\"https:\/\/sijenasi.com\/wp-content\/uploads\/2024\/01\/2023_10_21-14377-jys.jpg 1024w, https:\/\/sijenasi.com\/wp-content\/uploads\/2024\/01\/2023_10_21-14377-jys-300x199.jpg 300w, https:\/\/sijenasi.com\/wp-content\/uploads\/2024\/01\/2023_10_21-14377-jys-768x510.jpg 768w\" sizes=\"auto, (max-width: 1024px) 100vw, 1024px\" \/><\/figure>\n\n\n\n<figure class=\"wp-block-image size-large\"><img loading=\"lazy\" decoding=\"async\" width=\"1024\" height=\"680\" src=\"https:\/\/sijenasi.com\/wp-content\/uploads\/2024\/01\/2023_10_21-14389-jys.jpg?w=1024\" alt=\"\" class=\"wp-image-4995\" srcset=\"https:\/\/sijenasi.com\/wp-content\/uploads\/2024\/01\/2023_10_21-14389-jys.jpg 1024w, https:\/\/sijenasi.com\/wp-content\/uploads\/2024\/01\/2023_10_21-14389-jys-300x199.jpg 300w, https:\/\/sijenasi.com\/wp-content\/uploads\/2024\/01\/2023_10_21-14389-jys-768x510.jpg 768w\" sizes=\"auto, (max-width: 1024px) 100vw, 1024px\" \/><\/figure>\n\n\n\n<p>Para acabar el d\u00eda se ha tenido una gran chocolatada en el jard\u00edn del monasterio animada por cantos populares por Jos\u00e9 Luis Pascual y un grupo de Barbastro.<\/p>\n\n\n\n<figure class=\"wp-block-image size-large is-resized\"><img loading=\"lazy\" decoding=\"async\" width=\"1024\" height=\"576\" src=\"https:\/\/sijenasi.com\/wp-content\/uploads\/2024\/01\/20231021_181740.jpg?w=1024\" alt=\"\" class=\"wp-image-4997\" style=\"width:840px;height:auto\" srcset=\"https:\/\/sijenasi.com\/wp-content\/uploads\/2024\/01\/20231021_181740.jpg 1024w, https:\/\/sijenasi.com\/wp-content\/uploads\/2024\/01\/20231021_181740-300x169.jpg 300w, https:\/\/sijenasi.com\/wp-content\/uploads\/2024\/01\/20231021_181740-768x432.jpg 768w\" sizes=\"auto, (max-width: 1024px) 100vw, 1024px\" \/><\/figure>\n\n\n\n<figure class=\"wp-block-image size-large\"><img loading=\"lazy\" decoding=\"async\" width=\"1024\" height=\"576\" src=\"https:\/\/sijenasi.com\/wp-content\/uploads\/2024\/01\/20231021_182453.jpg?w=1024\" alt=\"\" class=\"wp-image-4998\" srcset=\"https:\/\/sijenasi.com\/wp-content\/uploads\/2024\/01\/20231021_182453.jpg 1024w, https:\/\/sijenasi.com\/wp-content\/uploads\/2024\/01\/20231021_182453-300x169.jpg 300w, https:\/\/sijenasi.com\/wp-content\/uploads\/2024\/01\/20231021_182453-768x432.jpg 768w\" sizes=\"auto, (max-width: 1024px) 100vw, 1024px\" \/><\/figure>\n\n\n\n<p>Los participantes han manifestado su compromiso con el futuro de Sijena, que pasa por volver a rescatar su doble dimensi\u00f3n: la religiosa-espiritual y la hist\u00f3rico-art\u00edstica. \u00a1Y seguimos remando para que as\u00ed sea en este nuevo curso!<\/p>\n","protected":false},"excerpt":{"rendered":"<p>La Orden de Malta, las Hermanas Sanjuanistas, los Ayuntamientos de Villanueva de Sijena y Sena y la Plataforma Sijena S\u00ed, junto con otras entidades colaboradoras, han llevado a cabo hoy la II Jornada \u201cSijena Viva\u201d, para remarcar la importancia de que Sijena vuelva a estar habitada por una congregaci\u00f3n religiosa adecuada y dar la oportunidad [&hellip;]<\/p>\n","protected":false},"author":3,"featured_media":5000,"comment_status":"open","ping_status":"open","sticky":false,"template":"","format":"standard","meta":{"ngg_post_thumbnail":0,"_jetpack_memberships_contains_paid_content":false,"footnotes":""},"categories":[17,22],"tags":[194,304,334,357,413,414],"class_list":["post-4974","post","type-post","status-publish","format-standard","hentry","category-jornada","category-marcha","tag-esperanzarte","tag-monasterio-de-sijena","tag-orden-de-malta","tag-plataforma","tag-sijena-si","tag-sijena-viva"],"jetpack_featured_media_url":"https:\/\/sijenasi.com\/wp-content\/uploads\/2024\/01\/2023_10_21-14257-jys-1799813088-e1705937927718.jpg","jetpack_sharing_enabled":true,"_links":{"self":[{"href":"https:\/\/sijenasi.com\/index.php\/wp-json\/wp\/v2\/posts\/4974","targetHints":{"allow":["GET"]}}],"collection":[{"href":"https:\/\/sijenasi.com\/index.php\/wp-json\/wp\/v2\/posts"}],"about":[{"href":"https:\/\/sijenasi.com\/index.php\/wp-json\/wp\/v2\/types\/post"}],"author":[{"embeddable":true,"href":"https:\/\/sijenasi.com\/index.php\/wp-json\/wp\/v2\/users\/3"}],"replies":[{"embeddable":true,"href":"https:\/\/sijenasi.com\/index.php\/wp-json\/wp\/v2\/comments?post=4974"}],"version-history":[{"count":0,"href":"https:\/\/sijenasi.com\/index.php\/wp-json\/wp\/v2\/posts\/4974\/revisions"}],"wp:featuredmedia":[{"embeddable":true,"href":"https:\/\/sijenasi.com\/index.php\/wp-json\/wp\/v2\/media\/5000"}],"wp:attachment":[{"href":"https:\/\/sijenasi.com\/index.php\/wp-json\/wp\/v2\/media?parent=4974"}],"wp:term":[{"taxonomy":"category","embeddable":true,"href":"https:\/\/sijenasi.com\/index.php\/wp-json\/wp\/v2\/categories?post=4974"},{"taxonomy":"post_tag","embeddable":true,"href":"https:\/\/sijenasi.com\/index.php\/wp-json\/wp\/v2\/tags?post=4974"}],"curies":[{"name":"wp","href":"https:\/\/api.w.org\/{rel}","templated":true}]}}