{"id":4746,"date":"2023-10-11T12:42:20","date_gmt":"2023-10-11T11:42:20","guid":{"rendered":"https:\/\/sijenasi.com\/?p=4746"},"modified":"2023-10-11T12:42:20","modified_gmt":"2023-10-11T11:42:20","slug":"ii-jornada-sijena-viva","status":"publish","type":"post","link":"https:\/\/sijenasi.com\/index.php\/2023\/10\/11\/ii-jornada-sijena-viva\/","title":{"rendered":"II Jornada \u00abSijena Viva\u00bb"},"content":{"rendered":"\n<figure class=\"wp-block-image size-large\"><img loading=\"lazy\" decoding=\"async\" width=\"2144\" height=\"1214\" src=\"https:\/\/sijenasi.com\/wp-content\/uploads\/2023\/10\/2022_10_08-sijena-viva-5.jpg?w=1024\" alt=\"\" class=\"wp-image-4762\" srcset=\"https:\/\/sijenasi.com\/wp-content\/uploads\/2023\/10\/2022_10_08-sijena-viva-5.jpg 2144w, https:\/\/sijenasi.com\/wp-content\/uploads\/2023\/10\/2022_10_08-sijena-viva-5-300x170.jpg 300w, https:\/\/sijenasi.com\/wp-content\/uploads\/2023\/10\/2022_10_08-sijena-viva-5-1024x580.jpg 1024w, https:\/\/sijenasi.com\/wp-content\/uploads\/2023\/10\/2022_10_08-sijena-viva-5-768x435.jpg 768w, https:\/\/sijenasi.com\/wp-content\/uploads\/2023\/10\/2022_10_08-sijena-viva-5-1536x870.jpg 1536w, https:\/\/sijenasi.com\/wp-content\/uploads\/2023\/10\/2022_10_08-sijena-viva-5-2048x1160.jpg 2048w\" sizes=\"auto, (max-width: 2144px) 100vw, 2144px\" \/><\/figure>\n\n\n\n<p>El <strong>s\u00e1bado<\/strong>, <strong>21 de octubre de 2023<\/strong>, tendr\u00e1 lugar la II Jornada Sijena Viva, organizada por las  Hermanas Sanjuanistas, la Orden de Malta, los ayuntamientos de Villanueva de Sijena y de Sena y la Plataforma Sijena S\u00ed con la colaboraci\u00f3n de la Asociaci\u00f3n EsperanzARTE, el Grupo de Jota Aires Monegrinos, la Coral Senense, y los Voluntarios de la Orden de Malta.<\/p>\n\n\n\n<p>Las entidades convocantes buscan con esta jornada <strong>remarcar la importancia de que Sijena vuelva a estar habitada por una congregaci\u00f3n religiosa adecuada<\/strong> y dar la oportunidad de orar por esta causa a quienes as\u00ed lo deseen en el coraz\u00f3n mismo de este magn\u00edfico enclave.<\/p>\n\n\n\n<p class=\"has-text-align-center has-text-color has-link-color has-large-font-size wp-elements-23d988a7a6c55af18954418a95fd4819\" style=\"color:#dd6815\"><strong>PROGRAMA<\/strong><\/p>\n\n\n\n<p><strong>MA\u00d1ANA<\/strong><\/p>\n\n\n\n<ul class=\"wp-block-list\">\n<li>8:30 <strong>ROMER\u00cdA <\/strong>desde la ermita de Santiago en Sari\u00f1ena hasta el Monasterio de Sijena. (Distancia total: 16,3 km). Puede verse el recorrido en www.sijenasi.com <\/li>\n\n\n\n<li>10:30 (Desde esta hora, <strong>visitas guiadas al monasterio <\/strong>por los voluntarios de la Orden de Malta para quienes van directamente a Sijena)<\/li>\n\n\n\n<li>11:45 <strong>Salida desde la iglesia de Sena <\/strong>de quienes vienen de Sari\u00f1ena con los que se unen a la \u00faltima etapa de la romer\u00eda (\u00faltimos 2 km).<\/li>\n\n\n\n<li>12:15 <strong>Llegada <\/strong>al Monasterio de los caminantes de la romer\u00eda y otros participantes que vendr\u00e1n directamente. Acogida festiva.<\/li>\n\n\n\n<li>12:30 <strong>Misa <\/strong>concelebrada y animada por el grupo <em>\u201cAires Monegrinos\u201d<\/em>, que cantar\u00e1n la Misa Baturra.<\/li>\n\n\n\n<li>13:30 <strong>Visitas guiadas <\/strong>y tiempo de descanso. Se podr\u00e1n comprar bebidas frescas.<\/li>\n\n\n\n<li>14:45 <strong>Paella comunitaria<\/strong>. Para ello, hay que comprar previamente un <strong>ticket por 10\u20ac <\/strong>que incluye la paella, pan, bebida, postre y caf\u00e9. M\u00e1s informaci\u00f3n de c\u00f3mo hacerlo en en <strong>puntos de venta locales <\/strong>(Ayuntamientos de Sena y Villanueva, Pasteler\u00eda Trallero, Restaurante Boira y Hotel Sari\u00f1ena). <br><strong>Quienes vienen de fuera <\/strong>pueden hacerlo en la <strong><a href=\"https:\/\/sijenasi.com\/inscripcion\/\">hoja de inscripci\u00f3n<\/a><\/strong>.<\/li>\n<\/ul>\n\n\n\n<p><\/p>\n\n\n\n<p><strong>TARDE<\/strong><\/p>\n\n\n\n<ul class=\"wp-block-list\">\n<li>16:15 <strong>Concierto de m\u00fasica espiritual<\/strong> en la iglesia de Sijena organizado por la Asociaci\u00f3n EsperanzARTE. Actuar\u00e1n, entre otros: Coral Senense, dirigida por Conchi Tierz; Jes\u00fas Sierra (cantautor aragon\u00e9s);\u2026 \u00a0M\u00e1s informaci\u00f3n de actuaciones en <a href=\"http:\/\/esperanzarte.com\/?p=1547\">www.esperanzarte.com<\/a> <\/li>\n\n\n\n<li>18:00 <strong>Chocolatada <\/strong>ofrecida por el Ayuntamiento de Villanueva de Sijena. Confraternizaci\u00f3n<\/li>\n\n\n\n<li>19:00. Fin de la Jornada.<\/li>\n<\/ul>\n\n\n\n<p><strong>Notas:<\/strong><\/p>\n\n\n\n<ul class=\"wp-block-list\">\n<li>Cualquier persona puede unirse a los actos que desee, pero la comida tiene un n\u00famero m\u00e1ximo de participantes, por lo que se ruega prontitud en la adquisici\u00f3n de los tickets.<\/li>\n\n\n\n<li>En el monasterio hay ba\u00f1os y agua. <strong>Se podr\u00e1n comprar bebidas frescas.<\/strong><\/li>\n\n\n\n<li>Se ayudar\u00e1 a los conductores que hayan dejado el coche en Sari\u00f1ena a ir a buscarlo.<\/li>\n\n\n\n<li><strong>M\u00e1s informaci\u00f3n <\/strong>del recorrido y actualizaci\u00f3n de este programa en esta p\u00e1gina.<\/li>\n\n\n\n<li>En caso de <strong>dificultades meteorol\u00f3gicas <\/strong>se informar\u00e1 en esta p\u00e1gina de los cambios.<\/li>\n\n\n\n<li>Si no puedes venir, pero quieres apoyarnos, participa en el <strong><a href=\"https:\/\/sijenasi.com\/kilometro-0\/\">Kil\u00f3metro 0<\/a><\/strong>.<\/li>\n\n\n\n<li><em>La organizaci\u00f3n se reserva el derecho a hacer los cambios necesarios a este programa.<\/em><\/li>\n<\/ul>\n\n\n\n<p><\/p>\n","protected":false},"excerpt":{"rendered":"<p>El s\u00e1bado, 21 de octubre de 2023, tendr\u00e1 lugar la II Jornada Sijena Viva, organizada por las Hermanas Sanjuanistas, la Orden de Malta, los ayuntamientos de Villanueva de Sijena y de Sena y la Plataforma Sijena S\u00ed con la colaboraci\u00f3n de la Asociaci\u00f3n EsperanzARTE, el Grupo de Jota Aires Monegrinos, la Coral Senense, y los [&hellip;]<\/p>\n","protected":false},"author":3,"featured_media":4762,"comment_status":"open","ping_status":"open","sticky":false,"template":"","format":"standard","meta":{"ngg_post_thumbnail":0,"_jetpack_memberships_contains_paid_content":false,"footnotes":""},"categories":[17],"tags":[96,161,194,246,304,334,335,413,414],"class_list":["post-4746","post","type-post","status-publish","format-standard","hentry","category-jornada","tag-aires-monegrinos","tag-coral-senense","tag-esperanzarte","tag-jesus-sierra","tag-monasterio-de-sijena","tag-orden-de-malta","tag-orden-sanjuanista","tag-sijena-si","tag-sijena-viva"],"jetpack_featured_media_url":"https:\/\/sijenasi.com\/wp-content\/uploads\/2023\/10\/2022_10_08-sijena-viva-5.jpg","jetpack_sharing_enabled":true,"_links":{"self":[{"href":"https:\/\/sijenasi.com\/index.php\/wp-json\/wp\/v2\/posts\/4746","targetHints":{"allow":["GET"]}}],"collection":[{"href":"https:\/\/sijenasi.com\/index.php\/wp-json\/wp\/v2\/posts"}],"about":[{"href":"https:\/\/sijenasi.com\/index.php\/wp-json\/wp\/v2\/types\/post"}],"author":[{"embeddable":true,"href":"https:\/\/sijenasi.com\/index.php\/wp-json\/wp\/v2\/users\/3"}],"replies":[{"embeddable":true,"href":"https:\/\/sijenasi.com\/index.php\/wp-json\/wp\/v2\/comments?post=4746"}],"version-history":[{"count":0,"href":"https:\/\/sijenasi.com\/index.php\/wp-json\/wp\/v2\/posts\/4746\/revisions"}],"wp:featuredmedia":[{"embeddable":true,"href":"https:\/\/sijenasi.com\/index.php\/wp-json\/wp\/v2\/media\/4762"}],"wp:attachment":[{"href":"https:\/\/sijenasi.com\/index.php\/wp-json\/wp\/v2\/media?parent=4746"}],"wp:term":[{"taxonomy":"category","embeddable":true,"href":"https:\/\/sijenasi.com\/index.php\/wp-json\/wp\/v2\/categories?post=4746"},{"taxonomy":"post_tag","embeddable":true,"href":"https:\/\/sijenasi.com\/index.php\/wp-json\/wp\/v2\/tags?post=4746"}],"curies":[{"name":"wp","href":"https:\/\/api.w.org\/{rel}","templated":true}]}}