{"id":4425,"date":"2023-06-27T19:20:08","date_gmt":"2023-06-27T18:20:08","guid":{"rendered":"https:\/\/sijenasi.com\/?p=4425"},"modified":"2023-06-27T19:20:08","modified_gmt":"2023-06-27T18:20:08","slug":"conciertos-en-sijena-julio-de-2023","status":"publish","type":"post","link":"https:\/\/sijenasi.com\/index.php\/2023\/06\/27\/conciertos-en-sijena-julio-de-2023\/","title":{"rendered":"Conciertos en Sijena, julio de 2023"},"content":{"rendered":"\n<figure class=\"wp-block-image size-large\"><img loading=\"lazy\" decoding=\"async\" width=\"990\" height=\"634\" src=\"https:\/\/sijenasi.com\/wp-content\/uploads\/2023\/06\/musica-antigua-violin.jpg?w=990\" alt=\"\" class=\"wp-image-4439\" srcset=\"https:\/\/sijenasi.com\/wp-content\/uploads\/2023\/06\/musica-antigua-violin.jpg 990w, https:\/\/sijenasi.com\/wp-content\/uploads\/2023\/06\/musica-antigua-violin-300x192.jpg 300w, https:\/\/sijenasi.com\/wp-content\/uploads\/2023\/06\/musica-antigua-violin-768x492.jpg 768w\" sizes=\"auto, (max-width: 990px) 100vw, 990px\" \/><\/figure>\n\n\n\n<p>Como parte de las celebraciones del <strong><em>2023-A\u00f1o de Sijena<\/em><\/strong> que nuestra Plataforma consigui\u00f3 que las Cortes de Arag\u00f3n aprobaran, el Gobierno de Arag\u00f3n ha organizado una serie de conciertos en el mes de julio.<\/p>\n\n\n\n<p>Los conciertos tendr\u00e1n lugar los s\u00e1bados <strong>1, 8 y 15 de julio de 2023<\/strong> en la iglesia del <strong>Real Monasterio de Sijena<\/strong> (Huesca) a las 20 horas. <strong>El acceso es libre<\/strong> hasta completar aforo.<\/p>\n\n\n\n<p class=\"has-medium-font-size\"><strong>S\u00e1bado, 1 de julio<\/strong><\/p>\n\n\n\n<figure class=\"wp-block-image size-large\"><img loading=\"lazy\" decoding=\"async\" width=\"960\" height=\"957\" src=\"https:\/\/sijenasi.com\/wp-content\/uploads\/2023\/06\/chiavette.jpg?w=960\" alt=\"\" class=\"wp-image-4435\" srcset=\"https:\/\/sijenasi.com\/wp-content\/uploads\/2023\/06\/chiavette.jpg 960w, https:\/\/sijenasi.com\/wp-content\/uploads\/2023\/06\/chiavette-300x300.jpg 300w, https:\/\/sijenasi.com\/wp-content\/uploads\/2023\/06\/chiavette-150x150.jpg 150w, https:\/\/sijenasi.com\/wp-content\/uploads\/2023\/06\/chiavette-768x766.jpg 768w\" sizes=\"auto, (max-width: 960px) 100vw, 960px\" \/><\/figure>\n\n\n\n<p class=\"has-text-align-center has-large-font-size\"><strong><em><a rel=\"noreferrer noopener\" href=\"https:\/\/www.facebook.com\/chiavette\/\" target=\"_blank\">CHIAVETTE<\/a><\/em><\/strong><\/p>\n\n\n\n<p class=\"has-text-align-center\">Mar\u00eda Sala: soprano I<br>Esmeralda Jim\u00e9nez: soprano II<br>Javier Ares: alto<br>Mariano Valdezate: tenor<br><\/p>\n\n\n\n<p class=\"has-text-align-center has-large-font-size\"><strong>PROGRAMA<\/strong><\/p>\n\n\n\n<p class=\"has-text-align-center\">AMAR Y NO PADECER<br>JUAN V\u00c1SQUEZ (c. 1500-1560)<br>Sonetos y villancicos \/ Canciones castellanas<br>Qu\u00e9 raz\u00f3n pod\u00e9is tener<br>No pens\u00e9 que entre pastores<br>Descendid al valle (sic)<br>Du\u00e9lete de m\u00ed, se\u00f1ora<br><\/p>\n\n\n\n<p class=\"has-text-align-center\">FRANCISCO GUERRERO (1528-1599)<br>Canciones y villanescas<br>Prado verde y florido<br>Ojos claros, serenos<br>Adi\u00f3s, verde ribera<br>Dex\u00f3 la venda<br><\/p>\n\n\n\n<p class=\"has-text-align-center\">AN\u00d3NIMOS<br>Villancicos y madrigales<br>Si la noche haze escura<br>Pues que me tienes, Miguel, por esposa<br>Soberana Mar\u00eda<br>Ay, Jes\u00fas, que mal fraile<\/p>\n\n\n\n<p class=\"has-medium-font-size\"><strong>S\u00e1bado, 8 de julio<\/strong><\/p>\n\n\n\n<figure class=\"wp-block-image size-large\"><img loading=\"lazy\" decoding=\"async\" width=\"1200\" height=\"630\" src=\"https:\/\/sijenasi.com\/wp-content\/uploads\/2023\/06\/carlos-gonzalez.jpeg?w=1024\" alt=\"\" class=\"wp-image-4437\" srcset=\"https:\/\/sijenasi.com\/wp-content\/uploads\/2023\/06\/carlos-gonzalez.jpeg 1200w, https:\/\/sijenasi.com\/wp-content\/uploads\/2023\/06\/carlos-gonzalez-300x158.jpeg 300w, https:\/\/sijenasi.com\/wp-content\/uploads\/2023\/06\/carlos-gonzalez-1024x538.jpeg 1024w, https:\/\/sijenasi.com\/wp-content\/uploads\/2023\/06\/carlos-gonzalez-768x403.jpeg 768w\" sizes=\"auto, (max-width: 1200px) 100vw, 1200px\" \/><\/figure>\n\n\n\n<p class=\"has-text-align-center has-large-font-size\"><strong>CARLOS GONZ\u00c1LEZ<\/strong><\/p>\n\n\n\n<p class=\"has-text-align-center\">Clave<br>M\u00daSICA DE TECLA ARAGONESA<\/p>\n\n\n\n<p class=\"has-text-align-center has-large-font-size\"><strong>PROGRAMA<\/strong><\/p>\n\n\n\n<p class=\"has-text-align-center\">SEBASTI\u00c1N AGUILERA DE HEREDIA<br>Tiento grande de cuarto tono<br>Tiento de falsas de cuarto tono<br><\/p>\n\n\n\n<p class=\"has-text-align-center\">JUSEPE XIM\u00c9NEZ (1600-1672)<br>Obra de primer tono sin paso<br><\/p>\n\n\n\n<p class=\"has-text-align-center\">PABLO BRUNA (1611-1679)<br>Tiento de sexto tono sobre ut re mi fa sol la<br>Tiento de falsas de segundo tono<br><\/p>\n\n\n\n<p class=\"has-text-align-center\">PABLO NASSARRE (1650-1730)<br>Tocata primer tono<br><\/p>\n\n\n\n<p class=\"has-text-align-center\">JOS\u00c9 DE NEBRA (1702-1768)<br>Sinfon\u00eda VII<br><\/p>\n\n\n\n<p class=\"has-text-align-center\">JOAQU\u00cdN LASECA (1758-1820)<br>Obra de quinto tono<\/p>\n\n\n\n<p class=\"has-medium-font-size\"><strong>S\u00e1bado, 15 de julio<\/strong><\/p>\n\n\n\n<figure class=\"wp-block-image size-large\"><img loading=\"lazy\" decoding=\"async\" width=\"850\" height=\"600\" src=\"https:\/\/sijenasi.com\/wp-content\/uploads\/2023\/06\/lincantari-musica-antigua-09.jpg?w=850\" alt=\"\" class=\"wp-image-4438\" srcset=\"https:\/\/sijenasi.com\/wp-content\/uploads\/2023\/06\/lincantari-musica-antigua-09.jpg 850w, https:\/\/sijenasi.com\/wp-content\/uploads\/2023\/06\/lincantari-musica-antigua-09-300x212.jpg 300w, https:\/\/sijenasi.com\/wp-content\/uploads\/2023\/06\/lincantari-musica-antigua-09-768x542.jpg 768w\" sizes=\"auto, (max-width: 850px) 100vw, 850px\" \/><\/figure>\n\n\n\n<p class=\"has-text-align-center has-large-font-size\"><strong>L\u2019INCANTARI<\/strong><\/p>\n\n\n\n<p class=\"has-text-align-center\">Luc\u00eda Samitier: voz y arpas hist\u00f3ricas<br>Arturo Palomares: voz, c\u00edtola y percusiones<br>Lixania Fern\u00e1ndez: f\u00eddula, viola de gamba y voz<br>Jordi Reguant: claviss\u00edmbalum, organetto y zanfona<br><\/p>\n\n\n\n<p class=\"has-text-align-center has-large-font-size\"><strong>PROGRAMA<\/strong><\/p>\n\n\n\n<p class=\"has-text-align-center\">CRUCE DE MIRADAS<br>ALFONSO X EL SABIO (s. XIII). Cantigas de Santa Mar\u00eda, cantiga n\u00ba 109<br>Razon an os diabos de fogir (instrumental)<br>ALFONSO X EL SABIO (s. XIII). Cantigas de Santa Mar\u00eda, cantiga n\u00ba 10<br>Rosa das rosas<br>Llibre Vermell de Montserrat (s. XIV)<br>Stella Splendens<br>London British Library Add 29987 (s. XIV)<br>Saltarello II<br>ALFONSO X EL SABIO (s. XIII). Cantigas de Santa Mar\u00eda, cantiga n\u00ba 344<br>Os que a Santa Maria saben fazer reveren\u00e7a<br>ALFONSO X EL SABIO (s. XIII). Cantigas de Santa Mar\u00eda, cantiga n\u00ba 323<br>Ontre todas las vertudes que a Virgen son dadas<br>Le manuscrit du Roi (1270-1320)<br>La Quinte Estampie Real<br>Romance de tradici\u00f3n sefard\u00ed<br>De las altas mares<br>M\u00fasica de JEQUE KUTBI DEDE (s. XIX) y texto de YUNUS EMRE (s. XIII)<br>Da\u011flar ile ta\u015flar ile<br>M\u00fasica tradicional de T\u00fanez y texto de MANS\u00dbR AL-HALLAJ (s. X)<br>Haya Haya \/ Ojos del coraz\u00f3n (adaptaci\u00f3n de Luc\u00eda Samitier)<br>PETRAKI (1730-1778)<br>Nihavend pesrev (instrumental)<br>M\u00fasica de ALI UFKI BEY (1610-1675) y texto del SULT\u00c1N SELIM III (1546-1595)<br>Uyan ey g\u00f6zlerim<br>Romance tradicional sefard\u00ed<br>El rei que muncho madruga<br>Canto de bodas tradicional sefard\u00ed<br>\u00c9chate a la mar<br>Canto de bodas tradicional sefard\u00ed<br>Avrixme galanica<\/p>\n\n\n\n<p><\/p>\n","protected":false},"excerpt":{"rendered":"<p>Como parte de las celebraciones del 2023-A\u00f1o de Sijena que nuestra Plataforma consigui\u00f3 que las Cortes de Arag\u00f3n aprobaran, el Gobierno de Arag\u00f3n ha organizado una serie de conciertos en el mes de julio. Los conciertos tendr\u00e1n lugar los s\u00e1bados 1, 8 y 15 de julio de 2023 en la iglesia del Real Monasterio de [&hellip;]<\/p>\n","protected":false},"author":3,"featured_media":4438,"comment_status":"open","ping_status":"open","sticky":false,"template":"","format":"standard","meta":{"ngg_post_thumbnail":0,"_jetpack_memberships_contains_paid_content":false,"footnotes":""},"categories":[10,72,41],"tags":[89,137,153,278,304,357,413],"class_list":["post-4425","post","type-post","status-publish","format-standard","hentry","category-conciertos","category-gobierno-de-aragon","category-sijena-2023","tag-2023-ano-de-sijena","tag-carlos-gonzalez","tag-chiavette","tag-lincantari","tag-monasterio-de-sijena","tag-plataforma","tag-sijena-si"],"jetpack_featured_media_url":"https:\/\/sijenasi.com\/wp-content\/uploads\/2023\/06\/lincantari-musica-antigua-09.jpg","jetpack_sharing_enabled":true,"_links":{"self":[{"href":"https:\/\/sijenasi.com\/index.php\/wp-json\/wp\/v2\/posts\/4425","targetHints":{"allow":["GET"]}}],"collection":[{"href":"https:\/\/sijenasi.com\/index.php\/wp-json\/wp\/v2\/posts"}],"about":[{"href":"https:\/\/sijenasi.com\/index.php\/wp-json\/wp\/v2\/types\/post"}],"author":[{"embeddable":true,"href":"https:\/\/sijenasi.com\/index.php\/wp-json\/wp\/v2\/users\/3"}],"replies":[{"embeddable":true,"href":"https:\/\/sijenasi.com\/index.php\/wp-json\/wp\/v2\/comments?post=4425"}],"version-history":[{"count":0,"href":"https:\/\/sijenasi.com\/index.php\/wp-json\/wp\/v2\/posts\/4425\/revisions"}],"wp:featuredmedia":[{"embeddable":true,"href":"https:\/\/sijenasi.com\/index.php\/wp-json\/wp\/v2\/media\/4438"}],"wp:attachment":[{"href":"https:\/\/sijenasi.com\/index.php\/wp-json\/wp\/v2\/media?parent=4425"}],"wp:term":[{"taxonomy":"category","embeddable":true,"href":"https:\/\/sijenasi.com\/index.php\/wp-json\/wp\/v2\/categories?post=4425"},{"taxonomy":"post_tag","embeddable":true,"href":"https:\/\/sijenasi.com\/index.php\/wp-json\/wp\/v2\/tags?post=4425"}],"curies":[{"name":"wp","href":"https:\/\/api.w.org\/{rel}","templated":true}]}}