{"id":4115,"date":"2023-03-15T11:04:17","date_gmt":"2023-03-15T09:04:17","guid":{"rendered":"https:\/\/sijenasi.com\/?p=4115"},"modified":"2023-03-15T11:04:17","modified_gmt":"2023-03-15T09:04:17","slug":"los-ninos-plantaran-la-sabina-del-centenario-para-abrir-el-ano-de-sijena-2023","status":"publish","type":"post","link":"https:\/\/sijenasi.com\/index.php\/2023\/03\/15\/los-ninos-plantaran-la-sabina-del-centenario-para-abrir-el-ano-de-sijena-2023\/","title":{"rendered":"Los ni\u00f1os plantar\u00e1n la Sabina del Centenario para abrir el A\u00f1o de Sijena 2023"},"content":{"rendered":"\n<figure class=\"wp-block-image size-large\"><img loading=\"lazy\" decoding=\"async\" width=\"1024\" height=\"680\" src=\"https:\/\/sijenasi.com\/wp-content\/uploads\/2023\/03\/2023_02_28-10368-jys-2.jpg?w=1024\" alt=\"\" class=\"wp-image-4118\" srcset=\"https:\/\/sijenasi.com\/wp-content\/uploads\/2023\/03\/2023_02_28-10368-jys-2.jpg 1024w, https:\/\/sijenasi.com\/wp-content\/uploads\/2023\/03\/2023_02_28-10368-jys-2-300x199.jpg 300w, https:\/\/sijenasi.com\/wp-content\/uploads\/2023\/03\/2023_02_28-10368-jys-2-768x510.jpg 768w\" sizes=\"auto, (max-width: 1024px) 100vw, 1024px\" \/><\/figure>\n\n\n\n<p><strong>La celebraci\u00f3n del \u201c2023 A\u00f1o de Sijena\u201d fue <a href=\"https:\/\/sijenasi.com\/2020\/10\/23\/las-cortes-de-aragon-declaran-por-unanimidad-el-2023-como-ano-de-sijena\/\">aprobada por las Cortes de Arag\u00f3n en 22 de octubre de 2020<\/a><\/strong> por iniciativa de nuestra plataforma, despu\u00e9s de la <a href=\"https:\/\/sijenasi.com\/2020\/09\/15\/comparecencia-ante-las-cortes-de-aragon\/\"><strong>comparecencia en la Comisi\u00f3n de Peticiones<\/strong><\/a> el d\u00eda 15 de septiembre de 2020. Fue <strong>votada a favor por todos los grupos parlamentarios<\/strong>, quedando encargado el Gobierno de Arag\u00f3n de llevar adelante la organizaci\u00f3n de actos y la realizaci\u00f3n de inversiones para rehabilitar el monasterio.<\/p>\n\n\n\n<p>La Plataforma Sijena S\u00ed, que lleva a\u00f1os luchando para darle visibilidad a este aniversario, y que organiz\u00f3 las dos jornadas \u00abSo\u00f1ar Sijena 2023\u00bb en <strong><a href=\"https:\/\/sijenasi.com\/2019\/03\/29\/cronica-de-la-jornada-sonar-sijena-2023\/\">2018 <\/a><\/strong>y <strong><a href=\"https:\/\/sijenasi.com\/2022\/03\/01\/cronica-de-la-ii-jornada-sonar-sijena-2023\/\">2022<\/a><\/strong>, arrancar\u00e1 esta celebraci\u00f3n con la <strong>plantaci\u00f3n de la \u201cSabina del centenario\u201d y la colocaci\u00f3n de una placa conmemorativa<\/strong> junto al monasterio. Esta contando, para ello, con una especial colaboraci\u00f3n del Ayuntamiento de Villanueva de Sijena, los centros escolares de Sena y Villanueva y la ayuda generosa de varios particulares y empresas.<\/p>\n\n\n\n<p>El acto tendr\u00e1 lugar el <strong>viernes 24 de marzo a partir de las 11 de la ma\u00f1ana<\/strong>. Se ha querido hacer en horario escolar para contar con la participaci\u00f3n de los ni\u00f1os y ni\u00f1as de Sena y Villanueva de Sijena, s\u00edmbolos del futuro que so\u00f1amos para este monasterio y toda la zona.<\/p>\n\n\n\n<p>Contaremos con la presencia de los colegios de ambas localidades, de sus Alcaldes y de los colectivos que componemos la Plataforma, pero adem\u00e1s <strong>se invita a los vecinos de estos pueblos y del resto de la Comarca de Los Monegros a unirse a este acto simb\u00f3lico<\/strong>.<\/p>\n\n\n\n<p>Adem\u00e1s de este acto, la Plataforma <strong>Sijena S\u00ed va a organizar durante el a\u00f1o 2023 otros de car\u00e1cter promocional y reivindicativo<\/strong> y va a <strong>dedicar su p\u00e1gina web (<\/strong><a href=\"http:\/\/www.sijenasi.com\">www.sijenasi.com<\/a><strong>) a publicitar todos los eventos<\/strong> que se vayan a realizar por parte de la Orden de Malta, administradora del monasterio, el Gobierno de Arag\u00f3n, Diputaci\u00f3n de Huesca y otras entidades p\u00fablicas y privadas.<\/p>\n","protected":false},"excerpt":{"rendered":"<p>La celebraci\u00f3n del \u201c2023 A\u00f1o de Sijena\u201d fue aprobada por las Cortes de Arag\u00f3n en 22 de octubre de 2020 por iniciativa de nuestra plataforma, despu\u00e9s de la comparecencia en la Comisi\u00f3n de Peticiones el d\u00eda 15 de septiembre de 2020. Fue votada a favor por todos los grupos parlamentarios, quedando encargado el Gobierno de [&hellip;]<\/p>\n","protected":false},"author":2,"featured_media":4118,"comment_status":"open","ping_status":"open","sticky":false,"template":"","format":"standard","meta":{"ngg_post_thumbnail":0,"_jetpack_memberships_contains_paid_content":false,"footnotes":""},"categories":[2,16,41],"tags":[89,304,309,357,395,413],"class_list":["post-4115","post","type-post","status-publish","format-standard","hentry","category-acciones","category-inauguracion","category-sijena-2023","tag-2023-ano-de-sijena","tag-monasterio-de-sijena","tag-monumento-nacional","tag-plataforma","tag-sabina-del-centenario","tag-sijena-si"],"jetpack_featured_media_url":"https:\/\/sijenasi.com\/wp-content\/uploads\/2023\/03\/2023_02_28-10368-jys-2.jpg","jetpack_sharing_enabled":true,"_links":{"self":[{"href":"https:\/\/sijenasi.com\/index.php\/wp-json\/wp\/v2\/posts\/4115","targetHints":{"allow":["GET"]}}],"collection":[{"href":"https:\/\/sijenasi.com\/index.php\/wp-json\/wp\/v2\/posts"}],"about":[{"href":"https:\/\/sijenasi.com\/index.php\/wp-json\/wp\/v2\/types\/post"}],"author":[{"embeddable":true,"href":"https:\/\/sijenasi.com\/index.php\/wp-json\/wp\/v2\/users\/2"}],"replies":[{"embeddable":true,"href":"https:\/\/sijenasi.com\/index.php\/wp-json\/wp\/v2\/comments?post=4115"}],"version-history":[{"count":0,"href":"https:\/\/sijenasi.com\/index.php\/wp-json\/wp\/v2\/posts\/4115\/revisions"}],"wp:featuredmedia":[{"embeddable":true,"href":"https:\/\/sijenasi.com\/index.php\/wp-json\/wp\/v2\/media\/4118"}],"wp:attachment":[{"href":"https:\/\/sijenasi.com\/index.php\/wp-json\/wp\/v2\/media?parent=4115"}],"wp:term":[{"taxonomy":"category","embeddable":true,"href":"https:\/\/sijenasi.com\/index.php\/wp-json\/wp\/v2\/categories?post=4115"},{"taxonomy":"post_tag","embeddable":true,"href":"https:\/\/sijenasi.com\/index.php\/wp-json\/wp\/v2\/tags?post=4115"}],"curies":[{"name":"wp","href":"https:\/\/api.w.org\/{rel}","templated":true}]}}