{"id":3633,"date":"2022-09-14T18:18:37","date_gmt":"2022-09-14T16:18:37","guid":{"rendered":"https:\/\/sijenasi.com\/?p=3633"},"modified":"2022-09-14T18:18:37","modified_gmt":"2022-09-14T16:18:37","slug":"jornada-sijena-viva","status":"publish","type":"post","link":"https:\/\/sijenasi.com\/index.php\/2022\/09\/14\/jornada-sijena-viva\/","title":{"rendered":"Jornada SIJENA VIVA"},"content":{"rendered":"\n<figure class=\"wp-block-image size-large\"><img loading=\"lazy\" decoding=\"async\" width=\"1024\" height=\"635\" src=\"https:\/\/sijenasi.com\/wp-content\/uploads\/2022\/09\/imagen-jornada-sijena-viva-2022.jpg?w=1024\" alt=\"\" class=\"wp-image-3644\" srcset=\"https:\/\/sijenasi.com\/wp-content\/uploads\/2022\/09\/imagen-jornada-sijena-viva-2022.jpg 1024w, https:\/\/sijenasi.com\/wp-content\/uploads\/2022\/09\/imagen-jornada-sijena-viva-2022-300x186.jpg 300w, https:\/\/sijenasi.com\/wp-content\/uploads\/2022\/09\/imagen-jornada-sijena-viva-2022-768x476.jpg 768w\" sizes=\"auto, (max-width: 1024px) 100vw, 1024px\" \/><\/figure>\n\n\n\n<p>A punto de entrar en el \u00abA\u00f1o de Sijena 2023\u00bb, la realidad es que el monasterio est\u00e1 vac\u00edo, sin comunidad mon\u00e1stica, lo cual supone una gran preocupaci\u00f3n para todos. Es por ello que nuestra plataforma y otras entidades (Hermanas Sanjuanistas, Orden de Malta, y Ayuntamiento de Villanueva de Sijena) organizar\u00e1n con la colaboraci\u00f3n de otros colectivos (Asociaci\u00f3n EsperanzARTE, Gaiteros y joteros de Monegros&#8230;) la <strong>Jornada \u00abSijena Viva\u00bb<\/strong>. <\/p>\n\n\n\n<p>La jornada tendr\u00e1 lugar el <strong>S\u00c1BADO, 8 DE OCTUBRE DE 2022<\/strong>.<\/p>\n\n\n\n<p>Constar\u00e1 de <strong>dos partes<\/strong>: una marcha en romer\u00eda o peregrinaci\u00f3n popular desde Sari\u00f1ena por la ma\u00f1ana y varias actividades de car\u00e1cter espiritual por la tarde, de forma que la ciudadan\u00eda pueda unirse a las diversas propuestas.<\/p>\n\n\n\n<p class=\"has-medium-font-size\">Por la ma\u00f1ana comienzan las visitas a partir de las once. Hacia las 12:30 llegar\u00e1 la romer\u00eda. <br>Para controlar el servicio de comida, <strong>es preciso comprar previamente el ticket de la comida con antelaci\u00f3n<\/strong>. <\/p>\n\n\n\n<p>Se pueden comprar por <strong>9 euros<\/strong> (paella, pan, bebida, postre y caf\u00e9) en <strong>puntos de venta locales<\/strong> cuya lista actualizaremos aqu\u00ed:<\/p>\n\n\n\n<ul class=\"wp-block-list\">\n<li><em>Villanueva de Sijena<\/em>: Ayuntamiento, por las ma\u00f1anas.<\/li>\n\n\n\n<li><em>Sena<\/em>: Ayuntamiento de Sena, por las ma\u00f1anas.<\/li>\n\n\n\n<li><em>Sari\u00f1ena<\/em>: Pasteler\u00eda Trallero; Hotel Sari\u00f1ena; Restaurante Boira.<\/li>\n<\/ul>\n\n\n\n<p><strong>Quienes no son de la zona<\/strong> pueden apuntarse <a href=\"https:\/\/sijenasi.com\/inscripcion\/\"><strong>AQU\u00cd <\/strong><\/a>y hacer un ingreso previo por transferencia. Se les dar\u00e1 el ticket al llegar al monasterio.<\/p>\n\n\n\n<p class=\"has-medium-font-size\"><strong>FECHA L\u00cdMITE PARA OBTENER EL TICKET: 6 DE OCTUBRE<\/strong>.<\/p>\n\n\n\n<p class=\"has-text-align-center has-large-font-size\">PROGRAMA<\/p>\n\n\n\n<p class=\"has-medium-font-size\"><strong>MA\u00d1ANA<\/strong><\/p>\n\n\n\n<p>8:30 <strong>Romer\u00eda<\/strong> desde la ermita de Santiago en Sari\u00f1ena hasta el Monasterio de Sijena. (Distancia total: 16,3 km). Puede verse el recorrido abajo.<\/p>\n\n\n\n<p>11:00  <strong>PARA QUIENES NO CAMINAN Y VAN DIRECTOS: <\/strong>A partir de esta hora, visitas guiadas en el Monasterio.<\/p>\n\n\n\n<p>12:15&nbsp; <strong>Salida desde la iglesia de Sena<\/strong> de quienes vienen de Sari\u00f1ena con los que se unen solo a la \u00faltima etapa de la romer\u00eda (\u00faltimos 2 km).<\/p>\n\n\n\n<p>12:30 <strong>Llegada<\/strong> al Monasterio de los caminantes de la romer\u00eda.<\/p>\n\n\n\n<ul class=\"wp-block-list\">\n<li><strong>Foto de grupo<\/strong> en la portada de la iglesia.<\/li>\n\n\n\n<li>Acogida festiva con m\u00fasica de <strong>gaiteros<\/strong> <strong>de Sari\u00f1ena y de Sena<\/strong> y jotas (<strong>Javier Badules<\/strong> acompa\u00f1ado con los instrumentos de Judith Budios, Pedro Badules  e Iv\u00e1n Sampietro). <\/li>\n\n\n\n<li><strong>Visitas guiadas<\/strong> al Monasterio en peque\u00f1os grupos.<\/li>\n\n\n\n<li>Posibilidad de unirse a la <strong><a href=\"https:\/\/sijenasi.com\/2022\/09\/21\/lanzamos-la-campana-sijena-viva\/\">Campa\u00f1a de firmas por una Sijena Viva<\/a><\/strong> para quienes no lo pudieron hacer previamente.<\/li>\n\n\n\n<li>Traslado de los conductores que lo necesiten a recoger los coches en Sari\u00f1ena y Sena.<\/li>\n<\/ul>\n\n\n\n<p><\/p>\n\n\n\n<p class=\"has-medium-font-size\"><strong>COMIDA<\/strong><\/p>\n\n\n\n<p><strong>Organizaci\u00f3n de la comida<\/strong>, distribuci\u00f3n de espacios, sillas y mesas. <\/p>\n\n\n\n<p><strong>Nota<\/strong>: Si el d\u00eda fuera lluvioso, se comer\u00e1 en el pabell\u00f3n de Villanueva de Sijena.<\/p>\n\n\n\n<p>14:30 <strong>Paella comunitaria<\/strong>. <br><\/p>\n\n\n\n<p class=\"has-medium-font-size\"><strong>TARDE<\/strong>  <\/p>\n\n\n\n<p>15:30&nbsp; <strong>Concierto<\/strong> de m\u00fasica cristiana actual en la iglesia de Sijena organizado por la Asociaci\u00f3n EsperanzARTE. M\u00e1s informaci\u00f3n en <a href=\"http:\/\/www.esperanzarte.com\">www.esperanzarte.com<\/a>. <br>Participar\u00e1n: <strong>Coral Voces Amigas de Sena, Voces y Guitarras, Javi S\u00e1nchez<\/strong>.<br><strong>Testimonios y mensajes.<\/strong> Silencio compartido.<\/p>\n\n\n\n<p>17:30&nbsp; <strong>Misa<\/strong> concelebrada y cantada por el Coro \u00abVoces Amigas\u00bb de Sena (dirigido por Conchi Tierz).<br>Preside <strong>D. Juan Miguel Ferrer<\/strong>, Capell\u00e1n nacional de la Orden de Malta.<\/p>\n\n\n\n<p>18:30 &nbsp;<strong>Chocolatada<\/strong> fraterna en la Plaza del Monasterio de Sijena.<\/p>\n\n\n\n<p>19:00&nbsp; <strong>Fin<\/strong> de la Jornada.<\/p>\n\n\n\n<p><strong>Notas:<\/strong><\/p>\n\n\n\n<ul class=\"wp-block-list\">\n<li>En el monasterio hay ba\u00f1os y agua. Se podr\u00e1n comprar bebidas frescas.<\/li>\n\n\n\n<li><strong>M\u00e1s informaci\u00f3n<\/strong> del recorrido y actualizaci\u00f3n de este programa: <strong>www.sijenasi.com<\/strong><\/li>\n\n\n\n<li>En caso de <strong>dificultades meteorol\u00f3gicas<\/strong> se informar\u00e1 en esta p\u00e1gina de los cambios. Por norma general, si estuviera lloviendo, saldr\u00edamos directamente de la iglesia de Sena a las 12:15 h.)<\/li>\n\n\n\n<li><em>La organizaci\u00f3n se reserva el derecho a hacer los cambios necesarios a este programa.<\/em><\/li>\n<\/ul>\n\n\n\n<p><strong>Recorrido<\/strong>:<\/p>\n\n\n\n<figure class=\"wp-block-image size-large\"><img loading=\"lazy\" decoding=\"async\" width=\"1600\" height=\"765\" src=\"https:\/\/sijenasi.com\/wp-content\/uploads\/2022\/09\/ruta-de-la-ermita-de-santiago-de-sarinena-hasta-el-monasterio-de-sijena-2022.jpg?w=1024\" alt=\"\" class=\"wp-image-3640\" srcset=\"https:\/\/sijenasi.com\/wp-content\/uploads\/2022\/09\/ruta-de-la-ermita-de-santiago-de-sarinena-hasta-el-monasterio-de-sijena-2022.jpg 1600w, https:\/\/sijenasi.com\/wp-content\/uploads\/2022\/09\/ruta-de-la-ermita-de-santiago-de-sarinena-hasta-el-monasterio-de-sijena-2022-300x143.jpg 300w, https:\/\/sijenasi.com\/wp-content\/uploads\/2022\/09\/ruta-de-la-ermita-de-santiago-de-sarinena-hasta-el-monasterio-de-sijena-2022-1024x490.jpg 1024w, https:\/\/sijenasi.com\/wp-content\/uploads\/2022\/09\/ruta-de-la-ermita-de-santiago-de-sarinena-hasta-el-monasterio-de-sijena-2022-768x367.jpg 768w, https:\/\/sijenasi.com\/wp-content\/uploads\/2022\/09\/ruta-de-la-ermita-de-santiago-de-sarinena-hasta-el-monasterio-de-sijena-2022-1536x734.jpg 1536w\" sizes=\"auto, (max-width: 1600px) 100vw, 1600px\" \/><\/figure>\n\n\n\n<p><strong>Perfil de elevaci\u00f3n<\/strong>: de 326 a 197 metros (dificultad baja):<\/p>\n\n\n\n<figure class=\"wp-block-image size-large\"><img loading=\"lazy\" decoding=\"async\" width=\"1366\" height=\"261\" src=\"https:\/\/sijenasi.com\/wp-content\/uploads\/2022\/09\/perfil-de-elevacion-ruta-de-la-ermita-de-santiago-de-sarinena-hasta-el-monasterio-de-sijena-2022.jpg?w=1024\" alt=\"\" class=\"wp-image-3643\" srcset=\"https:\/\/sijenasi.com\/wp-content\/uploads\/2022\/09\/perfil-de-elevacion-ruta-de-la-ermita-de-santiago-de-sarinena-hasta-el-monasterio-de-sijena-2022.jpg 1366w, https:\/\/sijenasi.com\/wp-content\/uploads\/2022\/09\/perfil-de-elevacion-ruta-de-la-ermita-de-santiago-de-sarinena-hasta-el-monasterio-de-sijena-2022-300x57.jpg 300w, https:\/\/sijenasi.com\/wp-content\/uploads\/2022\/09\/perfil-de-elevacion-ruta-de-la-ermita-de-santiago-de-sarinena-hasta-el-monasterio-de-sijena-2022-1024x196.jpg 1024w, https:\/\/sijenasi.com\/wp-content\/uploads\/2022\/09\/perfil-de-elevacion-ruta-de-la-ermita-de-santiago-de-sarinena-hasta-el-monasterio-de-sijena-2022-768x147.jpg 768w\" sizes=\"auto, (max-width: 1366px) 100vw, 1366px\" \/><\/figure>\n\n\n\n<p class=\"has-text-align-center\"><strong>Cartel para compartir en las redes<\/strong>:<\/p>\n\n\n<div class=\"wp-block-image\">\n<figure class=\"aligncenter size-large\"><img loading=\"lazy\" decoding=\"async\" width=\"738\" height=\"1024\" src=\"https:\/\/sijenasi.com\/wp-content\/uploads\/2022\/09\/cartel-jornada-sijena-viva-2022-para-redes.jpg?w=738\" alt=\"\" class=\"wp-image-3719\" srcset=\"https:\/\/sijenasi.com\/wp-content\/uploads\/2022\/09\/cartel-jornada-sijena-viva-2022-para-redes.jpg 738w, https:\/\/sijenasi.com\/wp-content\/uploads\/2022\/09\/cartel-jornada-sijena-viva-2022-para-redes-216x300.jpg 216w\" sizes=\"auto, (max-width: 738px) 100vw, 738px\" \/><\/figure>\n<\/div>","protected":false},"excerpt":{"rendered":"<p>A punto de entrar en el \u00abA\u00f1o de Sijena 2023\u00bb, la realidad es que el monasterio est\u00e1 vac\u00edo, sin comunidad mon\u00e1stica, lo cual supone una gran preocupaci\u00f3n para todos. Es por ello que nuestra plataforma y otras entidades (Hermanas Sanjuanistas, Orden de Malta, y Ayuntamiento de Villanueva de Sijena) organizar\u00e1n con la colaboraci\u00f3n de otros [&hellip;]<\/p>\n","protected":false},"author":2,"featured_media":3644,"comment_status":"open","ping_status":"open","sticky":false,"template":"","format":"standard","meta":{"ngg_post_thumbnail":0,"_jetpack_memberships_contains_paid_content":false,"footnotes":""},"categories":[2,17,24,52],"tags":[116,194,334,335,342,414,439],"class_list":["post-3633","post","type-post","status-publish","format-standard","hentry","category-acciones","category-jornada","category-monasterio-de-sijena","category-voluntariado","tag-ayuntamiento","tag-esperanzarte","tag-orden-de-malta","tag-orden-sanjuanista","tag-parroquias","tag-sijena-viva","tag-villanueva-de-sijena"],"jetpack_featured_media_url":"https:\/\/sijenasi.com\/wp-content\/uploads\/2022\/09\/imagen-jornada-sijena-viva-2022.jpg","jetpack_sharing_enabled":true,"_links":{"self":[{"href":"https:\/\/sijenasi.com\/index.php\/wp-json\/wp\/v2\/posts\/3633","targetHints":{"allow":["GET"]}}],"collection":[{"href":"https:\/\/sijenasi.com\/index.php\/wp-json\/wp\/v2\/posts"}],"about":[{"href":"https:\/\/sijenasi.com\/index.php\/wp-json\/wp\/v2\/types\/post"}],"author":[{"embeddable":true,"href":"https:\/\/sijenasi.com\/index.php\/wp-json\/wp\/v2\/users\/2"}],"replies":[{"embeddable":true,"href":"https:\/\/sijenasi.com\/index.php\/wp-json\/wp\/v2\/comments?post=3633"}],"version-history":[{"count":0,"href":"https:\/\/sijenasi.com\/index.php\/wp-json\/wp\/v2\/posts\/3633\/revisions"}],"wp:featuredmedia":[{"embeddable":true,"href":"https:\/\/sijenasi.com\/index.php\/wp-json\/wp\/v2\/media\/3644"}],"wp:attachment":[{"href":"https:\/\/sijenasi.com\/index.php\/wp-json\/wp\/v2\/media?parent=3633"}],"wp:term":[{"taxonomy":"category","embeddable":true,"href":"https:\/\/sijenasi.com\/index.php\/wp-json\/wp\/v2\/categories?post=3633"},{"taxonomy":"post_tag","embeddable":true,"href":"https:\/\/sijenasi.com\/index.php\/wp-json\/wp\/v2\/tags?post=3633"}],"curies":[{"name":"wp","href":"https:\/\/api.w.org\/{rel}","templated":true}]}}