{"id":3497,"date":"2022-03-14T21:56:38","date_gmt":"2022-03-14T19:56:38","guid":{"rendered":"https:\/\/sijenasi.com\/?p=3497"},"modified":"2022-03-14T21:56:38","modified_gmt":"2022-03-14T19:56:38","slug":"vamos-a-barcelona-no-dejes-de-firmar","status":"publish","type":"post","link":"https:\/\/sijenasi.com\/index.php\/2022\/03\/14\/vamos-a-barcelona-no-dejes-de-firmar\/","title":{"rendered":"\u00a1Vamos a Barcelona! \u00a1No dejes de firmar!"},"content":{"rendered":"\n<figure class=\"wp-block-image size-large\"><img loading=\"lazy\" decoding=\"async\" width=\"1024\" height=\"680\" src=\"https:\/\/sijenasi.com\/wp-content\/uploads\/2022\/03\/sijena-si-en-marcha.jpg?w=1024\" alt=\"\" class=\"wp-image-3504\" srcset=\"https:\/\/sijenasi.com\/wp-content\/uploads\/2022\/03\/sijena-si-en-marcha.jpg 1024w, https:\/\/sijenasi.com\/wp-content\/uploads\/2022\/03\/sijena-si-en-marcha-300x199.jpg 300w, https:\/\/sijenasi.com\/wp-content\/uploads\/2022\/03\/sijena-si-en-marcha-768x510.jpg 768w\" sizes=\"auto, (max-width: 1024px) 100vw, 1024px\" \/><\/figure>\n\n\n\n<p>Una representaci\u00f3n de la Plataforma Sijena S\u00ed llevar\u00e1 a Barcelona las m\u00e1s de <strong>15.000 firmas<\/strong> que el colectivo ha ido recogiendo en diversas mesas adem\u00e1s de la campa\u00f1a p\u00fablica en <strong><a href=\"https:\/\/www.change.org\/p\/generalitat-de-catalu%C3%B1a-devuelvan-a-arag%C3%B3n-las-pinturas-expoliadas-a-sijena-por-el-mnac\" target=\"_blank\" rel=\"noreferrer noopener\">Change.org<\/a><\/strong> para pedir la devoluci\u00f3n de las pinturas murales. En este fin de semana la plataforma ha organizado una \u00faltima mesa en Sari\u00f1ena donde se han solidarizado varios centenares m\u00e1s de ciudadanos y ciudadanas.<\/p>\n\n\n\n<p>Ser\u00e1 el s\u00e1bado, <strong>26 de marzo<\/strong>, v\u00edsperas del <strong>99 aniversario<\/strong> de la declaraci\u00f3n de Sijena como Monumento Nacional (28 de marzo de 1923). Sijena S\u00ed consigui\u00f3 que las <a href=\"https:\/\/sijenasi.com\/2020\/10\/23\/las-cortes-de-aragon-declaran-por-unanimidad-el-2023-como-ano-de-sijena\/\"><strong>Cortes de Arag\u00f3n<\/strong><\/a> aprobaran un\u00e1nimemente una Proposici\u00f3n no de Ley que declar\u00f3 el 2023 como \u201cA\u00f1o de Sijena\u201d, y por la que el Gobierno de Arag\u00f3n va a <a href=\"https:\/\/sijenasi.com\/2022\/02\/20\/el-presidente-lamban-promete-18-m-para-sijena\/\"><strong>invertir en la restauraci\u00f3n del monasterio en este a\u00f1o 1,8 millones de euros<\/strong><\/a>. Recientemente la plataforma celebr\u00f3 la <a href=\"https:\/\/sijenasi.com\/2022\/03\/01\/cronica-de-la-ii-jornada-sonar-sijena-2023\/\"><strong>II Jornada So\u00f1ar Sijena 2023<\/strong><\/a> donde diversos expertos dieron pautas para el cumplimiento de esta Proposici\u00f3n no de Ley, especialmente la redacci\u00f3n de un plan director, un plan muse\u00edstico y la creaci\u00f3n de un patronato que gestione el monumento.<\/p>\n\n\n\n<p>Pero <strong>es el regreso de sus pinturas murales lo que dar\u00eda mayor fuerza y sentido a esa celebraci\u00f3n<\/strong>. En un contexto de guerra en Europa,<strong> Sijena es todav\u00eda una herida abierta de la guerra civil<\/strong>, cuando el monasterio fue destruido y expoliado. A\u00fan no se han devuelto esas pinturas que se encuentran en dep\u00f3sito en el MNAC (Museo Nacional de Arte de Catalu\u00f1a) desde 1939 y sobre las que penden dos decisiones judiciales que esperan la sentencia firme del Tribunal Supremo.<\/p>\n\n\n\n<p>Estas firmas, recogidas sobre todo en Arag\u00f3n, pero tambi\u00e9n avaladas por miles de ciudadanos de Catalu\u00f1a y otras regiones, piden al MNAC y sus patronos (la Generalitat de Catalu\u00f1a, el Ayuntamiento de Barcelona y el Ministerio de Cultura) que dejen de poner palos en las ruedas con nuevos litigios y dilaciones para hacer <strong>que el 2023 sea el a\u00f1o del encuentro y la reconciliaci\u00f3n<\/strong> en torno a un patrimonio de valor universal.<\/p>\n\n\n\n<p>El acto de entrega de las firmas tendr\u00e1 lugar hacia las <strong>11:45 del s\u00e1bado 26 de marzo a las puertas del MNAC<\/strong>, y luego los representantes de la plataforma llevar\u00e1n simb\u00f3licamente esa petici\u00f3n a las puertas de los patronos del citado museo.<\/p>\n\n\n\n<p>Quienes deseen <strong>a\u00f1adir su firma a las ya recogidas<\/strong> en la campa\u00f1a o unirse a esta entrega, pueden hacerlo en nuestra <strong><a href=\"https:\/\/www.change.org\/p\/generalitat-de-catalu%C3%B1a-devuelvan-a-arag%C3%B3n-las-pinturas-expoliadas-a-sijena-por-el-mnac\" target=\"_blank\" rel=\"noreferrer noopener\">campa\u00f1a virtual<\/a><\/strong>. \u00a1Todav\u00eda pueden arrimar el hombro antes del 26 de marzo unos cuantos miles de ciudadanos m\u00e1s!<\/p>\n\n\n\n<p><strong>Ecos<\/strong> en los medios:<\/p>\n\n\n\n<ul class=\"wp-block-list\"><li>Heraldo de Arag\u00f3n: <a rel=\"noreferrer noopener\" href=\"https:\/\/www.heraldo.es\/noticias\/aragon\/huesca\/2022\/03\/14\/sijena-si-entregara-mas-de-15-000-firmas-en-barcelona-reclamando-la-vuelta-de-las-pinturas-murales-1559701.html\" target=\"_blank\">Sijena S\u00ed entregar\u00e1 m\u00e1s de 15.000 firmas en Barcelona reclamando la vuelta de las pinturas murales <\/a><\/li><li>Diario del Altoarag\u00f3n:  <a rel=\"noreferrer noopener\" href=\"https:\/\/www.diariodelaltoaragon.es\/noticias\/comarcas\/2022\/03\/14\/la-plataforma-sijena-si-entregara-15-000-firmas-para-reclamar-sus-pinturas-murales-1559618-daa.html\" target=\"_blank\">Sijena S\u00ed entregar\u00e1 15.000 firmas para reclamar sus pinturas murales<\/a><\/li><li>El Peri\u00f3dico de Arag\u00f3n: <a rel=\"noreferrer noopener\" href=\"https:\/\/www.elperiodicodearagon.com\/aragon\/aragon-huesca\/2022\/03\/14\/sijena-entregara-15-000-firmas-63830166.html\" target=\"_blank\">Sijena S\u00ed entregar\u00e1 15.000 firmas para reclamar sus pinturas murales<\/a><\/li><li>eldiario.es: <a href=\"https:\/\/www.eldiario.es\/aragon\/15-000-firmas-pinturas-murales-regresen-monasterio-sijena_1_8852506.html\" target=\"_blank\" rel=\"noreferrer noopener\">M\u00e1s de 15.000 firmas para que las pinturas murales regresen al monasterio de Sijena<\/a><\/li><\/ul>\n","protected":false},"excerpt":{"rendered":"<p>Una representaci\u00f3n de la Plataforma Sijena S\u00ed llevar\u00e1 a Barcelona las m\u00e1s de 15.000 firmas que el colectivo ha ido recogiendo en diversas mesas adem\u00e1s de la campa\u00f1a p\u00fablica en Change.org para pedir la devoluci\u00f3n de las pinturas murales. En este fin de semana la plataforma ha organizado una \u00faltima mesa en Sari\u00f1ena donde se [&hellip;]<\/p>\n","protected":false},"author":2,"featured_media":3504,"comment_status":"open","ping_status":"open","sticky":false,"template":"","format":"standard","meta":{"ngg_post_thumbnail":0,"_jetpack_memberships_contains_paid_content":false,"footnotes":""},"categories":[2,6,65,68,22,85,27,41,49],"tags":[90,129,152,208,216,302,304,309,353,357,407,413],"class_list":["post-3497","post","type-post","status-publish","format-standard","hentry","category-acciones","category-caravana","category-devolucion","category-expolio","category-marcha","category-plan-director","category-plataforma-sijena-si","category-sijena-2023","category-tribunal-supremo","tag-26-de-marzo-2022","tag-campana","tag-change-org","tag-firmas","tag-generalitat-de-cataluna","tag-mnac","tag-monasterio-de-sijena","tag-monumento-nacional","tag-pinturas","tag-plataforma","tag-sentencias-judiciales","tag-sijena-si"],"jetpack_featured_media_url":"https:\/\/sijenasi.com\/wp-content\/uploads\/2022\/03\/sijena-si-en-marcha.jpg","jetpack_sharing_enabled":true,"_links":{"self":[{"href":"https:\/\/sijenasi.com\/index.php\/wp-json\/wp\/v2\/posts\/3497","targetHints":{"allow":["GET"]}}],"collection":[{"href":"https:\/\/sijenasi.com\/index.php\/wp-json\/wp\/v2\/posts"}],"about":[{"href":"https:\/\/sijenasi.com\/index.php\/wp-json\/wp\/v2\/types\/post"}],"author":[{"embeddable":true,"href":"https:\/\/sijenasi.com\/index.php\/wp-json\/wp\/v2\/users\/2"}],"replies":[{"embeddable":true,"href":"https:\/\/sijenasi.com\/index.php\/wp-json\/wp\/v2\/comments?post=3497"}],"version-history":[{"count":0,"href":"https:\/\/sijenasi.com\/index.php\/wp-json\/wp\/v2\/posts\/3497\/revisions"}],"wp:featuredmedia":[{"embeddable":true,"href":"https:\/\/sijenasi.com\/index.php\/wp-json\/wp\/v2\/media\/3504"}],"wp:attachment":[{"href":"https:\/\/sijenasi.com\/index.php\/wp-json\/wp\/v2\/media?parent=3497"}],"wp:term":[{"taxonomy":"category","embeddable":true,"href":"https:\/\/sijenasi.com\/index.php\/wp-json\/wp\/v2\/categories?post=3497"},{"taxonomy":"post_tag","embeddable":true,"href":"https:\/\/sijenasi.com\/index.php\/wp-json\/wp\/v2\/tags?post=3497"}],"curies":[{"name":"wp","href":"https:\/\/api.w.org\/{rel}","templated":true}]}}