{"id":3395,"date":"2022-02-19T22:27:00","date_gmt":"2022-02-19T20:27:00","guid":{"rendered":"https:\/\/sijenasi.com\/?p=3395"},"modified":"2022-02-19T22:27:00","modified_gmt":"2022-02-19T20:27:00","slug":"ii-jornada-sonar-sijena-2023","status":"publish","type":"post","link":"https:\/\/sijenasi.com\/index.php\/2022\/02\/19\/ii-jornada-sonar-sijena-2023\/","title":{"rendered":"II Jornada So\u00f1ar Sijena 2023"},"content":{"rendered":"\n<figure class=\"wp-block-image size-large\"><img loading=\"lazy\" decoding=\"async\" width=\"1502\" height=\"591\" src=\"https:\/\/sijenasi.com\/wp-content\/uploads\/2019\/04\/jornada-soc3b1ar-sijena-2023-32.jpg?w=1024\" alt=\"\" class=\"wp-image-2522\" srcset=\"https:\/\/sijenasi.com\/wp-content\/uploads\/2019\/04\/jornada-soc3b1ar-sijena-2023-32.jpg 1502w, https:\/\/sijenasi.com\/wp-content\/uploads\/2019\/04\/jornada-soc3b1ar-sijena-2023-32-300x118.jpg 300w, https:\/\/sijenasi.com\/wp-content\/uploads\/2019\/04\/jornada-soc3b1ar-sijena-2023-32-1024x403.jpg 1024w, https:\/\/sijenasi.com\/wp-content\/uploads\/2019\/04\/jornada-soc3b1ar-sijena-2023-32-768x302.jpg 768w\" sizes=\"auto, (max-width: 1502px) 100vw, 1502px\" \/><\/figure>\n\n\n\n<p>(Se ir\u00e1 actualizando con la incorporaci\u00f3n de ponentes y entidades)<\/p>\n\n\n\n<p><strong>ORGANIZA<\/strong>: Asociaci\u00f3n Plataforma Sijena S\u00ed.<\/p>\n\n\n\n<p><strong>Colaboran<\/strong>: Orden de Malta, Museos Diocesanos de Huesca, Barbastro y Teruel, Comarca de Los Monegros, Ayuntamiento de Villanueva de Sijena, Instituto de Estudios Sijenenses \u201cMiguel Servet\u201d, Fundaci\u00f3n Santa Mar\u00eda de Albarrac\u00edn\u2026&nbsp; Se ir\u00e1 actualizando la lista conforme otras entidades y participantes respondan.<\/p>\n\n\n\n<p><strong>FECHA<\/strong>: &nbsp;&nbsp;&nbsp;&nbsp;&nbsp;&nbsp;&nbsp;&nbsp;&nbsp;&nbsp;&nbsp;&nbsp;&nbsp;&nbsp;&nbsp;&nbsp;<strong>S\u00e1bado, 26 de febrero de 2022<\/strong><\/p>\n\n\n\n<p><strong>LUGAR<\/strong>: &nbsp;&nbsp;&nbsp;&nbsp;&nbsp;&nbsp;&nbsp;&nbsp;&nbsp;&nbsp;&nbsp;&nbsp;&nbsp;&nbsp; Casa natal de Miguel Servet en <strong>Villanueva de Sijena<\/strong>, Huesca.<\/p>\n\n\n\n<p><strong>OBJETIVOS<\/strong>:<\/p>\n\n\n\n<ul class=\"wp-block-list\"><li>Fomentar el encuentro, el di\u00e1logo, la participaci\u00f3n y la unidad de todas las fuerzas aragonesas en este proyecto.<\/li><li>Avanzar en la clarificaci\u00f3n de lo que puede ser un buen Plan Director para Sijena.<\/li><li>Dotar a la sociedad civil de algunos criterios para poder dise\u00f1ar un plan muse\u00edstico.<\/li><li>Clarificar puntos necesarios para el cumplimiento de la propuesta de la Plataforma Sijena S\u00ed a las Cortes de Arag\u00f3n y aprobada como Proposici\u00f3n no de Ley por todas las fuerzas pol\u00edticas en octubre de 2020.<\/li><\/ul>\n\n\n\n<p class=\"has-text-align-center\"><strong>25 de febrero \u2013 Jornada Pedag\u00f3gica previa<\/strong><\/p>\n\n\n\n<p>13:30 \u2013 <strong>Videoconferencia y coloquio<\/strong> con alumnos y alumnas de ESO y Bachillerato: <strong>Sijena: pasado, presente y futuro ante el 2023. Juan Yzuel Sanz. <\/strong>Profesor y Coordinador de Sijena S\u00ed. (Los centros que deseen participar pueden <a href=\"plataforma@sijenasi.com\">contactar <\/a>con la Plataforma para esta actividad did\u00e1ctica y divulgativa).<\/p>\n\n\n\n<p><strong>26 de febrero &#8211; PROGRAMA<\/strong><\/p>\n\n\n\n<p>9:30&nbsp;&nbsp;&nbsp;&nbsp;&nbsp;&nbsp; <strong>Recepci\u00f3n<\/strong>, acogida, documentaci\u00f3n.<\/p>\n\n\n\n<p>10:00&nbsp;&nbsp;&nbsp;&nbsp; <strong>Bienvenida <\/strong>y presentaci\u00f3n de la Jornada<\/p>\n\n\n\n<ul class=\"wp-block-list\"><li><strong>Jos\u00e9 Jaime Castell\u00f3n<\/strong>. Alcalde de Villanueva de Sijena.<\/li><li><strong>Juan Yzuel<\/strong>. Coordinador de la Plataforma Sijena S\u00ed.<\/li><\/ul>\n\n\n\n<p>10:20&nbsp;&nbsp;&nbsp;&nbsp; Primera mesa redonda: <strong>Un plan director para Sijena<\/strong>. Aspectos legales, art\u00edsticos y t\u00e9cnicos.<\/p>\n\n\n\n<p>Coordinan:<\/p>\n\n\n\n<ul class=\"wp-block-list\"><li><strong>Domingo Buesa<\/strong>. Catedr\u00e1tico de Historia. Exdirector General de Patrimonio del Gobierno de Arag\u00f3n. Presidente de la Real Academia de Nobles y Bellas Artes de San Luis y miembro de la Real Academia de la Historia. Anterior Director Cient\u00edfico del Museo Alma Mater de Zaragoza.<\/li><li><strong>Juan Carlos Lozano<\/strong>. Profesor Titular del Dpto. de Historia del Arte de la Univ. de Zaragoza. Acad\u00e9mico numerario de la Real Academia de Nobles y Bellas Artes de San Luis.<\/li><\/ul>\n\n\n\n<p>Participan (entidades y personas que hasta ahora han confirmado su participaci\u00f3n):<\/p>\n\n\n\n<ul class=\"wp-block-list\"><li><strong>Francisco Cavero de Pedro. <\/strong>Abogado. Orden de Malta en Arag\u00f3n.<\/li><li><strong>Alfonso Salillas<\/strong>. Anterior alcalde de Villanueva de Sijena (PAR) y promotor de las reivindicaciones patrimoniales por los bienes del Real Monasterio de Sijena.<\/li><\/ul>\n\n\n\n<p>11:45&nbsp; horas: <strong>Caf\u00e9<\/strong><\/p>\n\n\n\n<p>12:15 <strong>Segunda mesa redonda<\/strong>: <strong>Un plan muse\u00edstico<\/strong> <strong>para Sijena. <\/strong>Retos y oportunidades de un gran monumento.<\/p>\n\n\n\n<p>Coordinan:<\/p>\n\n\n\n<ul class=\"wp-block-list\"><li><strong>Carmen Lacarra<\/strong>. Catedr\u00e1tica de H\u00aa del Arte Antiguo y Medieval en la Univ. de Zaragoza. Acad\u00e9mica numeraria de la Real Academia de Nobles y Bellas Artes de San Luis. Consejera de la&nbsp; \u201cInstituci\u00f3n Fernando el Cat\u00f3lico\u201d y Directora de la \u201cC\u00e1tedra Goya\u201d de la Diputaci\u00f3n de Zaragoza.<\/li><li><strong>Jos\u00e9 Mar\u00eda Nasarre<\/strong>. Director del Museo Diocesano de Huesca y Delegado de Patrimonio Cultural de la Di\u00f3cesis.<\/li><\/ul>\n\n\n\n<p>Participan (entidades y personas que hasta ahora han confirmado su participaci\u00f3n):<\/p>\n\n\n\n<ul class=\"wp-block-list\"><li><strong>Mar\u00eda Elisa S\u00e1nchez<\/strong>. Profesora de Antropolog\u00eda Social del Dpto. de Psicolog\u00eda y Sociolog\u00eda de la Universidad de Zaragoza. Codirectora de la Revista <em>Temas de Antropolog\u00eda Aragonesa<\/em>.<\/li><li><strong>Pedro Luis Hernando.<\/strong> Director del Museo de Arte Sacro de Teruel.<\/li><\/ul>\n\n\n\n<p><br>13:35: <strong>Homenaje p\u00f3stumo<\/strong> a Antonio Torres y Enrique Gros, miembros fundadores de la Plataforma.<\/p>\n\n\n\n<p>13:45 Fin de la ma\u00f1ana.<\/p>\n\n\n\n<p><br>14:30: Comida (En el restaurante <em>Boira<\/em> de Sari\u00f1ena)<\/p>\n\n\n\n<p><br>17:00 <strong>Tercera mesa redonda<\/strong>: &nbsp;<strong>LOS SUE\u00d1OS DE SIJENA<\/strong><strong>. <\/strong>Exposici\u00f3n de lo que distintas instituciones y personas relevantes sue\u00f1an para el monasterio desde sensibilidades y visiones diversas.<\/p>\n\n\n\n<p>Coordinan:<\/p>\n\n\n\n<ul class=\"wp-block-list\"><li><strong>Judith Budios. <\/strong>Anterior Presidenta de la Comarca de Los Monegros. Consejera comarcal por el PP.<\/li><li><strong>Salvador Ariste. <\/strong>Ex Diputado en las Cortes de Arag\u00f3n por Chunta Aragonesista. &nbsp;<\/li><\/ul>\n\n\n\n<p>Participan (entidades y personas que hasta ahora han confirmado su participaci\u00f3n):<\/p>\n\n\n\n<ul class=\"wp-block-list\"><li><strong>Francisco Cavero de Pedro. <\/strong>Abogado. Orden de Malta en Arag\u00f3n.<\/li><li><strong>Jos\u00e9 Jaime Castell\u00f3n<\/strong>. Alcalde de Villanueva de Sijena (Ciudadanos)<\/li><li><strong>Juan Naya<\/strong>. Promotor General del Instituto de Estudios Sijenenses \u201cMiguel Servet\u201d.<\/li><li><strong>Jos\u00e9 Carlos Boned.<\/strong> Alcalde de Berbegal (PSOE)<\/li><li><strong>Cristian Royo.<\/strong> Diputado provincial por Ciudadanos.<\/li><li><strong>Antonio Jim\u00e9nez.<\/strong> Director Gerente de la Fundaci\u00f3n Santa Mar\u00eda de Albarrac\u00edn.<\/li><li><strong>Juan Jos\u00e9 Nieto<\/strong>. Doctor en Historia. Investigador con amplia experiencia en el patrimonio del Altoarag\u00f3n. Miembro de la Asociaci\u00f3n Pro Patrimonium Sijena y Jerusal\u00e9n.<\/li><\/ul>\n\n\n\n<p>18:45 Caf\u00e9-Descanso final<\/p>\n\n\n\n<p>19 h. Conclusiones y despedida.<\/p>\n\n\n\n<ul class=\"wp-block-list\"><li><strong>Catalina Torres y Salvador Trallero<\/strong>. Secretarios de la Jornada y de la Plataforma Sijena S\u00ed.<\/li><li><strong>Juan Yzuel Sanz<\/strong>. Coordinador de la Plataforma Sijena S\u00ed.<\/li><\/ul>\n\n\n\n<p>19:30 Fin de la Jornada.<\/p>\n\n\n\n<p><strong>PROTECCI\u00d3N COVID: <\/strong>Se seguir\u00e1n todas las medidas preventivas dadas por las autoridades sanitarias.<\/p>\n\n\n\n<p><strong>INSCRIPCI\u00d3N PREVIA<\/strong>: Dado que el aforo es limitado, dese de alta cuanto antes en <strong><a href=\"https:\/\/sijenasi.com\/inscripcion\/\">INSCRIPCI\u00d3N<\/a><\/strong>.<\/p>\n\n\n\n<p><strong>PARTICIPACI\u00d3N TELEM\u00c1TICA: <\/strong>Las mesas redondas se emitir\u00e1n en directo por el canal de <strong><em>Youtube<\/em><\/strong> de la Plataforma Sijena S\u00ed. Ser\u00e1 abierta a todos y se facilitar\u00e1n los datos de la conexi\u00f3n unos d\u00edas antes a trav\u00e9s de esta p\u00e1gina web.<\/p>\n\n\n\n<p><strong>PRECIO<\/strong>: Al ser una iniciativa ciudadana, no cuenta con subvenciones y la Plataforma pide a los participantes una contribuci\u00f3n de <strong>5 \u20ac<\/strong> para los gastos. Se har\u00e1 entrega en la misma jornada, por transferencia o b\u00edzum. (<em>La Plataforma invita a sus simpatizantes a ayudar con una \u00abfila cero\u00bb siguiendo el mismo m\u00e9todo de pago. Se reconocer\u00e1 cada aportaci\u00f3n<\/em>).<\/p>\n\n\n\n<p><strong>COMIDA<\/strong>: Quienes deseen participar en la comida (<strong>20 \u20ac<\/strong>) deber\u00e1n indicarlo al inscribirse y hacer el pago.<br>Tras recibir la confirmaci\u00f3n de la inscripci\u00f3n, <strong><a href=\"https:\/\/sijenasi.com\/pago\/\">C\u00d3MO PAGAR<\/a><\/strong><\/p>\n","protected":false},"excerpt":{"rendered":"<p>(Se ir\u00e1 actualizando con la incorporaci\u00f3n de ponentes y entidades) ORGANIZA: Asociaci\u00f3n Plataforma Sijena S\u00ed. Colaboran: Orden de Malta, Museos Diocesanos de Huesca, Barbastro y Teruel, Comarca de Los Monegros, Ayuntamiento de Villanueva de Sijena, Instituto de Estudios Sijenenses \u201cMiguel Servet\u201d, Fundaci\u00f3n Santa Mar\u00eda de Albarrac\u00edn\u2026&nbsp; Se ir\u00e1 actualizando la lista conforme otras entidades y [&hellip;]<\/p>\n","protected":false},"author":2,"featured_media":2480,"comment_status":"open","ping_status":"open","sticky":false,"template":"","format":"standard","meta":{"ngg_post_thumbnail":0,"_jetpack_memberships_contains_paid_content":false,"footnotes":""},"categories":[2,62,17,85,41],"tags":[91,144,233,304,357,413,416],"class_list":["post-3395","post","type-post","status-publish","format-standard","hentry","category-acciones","category-cortes-de-aragon","category-jornada","category-plan-director","category-sijena-2023","tag-26-febrero-2022","tag-casa-natal-de-miguel-servet","tag-ii","tag-monasterio-de-sijena","tag-plataforma","tag-sijena-si","tag-sonar-sijena-2023"],"jetpack_featured_media_url":"https:\/\/sijenasi.com\/wp-content\/uploads\/2019\/02\/sonar-sijena-2023.jpg","jetpack_sharing_enabled":true,"_links":{"self":[{"href":"https:\/\/sijenasi.com\/index.php\/wp-json\/wp\/v2\/posts\/3395","targetHints":{"allow":["GET"]}}],"collection":[{"href":"https:\/\/sijenasi.com\/index.php\/wp-json\/wp\/v2\/posts"}],"about":[{"href":"https:\/\/sijenasi.com\/index.php\/wp-json\/wp\/v2\/types\/post"}],"author":[{"embeddable":true,"href":"https:\/\/sijenasi.com\/index.php\/wp-json\/wp\/v2\/users\/2"}],"replies":[{"embeddable":true,"href":"https:\/\/sijenasi.com\/index.php\/wp-json\/wp\/v2\/comments?post=3395"}],"version-history":[{"count":0,"href":"https:\/\/sijenasi.com\/index.php\/wp-json\/wp\/v2\/posts\/3395\/revisions"}],"wp:featuredmedia":[{"embeddable":true,"href":"https:\/\/sijenasi.com\/index.php\/wp-json\/wp\/v2\/media\/2480"}],"wp:attachment":[{"href":"https:\/\/sijenasi.com\/index.php\/wp-json\/wp\/v2\/media?parent=3395"}],"wp:term":[{"taxonomy":"category","embeddable":true,"href":"https:\/\/sijenasi.com\/index.php\/wp-json\/wp\/v2\/categories?post=3395"},{"taxonomy":"post_tag","embeddable":true,"href":"https:\/\/sijenasi.com\/index.php\/wp-json\/wp\/v2\/tags?post=3395"}],"curies":[{"name":"wp","href":"https:\/\/api.w.org\/{rel}","templated":true}]}}