{"id":332,"date":"2017-05-18T21:01:51","date_gmt":"2017-05-18T19:01:51","guid":{"rendered":"http:\/\/sijenasi.com\/?p=332"},"modified":"2017-05-18T21:01:51","modified_gmt":"2017-05-18T19:01:51","slug":"change-org-espanol","status":"publish","type":"post","link":"https:\/\/sijenasi.com\/index.php\/2017\/05\/18\/change-org-espanol\/","title":{"rendered":"Change.org &#8211; Espa\u00f1ol"},"content":{"rendered":"<p><a href=\"https:\/\/sijenasi.com\/historia\/\">ampliamente refutadas por importantes expertos<\/a><img loading=\"lazy\" decoding=\"async\" class=\"alignnone size-full wp-image-338\" src=\"https:\/\/sijenasi.com\/wp-content\/uploads\/2017\/05\/devolucion-ya.jpg\" alt=\"devolucion-ya\" width=\"721\" height=\"420\" srcset=\"https:\/\/sijenasi.com\/wp-content\/uploads\/2017\/05\/devolucion-ya.jpg 721w, https:\/\/sijenasi.com\/wp-content\/uploads\/2017\/05\/devolucion-ya-300x175.jpg 300w\" sizes=\"auto, (max-width: 721px) 100vw, 721px\" \/><\/p>\n<p><strong>Generalitat de Catalu\u00f1a: Devuelvan los bienes expoliados al Monasterio de Sijena<\/strong><\/p>\n<p><strong>Texto de la campa\u00f1a<\/strong><\/p>\n<p>El\u00a0<a href=\"https:\/\/es.wikipedia.org\/wiki\/Monasterio_de_Santa_Mar%C3%ADa_de_Sigena\">Real Monasterio de Sijena<\/a>, fundado en 1188, joya del rom\u00e1nico espa\u00f1ol, pante\u00f3n real de Arag\u00f3n y enclave declarado Monumento Nacional en 1923, ha sido\u00a0<a href=\"https:\/\/sijenasi.com\/el-expolio\/\">repetidamente expoliado<\/a>, comenzando con el arranque de las inigualables pinturas rom\u00e1nicas (s. XIII) de la Sala Capitular durante la Guerra Civil.<\/p>\n<p>El Museo Nacional de Arte de Catalu\u00f1a (MNAC) y la Generalitat de Catalu\u00f1a han sido\u00a0<a href=\"https:\/\/sijenasi.com\/sentencias-judiciales\/\">condenados en dos sentencias<\/a>\u00a0(julio 2016 y abril 2015) a devolver las pinturas murales y 97 obras de arte y objetos almacenados o exhibidos en el\u00a0<a href=\"http:\/\/www.museunacional.cat\/ca\/colleccio\/pintures-de-la-sala-capitular-de-sixena\/mestre-de-la-sala-capitular-de-sixena\/068703-cjt\">MNAC<\/a>\u00a0y en el\u00a0<a href=\"http:\/\/museudelleida.cat\/collection\/gotic\/\">Museo Diocesano de L\u00e9rida<\/a>, y cuyos pretendidos t\u00edtulos de propiedad o posesi\u00f3n han sido rechazados en los juzgados.<\/p>\n<p>A pesar de que los juzgados han ordenado el cumplimiento \u00edntegro de las dos sentencias, solo 51 piezas que no estaban expuestas, de las 97 que pertenecen al Monasterio, han sido devueltas, y las pinturas murales de la Sala Capitular siguen todav\u00eda en el MNAC.<\/p>\n<p>La declaraci\u00f3n de Monumento Nacional en 1923 implica una especial medida de protecci\u00f3n para el Monasterio y su contenido. La postura de la Generalitat es contraria al Estado de Derecho, legitima los desprop\u00f3sitos de la Guerra Civil y de los expoliadores y\u00a0 menosprecia los valores y las competencias del autogobierno de Arag\u00f3n en materia de patrimonio. Las falsas e interesadas razones por las que la Generalitat intenta no devolverlas, han sido\u00a0<a href=\"https:\/\/www.change.org\/p\/11222498\/Las%20falsas%20e%20interesadas%20razones%20por%20las%20que%20la%20Generalitat%20intenta%20no%20devolverlas,%20han%20sido%20ampliamente%20refutadas%20por%20importantes%20expertos.\">ampliamente refutadas por importantes expertos<\/a>.<\/p>\n<p>El pueblo aragon\u00e9s, todos los catalanes de buena voluntad que reconocen que esta situaci\u00f3n de injusticia no beneficia a la sociedad catalana, y personas de todo el mundo con conciencia moral instan a las autoridades catalanas a cumplir \u00edntegramente las sentencias.\u00a0<strong>Le exigimos\u00a0 al Presidente de la Generalitat que cumpla con lo que dictamina la Justicia y que devuelva los bienes de Sijena que nunca debieron salir de Arag\u00f3n.<\/strong><\/p>\n<p>Exigimos tambi\u00e9n que, en caso contrario, se adopten todas las medidas que prev\u00e9 la Ley para hacer cumplir las sentencias, incluyendo su ejecuci\u00f3n forzosa mediante el env\u00edo de la polic\u00eda judicial.<\/p>\n<p><strong>Las firmas recogidas en esta campa\u00f1a se entregar\u00e1n en las puertas de la Generalitat de Catalu\u00f1a en un gran acto ciudadano<\/strong>\u00a0al que est\u00e1n invitadas todas las personas que nos apoyan y cuyos pormenores se ir\u00e1n anunciando en la p\u00e1gina de la Plataforma Sijena S\u00ed:\u00a0<a href=\"http:\/\/www.sijenasi.com\/\">www.sijenasi.com<\/a><\/p>\n<p style=\"text-align:center;\"><strong><a title=\"ESPA\u00d1OL\" href=\"https:\/\/sijenasi.com\/wp-content\/uploads\/2017\/05\/espac3b1ol.pdf\">ESPA\u00d1OL<\/a>\u00a0en PDF.<\/strong><\/p>\n<p style=\"text-align:center;\"><strong><a href=\"https:\/\/www.change.org\/p\/generalitat-de-catalu%C3%B1a-devuelvan-los-bienes-expoliados-al-monasterio-de-sijena\" target=\"_blank\" rel=\"noopener noreferrer\">Participa en la Campa\u00f1a de firmas en Change.org<\/a><\/strong><\/p>\n","protected":false},"excerpt":{"rendered":"<p>ampliamente refutadas por importantes expertos Generalitat de Catalu\u00f1a: Devuelvan los bienes expoliados al Monasterio de Sijena Texto de la campa\u00f1a El\u00a0Real Monasterio de Sijena, fundado en 1188, joya del rom\u00e1nico espa\u00f1ol, pante\u00f3n real de Arag\u00f3n y enclave declarado Monumento Nacional en 1923, ha sido\u00a0repetidamente expoliado, comenzando con el arranque de las inigualables pinturas rom\u00e1nicas (s. [&hellip;]<\/p>\n","protected":false},"author":2,"featured_media":338,"comment_status":"closed","ping_status":"open","sticky":false,"template":"","format":"standard","meta":{"ngg_post_thumbnail":0,"_jetpack_memberships_contains_paid_content":false,"footnotes":""},"categories":[5],"tags":[129,152],"class_list":["post-332","post","type-post","status-publish","format-standard","hentry","category-campanas","tag-campana","tag-change-org"],"jetpack_featured_media_url":"https:\/\/sijenasi.com\/wp-content\/uploads\/2017\/05\/devolucion-ya.jpg","jetpack_sharing_enabled":true,"_links":{"self":[{"href":"https:\/\/sijenasi.com\/index.php\/wp-json\/wp\/v2\/posts\/332","targetHints":{"allow":["GET"]}}],"collection":[{"href":"https:\/\/sijenasi.com\/index.php\/wp-json\/wp\/v2\/posts"}],"about":[{"href":"https:\/\/sijenasi.com\/index.php\/wp-json\/wp\/v2\/types\/post"}],"author":[{"embeddable":true,"href":"https:\/\/sijenasi.com\/index.php\/wp-json\/wp\/v2\/users\/2"}],"replies":[{"embeddable":true,"href":"https:\/\/sijenasi.com\/index.php\/wp-json\/wp\/v2\/comments?post=332"}],"version-history":[{"count":0,"href":"https:\/\/sijenasi.com\/index.php\/wp-json\/wp\/v2\/posts\/332\/revisions"}],"wp:featuredmedia":[{"embeddable":true,"href":"https:\/\/sijenasi.com\/index.php\/wp-json\/wp\/v2\/media\/338"}],"wp:attachment":[{"href":"https:\/\/sijenasi.com\/index.php\/wp-json\/wp\/v2\/media?parent=332"}],"wp:term":[{"taxonomy":"category","embeddable":true,"href":"https:\/\/sijenasi.com\/index.php\/wp-json\/wp\/v2\/categories?post=332"},{"taxonomy":"post_tag","embeddable":true,"href":"https:\/\/sijenasi.com\/index.php\/wp-json\/wp\/v2\/tags?post=332"}],"curies":[{"name":"wp","href":"https:\/\/api.w.org\/{rel}","templated":true}]}}