{"id":3251,"date":"2021-07-28T09:19:00","date_gmt":"2021-07-28T07:19:00","guid":{"rendered":"https:\/\/sijenasi.com\/?p=3251"},"modified":"2021-07-28T09:19:00","modified_gmt":"2021-07-28T07:19:00","slug":"adios-enrique-companero-valiente-y-generoso","status":"publish","type":"post","link":"https:\/\/sijenasi.com\/index.php\/2021\/07\/28\/adios-enrique-companero-valiente-y-generoso\/","title":{"rendered":"Adi\u00f3s, Enrique, compa\u00f1ero valiente y generoso"},"content":{"rendered":"\n<figure class=\"wp-block-image size-large\"><img decoding=\"async\" src=\"https:\/\/sijenasi.com\/wp-content\/uploads\/2021\/08\/ss-enrique-gros-17-1.jpg?w=1024\" alt=\"\" class=\"wp-image-3256\" \/><\/figure>\n\n\n<p class=\"has-drop-cap\">Todas las familias, asociaciones, sindicatos plataformas, parroquias&#8230; salen adelante porque hay personas an\u00f3nimas que no hacen ruido pero que trabajan incansablemente en la sombra por el \u00e9xito de la comunidad. No piden nada, no protestan nunca, no esperan que se les reconozcan sus esfuerzos; simplemente, est\u00e1n all\u00ed siempre para lo que haga falta.<\/p>\n<p><!-- \/wp:post-content --><!-- wp:paragraph --><\/p>\n<p>Hoy tenemos que lamentar la p\u00e9rdida de <strong>Enrique Gros Bastarras<\/strong>, compa\u00f1ero querido y comprometido con esta plataforma desde sus comienzos. Ha caminado con nosotros participando con generosidad y transmiti\u00e9ndonos a todos su clara idea de que no podemos dejar de pedalear si queremos llegar a la meta.<\/p>\n<p><!-- \/wp:paragraph --><!-- wp:paragraph --><\/p>\n<p>No solo lo echaremos en falta aqu\u00ed. Su vida entera ha sido un acto de servicio. As\u00ed lo est\u00e1n viviendo en Chunta Aragonesista, el Banco de Alimentos, las asociaciones de su barrio, la pe\u00f1a de su pueblo y tantos colectivos donde dio lo mejor de s\u00ed mismo.<\/p>\n<p><!-- \/wp:paragraph --><!-- wp:paragraph --><\/p>\n<p>Como dec\u00eda el poeta alem\u00e1n Bertolt Brecht, \u00a0<strong>\u201cHay hombres que luchan un d\u00eda y son buenos. Hay otros que luchan un a\u00f1o y son mejores. Hay quienes luchan muchos a\u00f1os y son muy buenos. Pero hay los que luchan toda la vida: esos son los imprescindibles\u201d.<\/strong><\/p>\n<p><!-- \/wp:paragraph --><!-- wp:paragraph --><\/p>\n<p>Desde aqu\u00ed le enviamos un abrazo a Mar\u00eda Teresa, su esposa, y sus hijos. Que las nuevas generaciones aprendan de aquellos que nos van precediendo y que saben que ninguna causa justa avanza sin que la empujen. Como nos anunci\u00f3 Labordeta en el <em>Canto a la Libertad<\/em>, que tanto inspir\u00f3 a Enrique, <strong>\u00abtambi\u00e9n ser\u00e1 posible que esa hermosa ma\u00f1ana, ni t\u00fa, ni yo, ni el otro, la lleguemos a ver; pero habr\u00e1 que forzarla para que pueda ser\u00bb.<\/strong><\/p>\n<p><!-- \/wp:paragraph --><!-- wp:paragraph --><\/p>\n\n<!-- wp:paragraph -->\n<p>Descansa en paz, Enrique. Seguiremos en la lucha, en esto y otras cosas, por justicia y dignidad.<\/p>\n<!-- \/wp:paragraph -->\n\n<!-- wp:jetpack\/slideshow {\"autoplay\":true,\"delay\":5,\"ids\":[3259,3260,3261,3262,3263,3264,3265,3266,3267,3268,3269,3270,3272,3273,3274,3275,3277,3278,3279,3280,3281,3283,3284,3282,3276,3286,3285,3296,3297,3298,3299,3303,3306,3307],\"sizeSlug\":\"large\"} -->\n<div class=\"wp-block-jetpack-slideshow aligncenter\" data-autoplay=\"true\" data-delay=\"5\" data-effect=\"slide\"><div class=\"wp-block-jetpack-slideshow_container swiper-container\"><ul class=\"wp-block-jetpack-slideshow_swiper-wrapper swiper-wrapper\"><li class=\"wp-block-jetpack-slideshow_slide swiper-slide\"><figure><img loading=\"lazy\" decoding=\"async\" width=\"1024\" height=\"680\" alt=\"\" class=\"wp-block-jetpack-slideshow_image wp-image-3259\" data-id=\"3259\" src=\"https:\/\/sijenasi.com\/wp-content\/uploads\/2021\/08\/ss-enrique-gros-1.jpg?w=1024\" srcset=\"https:\/\/sijenasi.com\/wp-content\/uploads\/2021\/08\/ss-enrique-gros-1.jpg 1024w, https:\/\/sijenasi.com\/wp-content\/uploads\/2021\/08\/ss-enrique-gros-1-300x199.jpg 300w, https:\/\/sijenasi.com\/wp-content\/uploads\/2021\/08\/ss-enrique-gros-1-768x510.jpg 768w\" sizes=\"auto, (max-width: 1024px) 100vw, 1024px\" \/><figcaption class=\"wp-block-jetpack-slideshow_caption gallery-caption\">MNAC<\/figcaption><\/figure><\/li><li class=\"wp-block-jetpack-slideshow_slide swiper-slide\"><figure><img loading=\"lazy\" decoding=\"async\" width=\"1024\" height=\"683\" alt=\"\" class=\"wp-block-jetpack-slideshow_image wp-image-3260\" data-id=\"3260\" src=\"https:\/\/sijenasi.com\/wp-content\/uploads\/2021\/08\/ss-enrique-gros-2.jpg?w=1024\" srcset=\"https:\/\/sijenasi.com\/wp-content\/uploads\/2021\/08\/ss-enrique-gros-2.jpg 1024w, https:\/\/sijenasi.com\/wp-content\/uploads\/2021\/08\/ss-enrique-gros-2-300x200.jpg 300w, https:\/\/sijenasi.com\/wp-content\/uploads\/2021\/08\/ss-enrique-gros-2-768x512.jpg 768w\" sizes=\"auto, (max-width: 1024px) 100vw, 1024px\" \/><figcaption class=\"wp-block-jetpack-slideshow_caption gallery-caption\">MNAC<\/figcaption><\/figure><\/li><li class=\"wp-block-jetpack-slideshow_slide swiper-slide\"><figure><img loading=\"lazy\" decoding=\"async\" width=\"1024\" height=\"680\" alt=\"\" class=\"wp-block-jetpack-slideshow_image wp-image-3261\" data-id=\"3261\" src=\"https:\/\/sijenasi.com\/wp-content\/uploads\/2021\/08\/ss-enrique-gros-3.jpg?w=1024\" srcset=\"https:\/\/sijenasi.com\/wp-content\/uploads\/2021\/08\/ss-enrique-gros-3.jpg 1024w, https:\/\/sijenasi.com\/wp-content\/uploads\/2021\/08\/ss-enrique-gros-3-300x199.jpg 300w, https:\/\/sijenasi.com\/wp-content\/uploads\/2021\/08\/ss-enrique-gros-3-768x510.jpg 768w\" sizes=\"auto, (max-width: 1024px) 100vw, 1024px\" \/><figcaption class=\"wp-block-jetpack-slideshow_caption gallery-caption\">MNAC<\/figcaption><\/figure><\/li><li class=\"wp-block-jetpack-slideshow_slide swiper-slide\"><figure><img loading=\"lazy\" decoding=\"async\" width=\"1024\" height=\"683\" alt=\"\" class=\"wp-block-jetpack-slideshow_image wp-image-3262\" data-id=\"3262\" src=\"https:\/\/sijenasi.com\/wp-content\/uploads\/2021\/08\/ss-enrique-gros-4.jpg?w=1024\" srcset=\"https:\/\/sijenasi.com\/wp-content\/uploads\/2021\/08\/ss-enrique-gros-4.jpg 1024w, https:\/\/sijenasi.com\/wp-content\/uploads\/2021\/08\/ss-enrique-gros-4-300x200.jpg 300w, https:\/\/sijenasi.com\/wp-content\/uploads\/2021\/08\/ss-enrique-gros-4-768x512.jpg 768w\" sizes=\"auto, (max-width: 1024px) 100vw, 1024px\" \/><figcaption class=\"wp-block-jetpack-slideshow_caption gallery-caption\">MNAC<\/figcaption><\/figure><\/li><li class=\"wp-block-jetpack-slideshow_slide swiper-slide\"><figure><img loading=\"lazy\" decoding=\"async\" width=\"1024\" height=\"683\" alt=\"\" class=\"wp-block-jetpack-slideshow_image wp-image-3263\" data-id=\"3263\" src=\"https:\/\/sijenasi.com\/wp-content\/uploads\/2021\/08\/ss-enrique-gros-5.jpg?w=1024\" srcset=\"https:\/\/sijenasi.com\/wp-content\/uploads\/2021\/08\/ss-enrique-gros-5.jpg 1024w, https:\/\/sijenasi.com\/wp-content\/uploads\/2021\/08\/ss-enrique-gros-5-300x200.jpg 300w, https:\/\/sijenasi.com\/wp-content\/uploads\/2021\/08\/ss-enrique-gros-5-768x512.jpg 768w\" sizes=\"auto, (max-width: 1024px) 100vw, 1024px\" \/><figcaption class=\"wp-block-jetpack-slideshow_caption gallery-caption\">BARCELONA<\/figcaption><\/figure><\/li><li class=\"wp-block-jetpack-slideshow_slide swiper-slide\"><figure><img loading=\"lazy\" decoding=\"async\" width=\"1024\" height=\"683\" alt=\"\" class=\"wp-block-jetpack-slideshow_image wp-image-3264\" data-id=\"3264\" src=\"https:\/\/sijenasi.com\/wp-content\/uploads\/2021\/08\/ss-enrique-gros-6.jpg?w=1024\" srcset=\"https:\/\/sijenasi.com\/wp-content\/uploads\/2021\/08\/ss-enrique-gros-6.jpg 1024w, https:\/\/sijenasi.com\/wp-content\/uploads\/2021\/08\/ss-enrique-gros-6-300x200.jpg 300w, https:\/\/sijenasi.com\/wp-content\/uploads\/2021\/08\/ss-enrique-gros-6-768x512.jpg 768w\" sizes=\"auto, (max-width: 1024px) 100vw, 1024px\" \/><figcaption class=\"wp-block-jetpack-slideshow_caption gallery-caption\">BARCELONA<\/figcaption><\/figure><\/li><li class=\"wp-block-jetpack-slideshow_slide swiper-slide\"><figure><img loading=\"lazy\" decoding=\"async\" width=\"1024\" height=\"679\" alt=\"\" class=\"wp-block-jetpack-slideshow_image wp-image-3265\" data-id=\"3265\" src=\"https:\/\/sijenasi.com\/wp-content\/uploads\/2021\/08\/ss-enrique-gros-7.jpg?w=1024\" srcset=\"https:\/\/sijenasi.com\/wp-content\/uploads\/2021\/08\/ss-enrique-gros-7.jpg 1024w, https:\/\/sijenasi.com\/wp-content\/uploads\/2021\/08\/ss-enrique-gros-7-300x199.jpg 300w, https:\/\/sijenasi.com\/wp-content\/uploads\/2021\/08\/ss-enrique-gros-7-768x509.jpg 768w\" sizes=\"auto, (max-width: 1024px) 100vw, 1024px\" \/><figcaption class=\"wp-block-jetpack-slideshow_caption gallery-caption\">Museo de L\u00e9rida<\/figcaption><\/figure><\/li><li class=\"wp-block-jetpack-slideshow_slide swiper-slide\"><figure><img loading=\"lazy\" decoding=\"async\" width=\"1024\" height=\"683\" alt=\"\" class=\"wp-block-jetpack-slideshow_image wp-image-3266\" data-id=\"3266\" src=\"https:\/\/sijenasi.com\/wp-content\/uploads\/2021\/08\/ss-enrique-gros-8.jpg?w=1024\" srcset=\"https:\/\/sijenasi.com\/wp-content\/uploads\/2021\/08\/ss-enrique-gros-8.jpg 1024w, https:\/\/sijenasi.com\/wp-content\/uploads\/2021\/08\/ss-enrique-gros-8-300x200.jpg 300w, https:\/\/sijenasi.com\/wp-content\/uploads\/2021\/08\/ss-enrique-gros-8-768x512.jpg 768w\" sizes=\"auto, (max-width: 1024px) 100vw, 1024px\" \/><figcaption class=\"wp-block-jetpack-slideshow_caption gallery-caption\">Museo de L\u00e9rida<\/figcaption><\/figure><\/li><li class=\"wp-block-jetpack-slideshow_slide swiper-slide\"><figure><img loading=\"lazy\" decoding=\"async\" width=\"1024\" height=\"648\" alt=\"\" class=\"wp-block-jetpack-slideshow_image wp-image-3267\" data-id=\"3267\" src=\"https:\/\/sijenasi.com\/wp-content\/uploads\/2021\/08\/ss-enrique-gros-9.jpg?w=1024\" srcset=\"https:\/\/sijenasi.com\/wp-content\/uploads\/2021\/08\/ss-enrique-gros-9.jpg 1024w, https:\/\/sijenasi.com\/wp-content\/uploads\/2021\/08\/ss-enrique-gros-9-300x190.jpg 300w, https:\/\/sijenasi.com\/wp-content\/uploads\/2021\/08\/ss-enrique-gros-9-768x486.jpg 768w\" sizes=\"auto, (max-width: 1024px) 100vw, 1024px\" \/><figcaption class=\"wp-block-jetpack-slideshow_caption gallery-caption\">Museo de L\u00e9rida<\/figcaption><\/figure><\/li><li class=\"wp-block-jetpack-slideshow_slide swiper-slide\"><figure><img loading=\"lazy\" decoding=\"async\" width=\"1024\" height=\"680\" alt=\"\" class=\"wp-block-jetpack-slideshow_image wp-image-3268\" data-id=\"3268\" src=\"https:\/\/sijenasi.com\/wp-content\/uploads\/2021\/08\/ss-enrique-gros-10.jpg?w=1024\" srcset=\"https:\/\/sijenasi.com\/wp-content\/uploads\/2021\/08\/ss-enrique-gros-10.jpg 1024w, https:\/\/sijenasi.com\/wp-content\/uploads\/2021\/08\/ss-enrique-gros-10-300x199.jpg 300w, https:\/\/sijenasi.com\/wp-content\/uploads\/2021\/08\/ss-enrique-gros-10-768x510.jpg 768w\" sizes=\"auto, (max-width: 1024px) 100vw, 1024px\" \/><figcaption class=\"wp-block-jetpack-slideshow_caption gallery-caption\">Femoga &#8211; Sari\u00f1ena<\/figcaption><\/figure><\/li><li class=\"wp-block-jetpack-slideshow_slide swiper-slide\"><figure><img loading=\"lazy\" decoding=\"async\" width=\"1024\" height=\"680\" alt=\"\" class=\"wp-block-jetpack-slideshow_image wp-image-3269\" data-id=\"3269\" src=\"https:\/\/sijenasi.com\/wp-content\/uploads\/2021\/08\/ss-enrique-gros-11.jpg?w=1024\" srcset=\"https:\/\/sijenasi.com\/wp-content\/uploads\/2021\/08\/ss-enrique-gros-11.jpg 1024w, https:\/\/sijenasi.com\/wp-content\/uploads\/2021\/08\/ss-enrique-gros-11-300x199.jpg 300w, https:\/\/sijenasi.com\/wp-content\/uploads\/2021\/08\/ss-enrique-gros-11-768x510.jpg 768w\" sizes=\"auto, (max-width: 1024px) 100vw, 1024px\" \/><figcaption class=\"wp-block-jetpack-slideshow_caption gallery-caption\">Zaragoza &#8211; Fiestas del Pilar<\/figcaption><\/figure><\/li><li class=\"wp-block-jetpack-slideshow_slide swiper-slide\"><figure><img loading=\"lazy\" decoding=\"async\" width=\"1024\" height=\"680\" alt=\"\" class=\"wp-block-jetpack-slideshow_image wp-image-3270\" data-id=\"3270\" src=\"https:\/\/sijenasi.com\/wp-content\/uploads\/2021\/08\/ss-enrique-gros-12.jpg?w=1024\" srcset=\"https:\/\/sijenasi.com\/wp-content\/uploads\/2021\/08\/ss-enrique-gros-12.jpg 1024w, https:\/\/sijenasi.com\/wp-content\/uploads\/2021\/08\/ss-enrique-gros-12-300x199.jpg 300w, https:\/\/sijenasi.com\/wp-content\/uploads\/2021\/08\/ss-enrique-gros-12-768x510.jpg 768w\" sizes=\"auto, (max-width: 1024px) 100vw, 1024px\" \/><figcaption class=\"wp-block-jetpack-slideshow_caption gallery-caption\">Berbegal<\/figcaption><\/figure><\/li><li class=\"wp-block-jetpack-slideshow_slide swiper-slide\"><figure><img loading=\"lazy\" decoding=\"async\" width=\"1024\" height=\"680\" alt=\"\" class=\"wp-block-jetpack-slideshow_image wp-image-3272\" data-id=\"3272\" src=\"https:\/\/sijenasi.com\/wp-content\/uploads\/2021\/08\/ss-enrique-gros-13.jpg?w=1024\" srcset=\"https:\/\/sijenasi.com\/wp-content\/uploads\/2021\/08\/ss-enrique-gros-13.jpg 1024w, https:\/\/sijenasi.com\/wp-content\/uploads\/2021\/08\/ss-enrique-gros-13-300x199.jpg 300w, https:\/\/sijenasi.com\/wp-content\/uploads\/2021\/08\/ss-enrique-gros-13-768x510.jpg 768w\" sizes=\"auto, (max-width: 1024px) 100vw, 1024px\" \/><figcaption class=\"wp-block-jetpack-slideshow_caption gallery-caption\">Berbegal<\/figcaption><\/figure><\/li><li class=\"wp-block-jetpack-slideshow_slide swiper-slide\"><figure><img loading=\"lazy\" decoding=\"async\" width=\"1024\" height=\"680\" alt=\"\" class=\"wp-block-jetpack-slideshow_image wp-image-3273\" data-id=\"3273\" src=\"https:\/\/sijenasi.com\/wp-content\/uploads\/2021\/08\/ss-enrique-gros-14.jpg?w=1024\" srcset=\"https:\/\/sijenasi.com\/wp-content\/uploads\/2021\/08\/ss-enrique-gros-14.jpg 1024w, https:\/\/sijenasi.com\/wp-content\/uploads\/2021\/08\/ss-enrique-gros-14-300x199.jpg 300w, https:\/\/sijenasi.com\/wp-content\/uploads\/2021\/08\/ss-enrique-gros-14-768x510.jpg 768w\" sizes=\"auto, (max-width: 1024px) 100vw, 1024px\" \/><figcaption class=\"wp-block-jetpack-slideshow_caption gallery-caption\">Sari\u00f1ena &#8211; Coordinadora de Sijena S\u00ed<\/figcaption><\/figure><\/li><li class=\"wp-block-jetpack-slideshow_slide swiper-slide\"><figure><img loading=\"lazy\" decoding=\"async\" width=\"1024\" height=\"680\" alt=\"\" class=\"wp-block-jetpack-slideshow_image wp-image-3274\" data-id=\"3274\" src=\"https:\/\/sijenasi.com\/wp-content\/uploads\/2021\/08\/ss-enrique-gros-15.jpg?w=1024\" srcset=\"https:\/\/sijenasi.com\/wp-content\/uploads\/2021\/08\/ss-enrique-gros-15.jpg 1024w, https:\/\/sijenasi.com\/wp-content\/uploads\/2021\/08\/ss-enrique-gros-15-300x199.jpg 300w, https:\/\/sijenasi.com\/wp-content\/uploads\/2021\/08\/ss-enrique-gros-15-768x510.jpg 768w\" sizes=\"auto, (max-width: 1024px) 100vw, 1024px\" \/><figcaption class=\"wp-block-jetpack-slideshow_caption gallery-caption\">Sari\u00f1ena &#8211; Celebrando las marchas a los museos<\/figcaption><\/figure><\/li><li class=\"wp-block-jetpack-slideshow_slide swiper-slide\"><figure><img loading=\"lazy\" decoding=\"async\" width=\"1024\" height=\"680\" alt=\"\" class=\"wp-block-jetpack-slideshow_image wp-image-3275\" data-id=\"3275\" src=\"https:\/\/sijenasi.com\/wp-content\/uploads\/2021\/08\/ss-enrique-gros-16.jpg?w=1024\" srcset=\"https:\/\/sijenasi.com\/wp-content\/uploads\/2021\/08\/ss-enrique-gros-16.jpg 1024w, https:\/\/sijenasi.com\/wp-content\/uploads\/2021\/08\/ss-enrique-gros-16-300x199.jpg 300w, https:\/\/sijenasi.com\/wp-content\/uploads\/2021\/08\/ss-enrique-gros-16-768x510.jpg 768w\" sizes=\"auto, (max-width: 1024px) 100vw, 1024px\" \/><figcaption class=\"wp-block-jetpack-slideshow_caption gallery-caption\">Sijena<\/figcaption><\/figure><\/li><li class=\"wp-block-jetpack-slideshow_slide swiper-slide\"><figure><img loading=\"lazy\" decoding=\"async\" width=\"1024\" height=\"680\" alt=\"\" class=\"wp-block-jetpack-slideshow_image wp-image-3277\" data-id=\"3277\" src=\"https:\/\/sijenasi.com\/wp-content\/uploads\/2021\/08\/ss-enrique-gros-18.jpg?w=1024\" srcset=\"https:\/\/sijenasi.com\/wp-content\/uploads\/2021\/08\/ss-enrique-gros-18.jpg 1024w, https:\/\/sijenasi.com\/wp-content\/uploads\/2021\/08\/ss-enrique-gros-18-300x199.jpg 300w, https:\/\/sijenasi.com\/wp-content\/uploads\/2021\/08\/ss-enrique-gros-18-768x510.jpg 768w\" sizes=\"auto, (max-width: 1024px) 100vw, 1024px\" \/><figcaption class=\"wp-block-jetpack-slideshow_caption gallery-caption\">Casa del obispo de L\u00e9rida<\/figcaption><\/figure><\/li><li class=\"wp-block-jetpack-slideshow_slide swiper-slide\"><figure><img loading=\"lazy\" decoding=\"async\" width=\"1024\" height=\"680\" alt=\"\" class=\"wp-block-jetpack-slideshow_image wp-image-3278\" data-id=\"3278\" src=\"https:\/\/sijenasi.com\/wp-content\/uploads\/2021\/08\/ss-enrique-gros-19.jpg?w=1024\" srcset=\"https:\/\/sijenasi.com\/wp-content\/uploads\/2021\/08\/ss-enrique-gros-19.jpg 1024w, https:\/\/sijenasi.com\/wp-content\/uploads\/2021\/08\/ss-enrique-gros-19-300x199.jpg 300w, https:\/\/sijenasi.com\/wp-content\/uploads\/2021\/08\/ss-enrique-gros-19-768x510.jpg 768w\" sizes=\"auto, (max-width: 1024px) 100vw, 1024px\" \/><figcaption class=\"wp-block-jetpack-slideshow_caption gallery-caption\">Sari\u00f1ena &#8211; Coordinadora de Sijena S\u00ed<\/figcaption><\/figure><\/li><li class=\"wp-block-jetpack-slideshow_slide swiper-slide\"><figure><img loading=\"lazy\" decoding=\"async\" width=\"1024\" height=\"680\" alt=\"\" class=\"wp-block-jetpack-slideshow_image wp-image-3279\" data-id=\"3279\" src=\"https:\/\/sijenasi.com\/wp-content\/uploads\/2021\/08\/ss-enrique-gros-20.jpg?w=1024\" srcset=\"https:\/\/sijenasi.com\/wp-content\/uploads\/2021\/08\/ss-enrique-gros-20.jpg 1024w, https:\/\/sijenasi.com\/wp-content\/uploads\/2021\/08\/ss-enrique-gros-20-300x199.jpg 300w, https:\/\/sijenasi.com\/wp-content\/uploads\/2021\/08\/ss-enrique-gros-20-768x510.jpg 768w\" sizes=\"auto, (max-width: 1024px) 100vw, 1024px\" \/><figcaption class=\"wp-block-jetpack-slideshow_caption gallery-caption\">Con el nuevo alcalde de Villanueva de Sijena<\/figcaption><\/figure><\/li><li class=\"wp-block-jetpack-slideshow_slide swiper-slide\"><figure><img loading=\"lazy\" decoding=\"async\" width=\"1024\" height=\"680\" alt=\"\" class=\"wp-block-jetpack-slideshow_image wp-image-3280\" data-id=\"3280\" src=\"https:\/\/sijenasi.com\/wp-content\/uploads\/2021\/08\/ss-enrique-gros-21.jpg?w=1024\" srcset=\"https:\/\/sijenasi.com\/wp-content\/uploads\/2021\/08\/ss-enrique-gros-21.jpg 1024w, https:\/\/sijenasi.com\/wp-content\/uploads\/2021\/08\/ss-enrique-gros-21-300x199.jpg 300w, https:\/\/sijenasi.com\/wp-content\/uploads\/2021\/08\/ss-enrique-gros-21-768x510.jpg 768w\" sizes=\"auto, (max-width: 1024px) 100vw, 1024px\" \/><figcaption class=\"wp-block-jetpack-slideshow_caption gallery-caption\">Sari\u00f1ena &#8211; Coordinadora de Sijena S\u00ed<\/figcaption><\/figure><\/li><li class=\"wp-block-jetpack-slideshow_slide swiper-slide\"><figure><img loading=\"lazy\" decoding=\"async\" width=\"1024\" height=\"680\" alt=\"\" class=\"wp-block-jetpack-slideshow_image wp-image-3281\" data-id=\"3281\" src=\"https:\/\/sijenasi.com\/wp-content\/uploads\/2021\/08\/ss-enrique-gros-22.jpg?w=1024\" srcset=\"https:\/\/sijenasi.com\/wp-content\/uploads\/2021\/08\/ss-enrique-gros-22.jpg 1024w, https:\/\/sijenasi.com\/wp-content\/uploads\/2021\/08\/ss-enrique-gros-22-300x199.jpg 300w, https:\/\/sijenasi.com\/wp-content\/uploads\/2021\/08\/ss-enrique-gros-22-768x510.jpg 768w\" sizes=\"auto, (max-width: 1024px) 100vw, 1024px\" \/><figcaption class=\"wp-block-jetpack-slideshow_caption gallery-caption\">Huesca &#8211; Audiencia Provincial<\/figcaption><\/figure><\/li><li class=\"wp-block-jetpack-slideshow_slide swiper-slide\"><figure><img loading=\"lazy\" decoding=\"async\" width=\"1024\" height=\"683\" alt=\"\" class=\"wp-block-jetpack-slideshow_image wp-image-3283\" data-id=\"3283\" src=\"https:\/\/sijenasi.com\/wp-content\/uploads\/2021\/08\/ss-enrique-gros-24.jpg?w=1024\" srcset=\"https:\/\/sijenasi.com\/wp-content\/uploads\/2021\/08\/ss-enrique-gros-24.jpg 1024w, https:\/\/sijenasi.com\/wp-content\/uploads\/2021\/08\/ss-enrique-gros-24-300x200.jpg 300w, https:\/\/sijenasi.com\/wp-content\/uploads\/2021\/08\/ss-enrique-gros-24-768x512.jpg 768w\" sizes=\"auto, (max-width: 1024px) 100vw, 1024px\" \/><figcaption class=\"wp-block-jetpack-slideshow_caption gallery-caption\">Sari\u00f1ena &#8211; Coordinadora de Sijena S\u00ed<\/figcaption><\/figure><\/li><li class=\"wp-block-jetpack-slideshow_slide swiper-slide\"><figure><img loading=\"lazy\" decoding=\"async\" width=\"1024\" height=\"685\" alt=\"\" class=\"wp-block-jetpack-slideshow_image wp-image-3284\" data-id=\"3284\" src=\"https:\/\/sijenasi.com\/wp-content\/uploads\/2021\/08\/ss-enrique-gros-25.jpg?w=1024\" srcset=\"https:\/\/sijenasi.com\/wp-content\/uploads\/2021\/08\/ss-enrique-gros-25.jpg 1024w, https:\/\/sijenasi.com\/wp-content\/uploads\/2021\/08\/ss-enrique-gros-25-300x201.jpg 300w, https:\/\/sijenasi.com\/wp-content\/uploads\/2021\/08\/ss-enrique-gros-25-768x514.jpg 768w\" sizes=\"auto, (max-width: 1024px) 100vw, 1024px\" \/><figcaption class=\"wp-block-jetpack-slideshow_caption gallery-caption\">Con Armando Sanju\u00e1n, presidente de la Comarca de Los Monegros<\/figcaption><\/figure><\/li><li class=\"wp-block-jetpack-slideshow_slide swiper-slide\"><figure><img loading=\"lazy\" decoding=\"async\" width=\"1024\" height=\"680\" alt=\"\" class=\"wp-block-jetpack-slideshow_image wp-image-3282\" data-id=\"3282\" src=\"https:\/\/sijenasi.com\/wp-content\/uploads\/2021\/08\/ss-enrique-gros-23.jpg?w=1024\" srcset=\"https:\/\/sijenasi.com\/wp-content\/uploads\/2021\/08\/ss-enrique-gros-23.jpg 1024w, https:\/\/sijenasi.com\/wp-content\/uploads\/2021\/08\/ss-enrique-gros-23-300x199.jpg 300w, https:\/\/sijenasi.com\/wp-content\/uploads\/2021\/08\/ss-enrique-gros-23-768x510.jpg 768w\" sizes=\"auto, (max-width: 1024px) 100vw, 1024px\" \/><figcaption class=\"wp-block-jetpack-slideshow_caption gallery-caption\">Huesca &#8211; Audiencia Provincial<\/figcaption><\/figure><\/li><li class=\"wp-block-jetpack-slideshow_slide swiper-slide\"><figure><img loading=\"lazy\" decoding=\"async\" width=\"1024\" height=\"680\" alt=\"\" class=\"wp-block-jetpack-slideshow_image wp-image-3276\" data-id=\"3276\" src=\"https:\/\/sijenasi.com\/wp-content\/uploads\/2021\/08\/ss-enrique-gros-17-2.jpg?w=1024\" srcset=\"https:\/\/sijenasi.com\/wp-content\/uploads\/2021\/08\/ss-enrique-gros-17-2.jpg 1024w, https:\/\/sijenasi.com\/wp-content\/uploads\/2021\/08\/ss-enrique-gros-17-2-300x199.jpg 300w, https:\/\/sijenasi.com\/wp-content\/uploads\/2021\/08\/ss-enrique-gros-17-2-768x510.jpg 768w\" sizes=\"auto, (max-width: 1024px) 100vw, 1024px\" \/><figcaption class=\"wp-block-jetpack-slideshow_caption gallery-caption\">Museo de L\u00e9rida<\/figcaption><\/figure><\/li><li class=\"wp-block-jetpack-slideshow_slide swiper-slide\"><figure><img loading=\"lazy\" decoding=\"async\" width=\"1024\" height=\"705\" alt=\"\" class=\"wp-block-jetpack-slideshow_image wp-image-3286\" data-id=\"3286\" src=\"https:\/\/sijenasi.com\/wp-content\/uploads\/2021\/08\/ss-enrique-gros-27.jpg?w=1024\" srcset=\"https:\/\/sijenasi.com\/wp-content\/uploads\/2021\/08\/ss-enrique-gros-27.jpg 1024w, https:\/\/sijenasi.com\/wp-content\/uploads\/2021\/08\/ss-enrique-gros-27-300x207.jpg 300w, https:\/\/sijenasi.com\/wp-content\/uploads\/2021\/08\/ss-enrique-gros-27-768x529.jpg 768w\" sizes=\"auto, (max-width: 1024px) 100vw, 1024px\" \/><figcaption class=\"wp-block-jetpack-slideshow_caption gallery-caption\">Jornada So\u00f1ar Sijena 2023<\/figcaption><\/figure><\/li><li class=\"wp-block-jetpack-slideshow_slide swiper-slide\"><figure><img loading=\"lazy\" decoding=\"async\" width=\"1024\" height=\"683\" alt=\"\" class=\"wp-block-jetpack-slideshow_image wp-image-3285\" data-id=\"3285\" src=\"https:\/\/sijenasi.com\/wp-content\/uploads\/2021\/08\/ss-enrique-gros-26.jpg?w=1024\" srcset=\"https:\/\/sijenasi.com\/wp-content\/uploads\/2021\/08\/ss-enrique-gros-26.jpg 1024w, https:\/\/sijenasi.com\/wp-content\/uploads\/2021\/08\/ss-enrique-gros-26-300x200.jpg 300w, https:\/\/sijenasi.com\/wp-content\/uploads\/2021\/08\/ss-enrique-gros-26-768x512.jpg 768w\" sizes=\"auto, (max-width: 1024px) 100vw, 1024px\" \/><figcaption class=\"wp-block-jetpack-slideshow_caption gallery-caption\">Cortes de Arag\u00f3n &#8211; PSOE<\/figcaption><\/figure><\/li><li class=\"wp-block-jetpack-slideshow_slide swiper-slide\"><figure><img loading=\"lazy\" decoding=\"async\" width=\"1024\" height=\"683\" alt=\"\" class=\"wp-block-jetpack-slideshow_image wp-image-3296\" data-id=\"3296\" src=\"https:\/\/sijenasi.com\/wp-content\/uploads\/2021\/08\/ss-enrique-gros-28-1.jpg?w=1024\" srcset=\"https:\/\/sijenasi.com\/wp-content\/uploads\/2021\/08\/ss-enrique-gros-28-1.jpg 1024w, https:\/\/sijenasi.com\/wp-content\/uploads\/2021\/08\/ss-enrique-gros-28-1-300x200.jpg 300w, https:\/\/sijenasi.com\/wp-content\/uploads\/2021\/08\/ss-enrique-gros-28-1-768x512.jpg 768w\" sizes=\"auto, (max-width: 1024px) 100vw, 1024px\" \/><figcaption class=\"wp-block-jetpack-slideshow_caption gallery-caption\">Monz\u00f3n &#8211; Presentaci\u00f3n de Sijena S\u00ed<\/figcaption><\/figure><\/li><li class=\"wp-block-jetpack-slideshow_slide swiper-slide\"><figure><img loading=\"lazy\" decoding=\"async\" width=\"1024\" height=\"547\" alt=\"\" class=\"wp-block-jetpack-slideshow_image wp-image-3297\" data-id=\"3297\" src=\"https:\/\/sijenasi.com\/wp-content\/uploads\/2021\/08\/ss-enrique-gros-29-1.jpg?w=1024\" srcset=\"https:\/\/sijenasi.com\/wp-content\/uploads\/2021\/08\/ss-enrique-gros-29-1.jpg 1024w, https:\/\/sijenasi.com\/wp-content\/uploads\/2021\/08\/ss-enrique-gros-29-1-300x160.jpg 300w, https:\/\/sijenasi.com\/wp-content\/uploads\/2021\/08\/ss-enrique-gros-29-1-768x410.jpg 768w\" sizes=\"auto, (max-width: 1024px) 100vw, 1024px\" \/><figcaption class=\"wp-block-jetpack-slideshow_caption gallery-caption\">Cortes de Arag\u00f3n &#8211; Grupo de Chunta Aragonesista<\/figcaption><\/figure><\/li><li class=\"wp-block-jetpack-slideshow_slide swiper-slide\"><figure><img loading=\"lazy\" decoding=\"async\" width=\"1024\" height=\"553\" alt=\"\" class=\"wp-block-jetpack-slideshow_image wp-image-3298\" data-id=\"3298\" src=\"https:\/\/sijenasi.com\/wp-content\/uploads\/2021\/08\/ss-enrique-gros-30-1.jpg?w=1024\" srcset=\"https:\/\/sijenasi.com\/wp-content\/uploads\/2021\/08\/ss-enrique-gros-30-1.jpg 1024w, https:\/\/sijenasi.com\/wp-content\/uploads\/2021\/08\/ss-enrique-gros-30-1-300x162.jpg 300w, https:\/\/sijenasi.com\/wp-content\/uploads\/2021\/08\/ss-enrique-gros-30-1-768x415.jpg 768w\" sizes=\"auto, (max-width: 1024px) 100vw, 1024px\" \/><figcaption class=\"wp-block-jetpack-slideshow_caption gallery-caption\">Cortes de Arag\u00f3n &#8211; Grupo del PAR<\/figcaption><\/figure><\/li><li class=\"wp-block-jetpack-slideshow_slide swiper-slide\"><figure><img loading=\"lazy\" decoding=\"async\" width=\"1024\" height=\"768\" alt=\"\" class=\"wp-block-jetpack-slideshow_image wp-image-3299\" data-id=\"3299\" src=\"https:\/\/sijenasi.com\/wp-content\/uploads\/2021\/08\/ss-enrique-gros-31-1.jpg?w=1024\" srcset=\"https:\/\/sijenasi.com\/wp-content\/uploads\/2021\/08\/ss-enrique-gros-31-1.jpg 1024w, https:\/\/sijenasi.com\/wp-content\/uploads\/2021\/08\/ss-enrique-gros-31-1-300x225.jpg 300w, https:\/\/sijenasi.com\/wp-content\/uploads\/2021\/08\/ss-enrique-gros-31-1-768x576.jpg 768w\" sizes=\"auto, (max-width: 1024px) 100vw, 1024px\" \/><figcaption class=\"wp-block-jetpack-slideshow_caption gallery-caption\">Cortes de Arag\u00f3n &#8211; Grupo de Podemos<\/figcaption><\/figure><\/li><li class=\"wp-block-jetpack-slideshow_slide swiper-slide\"><figure><img loading=\"lazy\" decoding=\"async\" width=\"1024\" height=\"660\" alt=\"\" class=\"wp-block-jetpack-slideshow_image wp-image-3303\" data-id=\"3303\" src=\"https:\/\/sijenasi.com\/wp-content\/uploads\/2021\/08\/ss-enrique-gros-32-2.jpg?w=1024\" srcset=\"https:\/\/sijenasi.com\/wp-content\/uploads\/2021\/08\/ss-enrique-gros-32-2.jpg 1024w, https:\/\/sijenasi.com\/wp-content\/uploads\/2021\/08\/ss-enrique-gros-32-2-300x193.jpg 300w, https:\/\/sijenasi.com\/wp-content\/uploads\/2021\/08\/ss-enrique-gros-32-2-768x495.jpg 768w\" sizes=\"auto, (max-width: 1024px) 100vw, 1024px\" \/><figcaption class=\"wp-block-jetpack-slideshow_caption gallery-caption\">Cortes de Arag\u00f3n &#8211; Grupo del PP<\/figcaption><\/figure><\/li><li class=\"wp-block-jetpack-slideshow_slide swiper-slide\"><figure><img loading=\"lazy\" decoding=\"async\" width=\"1024\" height=\"683\" alt=\"\" class=\"wp-block-jetpack-slideshow_image wp-image-3306\" data-id=\"3306\" src=\"https:\/\/sijenasi.com\/wp-content\/uploads\/2021\/08\/ss-enrique-gros-34-2.jpg?w=1024\" srcset=\"https:\/\/sijenasi.com\/wp-content\/uploads\/2021\/08\/ss-enrique-gros-34-2.jpg 1024w, https:\/\/sijenasi.com\/wp-content\/uploads\/2021\/08\/ss-enrique-gros-34-2-300x200.jpg 300w, https:\/\/sijenasi.com\/wp-content\/uploads\/2021\/08\/ss-enrique-gros-34-2-768x512.jpg 768w\" sizes=\"auto, (max-width: 1024px) 100vw, 1024px\" \/><figcaption class=\"wp-block-jetpack-slideshow_caption gallery-caption\">Cortes de Arag\u00f3n &#8211; Grupo de C&#8217;s Ciudadanos<\/figcaption><\/figure><\/li><li class=\"wp-block-jetpack-slideshow_slide swiper-slide\"><figure><img loading=\"lazy\" decoding=\"async\" width=\"1024\" height=\"690\" alt=\"\" class=\"wp-block-jetpack-slideshow_image wp-image-3307\" data-id=\"3307\" src=\"https:\/\/sijenasi.com\/wp-content\/uploads\/2021\/08\/ss-enrique-gros-35.jpg?w=1024\" srcset=\"https:\/\/sijenasi.com\/wp-content\/uploads\/2021\/08\/ss-enrique-gros-35.jpg 1024w, https:\/\/sijenasi.com\/wp-content\/uploads\/2021\/08\/ss-enrique-gros-35-300x202.jpg 300w, https:\/\/sijenasi.com\/wp-content\/uploads\/2021\/08\/ss-enrique-gros-35-768x518.jpg 768w\" sizes=\"auto, (max-width: 1024px) 100vw, 1024px\" \/><figcaption class=\"wp-block-jetpack-slideshow_caption gallery-caption\">Con el equipo de gobierno del Ayuntamiento de Sari\u00f1ena<\/figcaption><\/figure><\/li><\/ul><a class=\"wp-block-jetpack-slideshow_button-prev swiper-button-prev swiper-button-white\" role=\"button\"><\/a><a class=\"wp-block-jetpack-slideshow_button-next swiper-button-next swiper-button-white\" role=\"button\"><\/a><a aria-label=\"Pause Slideshow\" class=\"wp-block-jetpack-slideshow_button-pause\" role=\"button\"><\/a><div class=\"wp-block-jetpack-slideshow_pagination swiper-pagination swiper-pagination-white\"><\/div><\/div><\/div>\n<!-- \/wp:jetpack\/slideshow -->\n\n<!-- wp:paragraph -->\n<p><\/p>\n<!-- \/wp:paragraph -->","protected":false},"excerpt":{"rendered":"<p>Todas las familias, asociaciones, sindicatos plataformas, parroquias&#8230; salen adelante porque hay personas an\u00f3nimas que no hacen ruido pero que trabajan incansablemente en la sombra por el \u00e9xito de la comunidad. No piden nada, no protestan nunca, no esperan que se les reconozcan sus esfuerzos; simplemente, est\u00e1n all\u00ed siempre para lo que haga falta. Hoy tenemos [&hellip;]<\/p>\n","protected":false},"author":2,"featured_media":3256,"comment_status":"open","ping_status":"open","sticky":false,"template":"","format":"standard","meta":{"ngg_post_thumbnail":0,"_jetpack_memberships_contains_paid_content":false,"footnotes":""},"categories":[53,3,27,52],"tags":[189,322,357,413],"class_list":["post-3251","post","type-post","status-publish","format-standard","hentry","category-actitudes","category-agradecimiento","category-plataforma-sijena-si","category-voluntariado","tag-enrique-gros-bastarras","tag-necrologica","tag-plataforma","tag-sijena-si"],"jetpack_featured_media_url":"https:\/\/sijenasi.com\/wp-content\/uploads\/2021\/08\/ss-enrique-gros-17-1-scaled.jpg","jetpack_sharing_enabled":true,"_links":{"self":[{"href":"https:\/\/sijenasi.com\/index.php\/wp-json\/wp\/v2\/posts\/3251","targetHints":{"allow":["GET"]}}],"collection":[{"href":"https:\/\/sijenasi.com\/index.php\/wp-json\/wp\/v2\/posts"}],"about":[{"href":"https:\/\/sijenasi.com\/index.php\/wp-json\/wp\/v2\/types\/post"}],"author":[{"embeddable":true,"href":"https:\/\/sijenasi.com\/index.php\/wp-json\/wp\/v2\/users\/2"}],"replies":[{"embeddable":true,"href":"https:\/\/sijenasi.com\/index.php\/wp-json\/wp\/v2\/comments?post=3251"}],"version-history":[{"count":0,"href":"https:\/\/sijenasi.com\/index.php\/wp-json\/wp\/v2\/posts\/3251\/revisions"}],"wp:featuredmedia":[{"embeddable":true,"href":"https:\/\/sijenasi.com\/index.php\/wp-json\/wp\/v2\/media\/3256"}],"wp:attachment":[{"href":"https:\/\/sijenasi.com\/index.php\/wp-json\/wp\/v2\/media?parent=3251"}],"wp:term":[{"taxonomy":"category","embeddable":true,"href":"https:\/\/sijenasi.com\/index.php\/wp-json\/wp\/v2\/categories?post=3251"},{"taxonomy":"post_tag","embeddable":true,"href":"https:\/\/sijenasi.com\/index.php\/wp-json\/wp\/v2\/tags?post=3251"}],"curies":[{"name":"wp","href":"https:\/\/api.w.org\/{rel}","templated":true}]}}