{"id":3237,"date":"2021-07-23T12:19:00","date_gmt":"2021-07-23T10:19:00","guid":{"rendered":"https:\/\/sijenasi.com\/?p=3237"},"modified":"2021-07-23T12:19:00","modified_gmt":"2021-07-23T10:19:00","slug":"fuego-nuevo-libro-sobre-la-destruccion-de-sijena","status":"publish","type":"post","link":"https:\/\/sijenasi.com\/index.php\/2021\/07\/23\/fuego-nuevo-libro-sobre-la-destruccion-de-sijena\/","title":{"rendered":"\u00a1Fuego! Nuevo libro sobre la destrucci\u00f3n de Sijena"},"content":{"rendered":"\n<figure class=\"wp-block-gallery columns-1 is-cropped wp-block-gallery-1 is-layout-flex wp-block-gallery-is-layout-flex\"><ul class=\"blocks-gallery-grid\"><li class=\"blocks-gallery-item\"><figure><img loading=\"lazy\" decoding=\"async\" width=\"731\" height=\"1024\" src=\"https:\/\/sijenasi.com\/wp-content\/uploads\/2021\/07\/fuego-sergio-baches-opi-1.jpg?w=731\" alt=\"\" data-id=\"3249\" data-link=\"https:\/\/sijenasi.com\/fuego-sergio-baches-opi-1\/\" class=\"wp-image-3249\" srcset=\"https:\/\/sijenasi.com\/wp-content\/uploads\/2021\/07\/fuego-sergio-baches-opi-1.jpg 731w, https:\/\/sijenasi.com\/wp-content\/uploads\/2021\/07\/fuego-sergio-baches-opi-1-214x300.jpg 214w\" sizes=\"auto, (max-width: 731px) 100vw, 731px\" \/><\/figure><\/li><\/ul><\/figure>\n\n\n\n<p>Esta semana fue presentado en la capital de Los Monegros el nuevo libro de Sergio Baches Opi: <em><strong>\u00a1Fuego! La destrucci\u00f3n del Monasterio de Sigena<\/strong><\/em>, publicado por la galardonada <a rel=\"noreferrer noopener\" href=\"http:\/\/www.sari\u00f1enaeditorial.es\" target=\"_blank\">Sari\u00f1ena Editorial<\/a>.<\/p>\n\n\n\n<p>El autor, tras varios a\u00f1os de investigaci\u00f3n, nos hace una detallada exposici\u00f3n cr\u00edtica de los diversos testimonios escritos y orales de los primeros meses de la Guerra Civil espa\u00f1ola en los que fue destruido el monasterio y fueron profanados los sepulcros de las monjas sanjuanistas y el pante\u00f3n real donde estaban los restos de Do\u00f1a Sancha, fundadora del monasterio, su hijo Pedro II, rey de Arag\u00f3n, y otros dos de sus hijos. La investigaci\u00f3n intenta aclarar qu\u00e9 columnas milicianas pudieron ser las que realizaron estos actos, si hubo o no participaci\u00f3n de personas de la zona y qu\u00e9 fue de los restos de Do\u00f1a Sancha, probablemente enterrados en el cementerio de Sena tras muchas vicisitudes.<\/p>\n\n\n\n<p>De su <strong>\u00cdndice<\/strong> podemos subrayar estos interesantes cap\u00edtulos:<\/p>\n\n\n\n<p><em>1. Do\u00f1a Sancha: una reina con una personalidad singular&nbsp;<\/em><br><em>2. Los restos enterrados en el Pante\u00f3n Real de Sigena y su estado de conservaci\u00f3n en 1883<\/em><br><em>3. La destrucci\u00f3n del monasterio y la profanaci\u00f3n del Pante\u00f3n Real<\/em><br>       <em>3.1. El saqueo, incendio y destrucci\u00f3n del monasterio&nbsp;<\/em><br>       <em>3.2. La profanaci\u00f3n de los sepulcros reales&nbsp;<\/em><br><em>4. El destino de los restos de do\u00f1a Sancha. Algunos testimonios orales<\/em><\/p>\n\n\n\n<p><\/p>\n\n\n\n<p>Ecos en los medios:<\/p>\n\n\n\n<ul class=\"wp-block-list\"><li>Desde Monegros: <a href=\"https:\/\/desdemonegros.com\/noticiadesarrollada\/5219\/el-siglo-xxi-tiene-que-ser-el-siglo-de-sijena\">\u00abEl siglo XXI tiene que ser el siglo de Sijena\u00bb (desdemonegros.com)<\/a> (Entrevista a Sergio Baches)<\/li><li>Diario del Altoarag\u00f3n: <a href=\"https:\/\/www.diariodelaltoaragon.es\/noticias\/cultura\/2021\/07\/21\/sergio-baches-siempre-he-investigado-sobre-el-monasterio-de-sijena-1507769-daa.html\">Sergio Baches: \u201cSiempre he investigado sobre el monasterio de Sijena\u201d (diariodelaltoaragon.es)<\/a><\/li><li>Heraldo de Arag\u00f3n: <a href=\"https:\/\/www.heraldo.es\/noticias\/aragon\/huesca\/2021\/07\/19\/la-profanacion-del-panteon-de-sijena-quien-lo-ocupaba-y-que-fue-de-sus-restos-1507126.html\">La profanaci\u00f3n del pante\u00f3n de Sijena: qui\u00e9n lo ocupaba y qu\u00e9 fue de sus restos (heraldo.es)<\/a><\/li><\/ul>\n\n\n\n<p><\/p>\n","protected":false},"excerpt":{"rendered":"<p>Esta semana fue presentado en la capital de Los Monegros el nuevo libro de Sergio Baches Opi: \u00a1Fuego! La destrucci\u00f3n del Monasterio de Sigena, publicado por la galardonada Sari\u00f1ena Editorial. El autor, tras varios a\u00f1os de investigaci\u00f3n, nos hace una detallada exposici\u00f3n cr\u00edtica de los diversos testimonios escritos y orales de los primeros meses de [&hellip;]<\/p>\n","protected":false},"author":2,"featured_media":3249,"comment_status":"open","ping_status":"open","sticky":false,"template":"","format":"standard","meta":{"ngg_post_thumbnail":0,"_jetpack_memberships_contains_paid_content":false,"footnotes":""},"categories":[19],"tags":[121,181,281,304,339,405,408],"class_list":["post-3237","post","type-post","status-publish","format-standard","hentry","category-libros","tag-fuego-la-destruccion-del-monasterio-de-sigena","tag-dona-sancha","tag-libro","tag-monasterio-de-sijena","tag-panteon-real","tag-sarinena-editorial","tag-sergio-baches-opi"],"jetpack_featured_media_url":"https:\/\/sijenasi.com\/wp-content\/uploads\/2021\/07\/fuego-sergio-baches-opi-1.jpg","jetpack_sharing_enabled":true,"_links":{"self":[{"href":"https:\/\/sijenasi.com\/index.php\/wp-json\/wp\/v2\/posts\/3237","targetHints":{"allow":["GET"]}}],"collection":[{"href":"https:\/\/sijenasi.com\/index.php\/wp-json\/wp\/v2\/posts"}],"about":[{"href":"https:\/\/sijenasi.com\/index.php\/wp-json\/wp\/v2\/types\/post"}],"author":[{"embeddable":true,"href":"https:\/\/sijenasi.com\/index.php\/wp-json\/wp\/v2\/users\/2"}],"replies":[{"embeddable":true,"href":"https:\/\/sijenasi.com\/index.php\/wp-json\/wp\/v2\/comments?post=3237"}],"version-history":[{"count":0,"href":"https:\/\/sijenasi.com\/index.php\/wp-json\/wp\/v2\/posts\/3237\/revisions"}],"wp:featuredmedia":[{"embeddable":true,"href":"https:\/\/sijenasi.com\/index.php\/wp-json\/wp\/v2\/media\/3249"}],"wp:attachment":[{"href":"https:\/\/sijenasi.com\/index.php\/wp-json\/wp\/v2\/media?parent=3237"}],"wp:term":[{"taxonomy":"category","embeddable":true,"href":"https:\/\/sijenasi.com\/index.php\/wp-json\/wp\/v2\/categories?post=3237"},{"taxonomy":"post_tag","embeddable":true,"href":"https:\/\/sijenasi.com\/index.php\/wp-json\/wp\/v2\/tags?post=3237"}],"curies":[{"name":"wp","href":"https:\/\/api.w.org\/{rel}","templated":true}]}}