{"id":3184,"date":"2021-06-10T07:06:00","date_gmt":"2021-06-10T05:06:00","guid":{"rendered":"https:\/\/sijenasi.com\/?p=3184"},"modified":"2021-06-10T07:06:00","modified_gmt":"2021-06-10T05:06:00","slug":"apoyamos-la-continuidad-de-jorge-espanol-al-frente-de-los-pleitos-de-sijena","status":"publish","type":"post","link":"https:\/\/sijenasi.com\/index.php\/2021\/06\/10\/apoyamos-la-continuidad-de-jorge-espanol-al-frente-de-los-pleitos-de-sijena\/","title":{"rendered":"Apoyamos la continuidad de Jorge Espa\u00f1ol al frente de los pleitos de Sijena"},"content":{"rendered":"\n<figure class=\"wp-block-image size-large\"><img loading=\"lazy\" decoding=\"async\" width=\"990\" height=\"742\" src=\"https:\/\/sijenasi.com\/wp-content\/uploads\/2021\/06\/jorge-espanol.jpg?w=990\" alt=\"\" class=\"wp-image-3186\" srcset=\"https:\/\/sijenasi.com\/wp-content\/uploads\/2021\/06\/jorge-espanol.jpg 990w, https:\/\/sijenasi.com\/wp-content\/uploads\/2021\/06\/jorge-espanol-300x225.jpg 300w, https:\/\/sijenasi.com\/wp-content\/uploads\/2021\/06\/jorge-espanol-768x576.jpg 768w\" sizes=\"auto, (max-width: 990px) 100vw, 990px\" \/><\/figure>\n\n\n\n<p class=\"has-drop-cap\">Reunida la Coordinadora de la Plataforma Sijena S\u00ed, acuerda:<\/p>\n\n\n\n<ol class=\"wp-block-list\" type=\"1\"><li>Manifestar su <strong>apoyo y agradecimiento<\/strong> a <strong>D. Jorge Espa\u00f1ol<\/strong> <strong>Fumanal<\/strong>, abogado del Ayuntamiento de Sijena en todos los pleitos por el patrimonio del Real Monasterio de Sijena que han sido ganados a lo largo de los \u00faltimos once a\u00f1os: Bienes de Sijena, Pinturas de la Sala Capitular, etc. \u00c9l es el experto cuya sabidur\u00eda legal ha sido decisiva para desmantelar toda la estrategia judicial de la Generalitat de Catalu\u00f1a y sus museos contra los justos intereses de Arag\u00f3n.<br>&nbsp;<\/li><li><strong>Denunciar las presiones pol\u00edticas que el Ayuntamiento de Villanueva de Sijena<\/strong> viene sufriendo por una parte del Gobierno de Arag\u00f3n y del PSOE y que comenzaron hace tres meses con las muy desafortunadas declaraciones de D\u00f1a. Mayte P\u00e9rez, Consejera de Presidencia del Gobierno de Arag\u00f3n y anterior Consejera de Cultura. La Consejera defendi\u00f3 entonces a un exconsejero catal\u00e1n, Santi Vila, que est\u00e1 procesado por desobediencia a la autoridad judicial junto con Lluis Puig i Gordi, el otro exconsejero huido de la Justicia, gracias a la iniciativa del Ayuntamiento de Villanueva de Sijena y a pesar de la falta de apoyo del Gobierno de Arag\u00f3n, que se desmarc\u00f3 de tal litigio, tras apoyarlo inicialmente, sin aportar razones convincentes.&nbsp;<\/li><li>Manifestar su total unanimidad al considerar que<strong> no es admisible que el alcalde de Villanueva de Sijena, D. Jos\u00e9 Jaime Castell\u00f3n,&nbsp; acceda a prescindir de D. Jorge Espa\u00f1ol<\/strong> porque esto pone en peligro el triunfo final de nuestra causa en los tribunales.&nbsp; As\u00ed lo ha pretendido en los \u00faltimos d\u00edas la Diputaci\u00f3n Provincial de Huesca al ofrecer cambiarlo por una de sus letradas que lleg\u00f3 incluso a pedirle la venia a D. Jorge Espa\u00f1ol sin que \u00e9l hubiera sido apartado oficialmente del caso. Bien har\u00eda, sin embargo, la DPH en ayudar econ\u00f3micamente al ayuntamiento de Villanueva de Sijena en todos estos pleitos.<\/li><li>Corroborar que <strong>gracias a las acciones penales instadas por el Ayuntamiento de Villanueva de Sijena contra estos exconsejeros se entregaron el pasado marzo las 111 piezas de las parroquias de Barbastro-Monz\u00f3n<\/strong>, por el temor de la consejera de cultura catalana y del obispo de L\u00e9rida a acabar como Santi Vila. As\u00ed lo declararon ellos en diversos medios.<\/li><li>Volver a insistir en que, <strong>mientras no hayan sido devueltas las pinturas de Sijena<\/strong> expoliadas por los museos de Barcelona en la Guerra Civil, cumpliendo las sentencias que a ello les obligan, <strong>no cabe ning\u00fan gesto de magnanimidad<\/strong> con quienes abiertamente desobedecieron las \u00f3rdenes judiciales y a\u00f1adieron m\u00e1s le\u00f1a al fuego de una explosiva situaci\u00f3n en Catalu\u00f1a en la que nada ten\u00edan que ver las justas reivindicaciones aragonesas, que se intentaron presentar interesadamente como decisiones pol\u00edticas.<\/li><\/ol>\n\n\n\n<p><\/p>\n\n\n\n<p>Ecos en los medios:<\/p>\n\n\n\n<ul class=\"wp-block-list\"><li>Heraldo de Arag\u00f3n: <a href=\"https:\/\/www.heraldo.es\/noticias\/nacional\/2021\/06\/10\/sijena-da-marcha-atras-mantendra-abogado-jorge-espanol-1498732.html\">Sijena da marcha atr\u00e1s y mantendr\u00e1 al abogado Jorge Espa\u00f1ol (heraldo.es)<\/a><\/li><li>COPE-Huesca: <a href=\"https:\/\/www.cope.es\/emisoras\/aragon\/huesca-provincia\/huesca\/informativo-mediodia-en-huesca\/noticias\/sijena-manifiesta-total-apoyo-continuidad-jorge-espanol-como-abogado-las-causas-del-patrimoni-20210610_1333102\">Sijena S\u00ed manifiesta su total apoyo a la continuidad de Jorge Espa\u00f1ol como abogado de las causas del patrimoni &#8211; Informativo Mediod\u00eda en Huesca &#8211; COPE<\/a><\/li><li>Heraldo de Arag\u00f3n: <a href=\"https:\/\/www.heraldo.es\/noticias\/aragon\/2021\/06\/08\/jorge-espanol-cree-que-su-relevo-en-el-proceso-contra-los-exconsejeros-catalanes-no-beneficia-a-sijena-1498191.html\">El abogado de Sijena cree que su relevo en el proceso contra los exconsejeros catalanes no beneficia al municipio (heraldo.es)<\/a><\/li><li>PressDigital: <a href=\"https:\/\/www.pressdigital.es\/texto-diario\/mostrar\/2948618\/cha-solicita-cambios-defensa-caso-sijena-no-perjudique-retorno-pinturas-murales\">CHA solicita que los cambios en la defensa del caso de Sijena no perjudique al retorno de las pinturas murales (pressdigital.es)<\/a><\/li><li>COPE-Huesca: <a href=\"https:\/\/www.cope.es\/emisoras\/aragon\/huesca-provincia\/huesca\/la-manana-en-cope-huesca---magazine\/audios\/herrera-cope-huesca-1250h-entrevista-alcalde-villanueva-sijena-20210608_1487562\">AUDIO: Herrera en COPE Huesca 12.50h Entrevista al alcalde de Villanueva de Sijena, Jos\u00e9 Jaime Catell\u00f3n &#8211; La Ma\u00f1ana en COPE Huesca &#8211; Magazine &#8211; COPE<\/a>  Minuto 3 en adelante.<\/li><li>Radio Huesca: <a href=\"https:\/\/www.radiohuesca.com\/comarcas\/jorge-espanol-lamenta-la-decision-del-alcalde-de-sijena-e-insiste-en-que-sus-declaraciones-se-hicieron-con-su-conocimiento-08062021-155279.html\">Jorge Espa\u00f1ol lamenta la decisi\u00f3n del alcalde de Sijena e insiste en que sus declaraciones se hicieron con su conocimiento &#8211; Comarcas &#8211; Radio Huesca<\/a> Corte radiof\u00f3nico debajo de la noticia.<\/li><\/ul>\n","protected":false},"excerpt":{"rendered":"<p>Reunida la Coordinadora de la Plataforma Sijena S\u00ed, acuerda: Manifestar su apoyo y agradecimiento a D. Jorge Espa\u00f1ol Fumanal, abogado del Ayuntamiento de Sijena en todos los pleitos por el patrimonio del Real Monasterio de Sijena que han sido ganados a lo largo de los \u00faltimos once a\u00f1os: Bienes de Sijena, Pinturas de la Sala [&hellip;]<\/p>\n","protected":false},"author":2,"featured_media":3186,"comment_status":"open","ping_status":"open","sticky":false,"template":"","format":"standard","meta":{"ngg_post_thumbnail":0,"_jetpack_memberships_contains_paid_content":false,"footnotes":""},"categories":[2,4,68,39],"tags":[116,179,183,252,283,294,304,362,371,403,439],"class_list":["post-3184","post","type-post","status-publish","format-standard","hentry","category-acciones","category-apoyos","category-expolio","category-sentencias-judiciales","tag-ayuntamiento","tag-diputacion-provincial-de-huesca","tag-dph","tag-jorge-espanol-fumanal","tag-lluis-puig-i-gordi","tag-mayte-perez","tag-monasterio-de-sijena","tag-pleitos","tag-psoe","tag-santi-vila","tag-villanueva-de-sijena"],"jetpack_featured_media_url":"https:\/\/sijenasi.com\/wp-content\/uploads\/2021\/06\/jorge-espanol.jpg","jetpack_sharing_enabled":true,"_links":{"self":[{"href":"https:\/\/sijenasi.com\/index.php\/wp-json\/wp\/v2\/posts\/3184","targetHints":{"allow":["GET"]}}],"collection":[{"href":"https:\/\/sijenasi.com\/index.php\/wp-json\/wp\/v2\/posts"}],"about":[{"href":"https:\/\/sijenasi.com\/index.php\/wp-json\/wp\/v2\/types\/post"}],"author":[{"embeddable":true,"href":"https:\/\/sijenasi.com\/index.php\/wp-json\/wp\/v2\/users\/2"}],"replies":[{"embeddable":true,"href":"https:\/\/sijenasi.com\/index.php\/wp-json\/wp\/v2\/comments?post=3184"}],"version-history":[{"count":0,"href":"https:\/\/sijenasi.com\/index.php\/wp-json\/wp\/v2\/posts\/3184\/revisions"}],"wp:featuredmedia":[{"embeddable":true,"href":"https:\/\/sijenasi.com\/index.php\/wp-json\/wp\/v2\/media\/3186"}],"wp:attachment":[{"href":"https:\/\/sijenasi.com\/index.php\/wp-json\/wp\/v2\/media?parent=3184"}],"wp:term":[{"taxonomy":"category","embeddable":true,"href":"https:\/\/sijenasi.com\/index.php\/wp-json\/wp\/v2\/categories?post=3184"},{"taxonomy":"post_tag","embeddable":true,"href":"https:\/\/sijenasi.com\/index.php\/wp-json\/wp\/v2\/tags?post=3184"}],"curies":[{"name":"wp","href":"https:\/\/api.w.org\/{rel}","templated":true}]}}