{"id":3077,"date":"2021-01-15T23:06:46","date_gmt":"2021-01-15T21:06:46","guid":{"rendered":"http:\/\/sijenasi.com\/?p=3077"},"modified":"2021-01-15T23:06:46","modified_gmt":"2021-01-15T21:06:46","slug":"gran-victoria-el-supremo-nos-da-la-razon","status":"publish","type":"post","link":"https:\/\/sijenasi.com\/index.php\/2021\/01\/15\/gran-victoria-el-supremo-nos-da-la-razon\/","title":{"rendered":"\u00a1Gran victoria! El Supremo nos da la raz\u00f3n"},"content":{"rendered":"\n<figure class=\"wp-block-image size-large\"><img loading=\"lazy\" decoding=\"async\" width=\"1500\" height=\"1054\" src=\"https:\/\/sijenasi.com\/wp-content\/uploads\/2021\/01\/regreso-de-los-bienes-a-sijena-2017.jpg?w=1024\" alt=\"\" class=\"wp-image-3090\" srcset=\"https:\/\/sijenasi.com\/wp-content\/uploads\/2021\/01\/regreso-de-los-bienes-a-sijena-2017.jpg 1500w, https:\/\/sijenasi.com\/wp-content\/uploads\/2021\/01\/regreso-de-los-bienes-a-sijena-2017-300x211.jpg 300w, https:\/\/sijenasi.com\/wp-content\/uploads\/2021\/01\/regreso-de-los-bienes-a-sijena-2017-1024x720.jpg 1024w, https:\/\/sijenasi.com\/wp-content\/uploads\/2021\/01\/regreso-de-los-bienes-a-sijena-2017-768x540.jpg 768w\" sizes=\"auto, (max-width: 1500px) 100vw, 1500px\" \/><\/figure>\n\n\n<p>En 2017, tras dos d\u00e9cadas de lucha, <a href=\"https:\/\/sijenasi.com\/2018\/03\/12\/nos-alegra-la-vuelta-de-las-obras-y-todo-lo-que-sea-para-el-bien-de-sijena\/\">los 97 bienes volvieron a Sijena <\/a>. Pero la Generalitat y sus museos continuaron peleando hasta agotar todos los recursos legales recurriendo al Tribunal Supremo en casaci\u00f3n. Este tribunal acaba de dar fin a esa loca carrera a ninguna parte\u00a0<a href=\"http:\/\/www.poderjudicial.es\/cgpj\/es\/Poder-Judicial\/Noticias-Judiciales\/El-Tribunal-Supremo-confirma-la-sentencia-que-declaro-la-nulidad-de-la-venta-de-las-obras-del-Monasterio-Sijena-a-la-Generalitat-y-al-Museu-Nacional-de-Catalunya\" target=\"_blank\" rel=\"noopener\">confirmando la sentencia que declar\u00f3 la nulidad de la venta de las obras del Monasterio Sijena a la Generalitat y al Museo Nacional de Arte de Catalu\u00f1a.<\/a><\/p>\n<p>La Generalitat y sus pol\u00edticos, como hemos venido denunciando durante a\u00f1os, han intentado hacer, desde el principio, que este pleito tuviera tintes pol\u00edticos, manipulando la verdad con sus enormes recursos y bien financiados medios de comunicaci\u00f3n, <a href=\"https:\/\/sijenasi.com\/2017\/12\/14\/apudepa-rebate-los-mitos-catalanistas-sobre-sijena\/\" target=\"_blank\" rel=\"noopener\">divulgando mitos<\/a> hasta lograr que una gran parte de la ciudadan\u00eda catalana est\u00e9 convencida de que esto es un robo a plena luz del d\u00eda por parte de la justicia \u00abespa\u00f1ola\u00bb. \u00a1Nada m\u00e1s lejos de la realidad! La Justicia, con may\u00fasculas, la que protege y ampara a todos y todas, es quien ha actuado en los tres tribunales que han estudiado el caso y siempre han dado la raz\u00f3n a Sijena.<\/p>\n<p><!-- \/wp:post-content --><!-- wp:paragraph --><\/p>\n<p>El presidente de la Diputaci\u00f3n de L\u00e9rida, Joan Talarn, acaba de alarmar a la poblaci\u00f3n con su afirmaci\u00f3n de que <a href=\"https:\/\/www.europapress.es\/catalunya\/noticia-joan-talarn-sijena-ningun-museo-legitimamente-establecido-podra-estar-tranquilo-20210114201803.html\" target=\"_blank\" rel=\"noopener\">\u00abning\u00fan museo leg\u00edtimamente establecido podr\u00e1 estar tranquilo\u00bb<\/a>, algo que est\u00e1n apoyando otras entidades pidiendo \u201cque los museos no se toquen\u201d. Lo cierto es que si un museo se siente aludido es porque tiene piezas ileg\u00edtimamente adquiridas o secuestradas. Descansen aquellos museos que nada temen, pero<br \/>empiecen a preparar cajas los que se obcecan en robar y expoliar, en hacerse con lo ajeno, en falsear documentos o en enga\u00f1ar a la poblaci\u00f3n. La verdad siempre sale a la luz. Aunque tarde 25 a\u00f1os.<\/p>\n<p>La funci\u00f3n de los museos ha cambiado. Un verdadero museo se averg\u00fcenza hoy si expone una pieza que haya sufrido un procedimiento de adquisici\u00f3n sospechoso. El <a href=\"https:\/\/icom.museum\/wp-content\/uploads\/2018\/07\/ICOM-codigo-Es-web-1.pdf\">C\u00f3digo deontol\u00f3gico del ICOM<\/a> dice que un museo debe preocuparse por adquirir piezas de forma legal y aconseja que no se expongan aquellas que est\u00e1n en litigio. Muchos museos de Europa y Am\u00e9rica, por ejemplo, han devuelto piezas expoliadas por los nazis y el museo no ha salido perjudicado sino, m\u00e1s bien, ha acrecentado su imagen y prestigio al poner fin a una injusticia de forma moral y elegante.<\/p>\n<p>Siempre hemos defendido que Arag\u00f3n y Catalu\u00f1a son dos comunidades hermanas y que hemos de colaborar para que el rico patrimonio com\u00fan de la Corona de Arag\u00f3n sea disfrutado y compartido por todos. Es hora de que vuelvan las pinturas expoliadas a casa. Es hora de acabar con el vergonzoso pleito de los 111 bienes<br \/>de las parroquias aragonesas. Luego, hablemos y pong\u00e1monos a dise\u00f1ar c\u00f3mo crear una red de museos y monasterios hermanos. Pero cada uno con sus cosas y las propiedades bien claras.<\/p>\n<p><!-- \/wp:paragraph --><!-- wp:paragraph --><\/p>\n<p>Sijena se va a convertir en el s\u00edmbolo de lucha de un peque\u00f1o pueblo y su gente contra el expolio y en el bander\u00edn de enganche y s\u00edmbolo de esperanza de tantas causas que languidecen en los tribunales o en las nostalgias de los peque\u00f1os frente a los poderosos. \u00a1Sijena s\u00ed, por justicia y dignidad!<\/p>\n<p><!-- \/wp:paragraph --><\/p>\n<p><!-- wp:paragraph --><\/p>\n<p><strong>En los medios<\/strong>:<\/p>\n<p><!-- \/wp:paragraph --><\/p>\n<p><!-- wp:list --><\/p>\n<ul>\n<li>Legal Today: <a href=\"https:\/\/www.legaltoday.com\/practica-juridica\/derecho-civil\/civil\/sts-de-pleno-1-2021-los-97-bienes-de-sigena-2021-07-01\/\">STS de Pleno 1\/2021, \u2018los 97 bienes de Sigena\u2019 &#8211; LegalToday<\/a><\/li>\n<li>Cadena Ser: <a href=\"https:\/\/cadenaser.com\/ser\/2021\/01\/14\/tribunales\/1610630214_145705.html\">Sijena: El Supremo confirma la sentencia que oblig\u00f3 a la Generalitat a devolver el &#8216;tesoro de Sijena&#8217; | Tribunales | Cadena SER<\/a><\/li>\n<li>ABC: <a href=\"https:\/\/www.abc.es\/espana\/aragon\/abci-supremo-razon-aragon-y-declara-nula-venta-96-obras-sijena-202101141655_noticia.html\">El Supremo da la raz\u00f3n a Arag\u00f3n en su litigio contra Catalu\u00f1a por los \u00abbienes de Sijena\u00bb (abc.es)<\/a><\/li>\n<li>El Pa\u00eds: <a href=\"https:\/\/elpais.com\/cultura\/2021-01-14\/las-obras-de-sijena-se-quedan-en-el-monasterio.html\">El Supremo anula la venta de las 97 obras de Sijena a Catalu\u00f1a | Cultura | EL PA\u00cdS (elpais.com)<\/a><\/li>\n<li>El Confidencial: <a href=\"https:\/\/www.elconfidencial.com\/espana\/2021-01-14\/el-tribunal-supremo-confirma-la-propiedad-aragonesa-de-los-bienes-del-monasterio-sijena_2907235\/\">El Tribunal Supremo confirma la propiedad aragonesa de los bienes del Monasterio Sijena (elconfidencial.com)<\/a><\/li>\n<li>La Vanguardia: <a href=\"https:\/\/www.lavanguardia.com\/cultura\/20210114\/6182697\/supremo-da-razon-aragon-declara-nula-venta-96-obras-sijena.html\">La sentencia del Supremo pone fin a a\u00f1os de litigios entre Catalunya y Arag\u00f3n por las obras de Sijena (lavanguardia.com)<\/a><\/li>\n<li>Heraldo de Arag\u00f3n: <a href=\"https:\/\/www.heraldo.es\/noticias\/aragon\/2021\/01\/14\/sijena-gobierno-cataluna-cree-que-la-sentencia-puede-provocar-desestabilizacion-museistica-1414879.html\">El Gobierno catal\u00e1n cree que la sentencia de Sijena puede provocar una desestabilizaci\u00f3n muse\u00edstica mundial (heraldo.es)<\/a><\/li>\n<li>El Peri\u00f3dico de Arag\u00f3n: <a href=\"https:\/\/www.elperiodicodearagon.com\/noticias\/aragon\/justicia-confirma-devolucion-bienes-sijena_1452722.html\">El Supremo confirma que el tesoro de Sijena se tiene que quedar en Arag\u00f3n (elperiodicodearagon.com)<\/a><\/li>\n<li>Diario del Altoarag\u00f3n: <a href=\"https:\/\/www.diariodelaltoaragon.es\/NoticiasDetalle.aspx?Id=1234642\">Idelfonso Salillas, primer alcalde del litigio de Sijena, califica \u00abmuy buena noticia\u00bb la sentencia del Supremo (diariodelaltoaragon.es)<\/a><\/li>\n<li>20 Minutos: <a href=\"https:\/\/www.20minutos.es\/noticia\/4543606\/0\/el-supremo-desestima-los-recursos-de-la-generalitat-y-los-museos-por-los-bienes-de-sijena\/\">El Supremo da la raz\u00f3n a Arag\u00f3n y desestima los recursos de la Generalitat por los bienes de Sijena (20minutos.es)<\/a><\/li>\n<li>Europa Press: <a href=\"https:\/\/www.europapress.es\/catalunya\/noticia-joan-talarn-sijena-ningun-museo-legitimamente-establecido-podra-estar-tranquilo-20210114201803.html\">Joan Talarn, sobre Sijena: \u00abNing\u00fan museo leg\u00edtimamente establecido podr\u00e1 estar tranquilo\u00bb (europapress.es)<\/a><\/li>\n<\/ul>\n<p><!-- \/wp:list --><\/p>\n<p><!-- wp:paragraph --><\/p>\n<p>Sentencia del Tribunal Supremo:<\/p>\n<p><!-- \/wp:paragraph --><\/p>\n<p><!-- wp:file {\"id\":3093,\"href\":\"https:\/\/sijenasi.com\/wp-content\/uploads\/2021\/01\/nota-sala-civil-ts-13-enero-2021.pdf\"} --><\/p>\n<div class=\"wp-block-file\"><a href=\"https:\/\/sijenasi.com\/wp-content\/uploads\/2021\/01\/nota-sala-civil-ts-13-enero-2021.pdf\">nota-sala-civil-ts-13-enero-2021<\/a><a class=\"wp-block-file__button\" href=\"https:\/\/sijenasi.com\/wp-content\/uploads\/2021\/01\/nota-sala-civil-ts-13-enero-2021.pdf\">Descarga<\/a><\/div>\n<p><!-- \/wp:file --><\/p>\n<p><!-- wp:paragraph --><\/p>\n<p><!-- \/wp:paragraph --><\/p>","protected":false},"excerpt":{"rendered":"<p>El Tribunal Supremo confirma la sentencia que declar\u00f3 la nulidad de la venta de las obras del Monasterio Sijena a la Generalitat y al Museo Nacional de Arte de Catalu\u00f1a.<\/p>\n","protected":false},"author":2,"featured_media":3090,"comment_status":"open","ping_status":"open","sticky":false,"template":"","format":"standard","meta":{"ngg_post_thumbnail":0,"_jetpack_memberships_contains_paid_content":false,"footnotes":""},"categories":[3,55,58,27,41],"tags":[125,216,248,302,304,315,316,407,428],"class_list":["post-3077","post","type-post","status-publish","format-standard","hentry","category-agradecimiento","category-audiencia-provincial-de-huesca","category-bienes-parroquias-aragonesas","category-plataforma-sijena-si","category-sijena-2023","tag-bienes","tag-generalitat-de-cataluna","tag-joan-talarn","tag-mnac","tag-monasterio-de-sijena","tag-museo-diocesano-de-lerida","tag-museu-de-lleida-diocesa-i-comarcal","tag-sentencias-judiciales","tag-tribunal-supremo"],"jetpack_featured_media_url":"https:\/\/sijenasi.com\/wp-content\/uploads\/2021\/01\/regreso-de-los-bienes-a-sijena-2017.jpg","jetpack_sharing_enabled":true,"_links":{"self":[{"href":"https:\/\/sijenasi.com\/index.php\/wp-json\/wp\/v2\/posts\/3077","targetHints":{"allow":["GET"]}}],"collection":[{"href":"https:\/\/sijenasi.com\/index.php\/wp-json\/wp\/v2\/posts"}],"about":[{"href":"https:\/\/sijenasi.com\/index.php\/wp-json\/wp\/v2\/types\/post"}],"author":[{"embeddable":true,"href":"https:\/\/sijenasi.com\/index.php\/wp-json\/wp\/v2\/users\/2"}],"replies":[{"embeddable":true,"href":"https:\/\/sijenasi.com\/index.php\/wp-json\/wp\/v2\/comments?post=3077"}],"version-history":[{"count":0,"href":"https:\/\/sijenasi.com\/index.php\/wp-json\/wp\/v2\/posts\/3077\/revisions"}],"wp:featuredmedia":[{"embeddable":true,"href":"https:\/\/sijenasi.com\/index.php\/wp-json\/wp\/v2\/media\/3090"}],"wp:attachment":[{"href":"https:\/\/sijenasi.com\/index.php\/wp-json\/wp\/v2\/media?parent=3077"}],"wp:term":[{"taxonomy":"category","embeddable":true,"href":"https:\/\/sijenasi.com\/index.php\/wp-json\/wp\/v2\/categories?post=3077"},{"taxonomy":"post_tag","embeddable":true,"href":"https:\/\/sijenasi.com\/index.php\/wp-json\/wp\/v2\/tags?post=3077"}],"curies":[{"name":"wp","href":"https:\/\/api.w.org\/{rel}","templated":true}]}}