{"id":2976,"date":"2020-09-25T21:49:00","date_gmt":"2020-09-25T19:49:00","guid":{"rendered":"http:\/\/sijenasi.com\/?p=2976"},"modified":"2020-09-25T21:49:00","modified_gmt":"2020-09-25T19:49:00","slug":"el-tribunal-de-conflictos-rechaza-la-competencia-de-la-generalitat-de-cataluna-sobre-lo-que-no-le-pertenece","status":"publish","type":"post","link":"https:\/\/sijenasi.com\/index.php\/2020\/09\/25\/el-tribunal-de-conflictos-rechaza-la-competencia-de-la-generalitat-de-cataluna-sobre-lo-que-no-le-pertenece\/","title":{"rendered":"El Tribunal de Conflictos rechaza la competencia de la Generalitat de Catalu\u00f1a sobre lo que no le pertenece"},"content":{"rendered":"\n<figure class=\"wp-block-image size-large\"><img loading=\"lazy\" decoding=\"async\" width=\"660\" height=\"371\" src=\"https:\/\/sijenasi.com\/wp-content\/uploads\/2020\/11\/bienes-barbastro.jpg?w=660\" alt=\"\" class=\"wp-image-2982\" srcset=\"https:\/\/sijenasi.com\/wp-content\/uploads\/2020\/11\/bienes-barbastro.jpg 660w, https:\/\/sijenasi.com\/wp-content\/uploads\/2020\/11\/bienes-barbastro-300x169.jpg 300w\" sizes=\"auto, (max-width: 660px) 100vw, 660px\" \/><\/figure>\n\n\n\n<p class=\"has-drop-cap\">Con gran alegr\u00eda hemos recibido la noticia de una nueva resoluci\u00f3n judicial que vuelve a dar la raz\u00f3n al obispado de Barbastro-Monz\u00f3n en su litigio por los bienes de las parroquias del Arag\u00f3n oriental.<\/p>\n\n\n\n<p>El <strong>Tribunal de Conflictos del&nbsp;Supremo<\/strong>&nbsp;ha desestimado el conflicto de jurisdicci\u00f3n planteado por la Generalitat y resuelve que el juzgado de instrucci\u00f3n 1 de Barbastro es el competente para seguir con el caso de las&nbsp;111 obras de arte de la Franja. Fue este juzgado el que orden\u00f3 en diciembre de 2019 la devoluci\u00f3n \u00abinmediata\u00bb de las obras de la Franja que est\u00e1n en el&nbsp;Museo de L\u00e9rida en las parroquias de la di\u00f3cesis de Barbastro-Monz\u00f3n. El Supremo determina que ahora ser\u00e1 este mismo juzgado aragon\u00e9s el encargado de resolver los recursos que puedan plantear las partes.<\/p>\n\n\n\n<p id=\"m123-122-124\">La decisi\u00f3n del Tribunal de Conflictos, hecha p\u00fablica ayer a trav\u00e9s de un comunicado (la sentencia se notificar\u00e1 en unos d\u00edas), se ha tomado con rapidez, ya que fue el mi\u00e9rcoles cuando se reuni\u00f3 para debatir el asunto. Seg\u00fan ese \u00f3rgano especial del Supremo, el Juzgado de&nbsp;Barbastro debe resolver sobre&nbsp;<strong>l<\/strong>a sentencia que dict\u00f3 el 10 de diciembre de 2019&nbsp;declarando que los bienes eran propiedad de distintas parroquias aragonesas de las que proced\u00edan, y que deb\u00edan ser devueltos de forma inmediata a las mismas. Tambi\u00e9n debe ocuparse de la tramitaci\u00f3n, en su caso, del recurso de apelaci\u00f3n ante la Audiencia.&nbsp;<\/p>\n\n\n\n<p id=\"m128-127-129\">El juzgado de Barbastro suspendi\u00f3 la ejecuci\u00f3n provisional en enero de 2020 al plantear la Generalitat catalana el conflicto de jurisdicci\u00f3n tras dictarse el fallo.&nbsp;La Generalitat hab\u00eda reclamado su competencia \u00abexclusiva\u00bb sobre los bienes en litigio por estar incluidos en una colecci\u00f3n catalogada de 1.810 objetos, en virtud de una resoluci\u00f3n del consejero de Cultura de 20 de mayo de 1999, y por tanto consideraba que su disgregaci\u00f3n requer\u00eda autorizaci\u00f3n del departamento. Una petici\u00f3n que luego respaldaron tanto el Obispado de L\u00e9rida como el Consorcio del Museo Diocesano Comarcal.<\/p>\n\n\n\n<p>Nuestra Plataforma vuelve a pedir, por tanto, la <strong>ejecuci\u00f3n provisional <\/strong>de la sentencia, dado que no afecta a bienes que puedan ser da\u00f1ados por un traslado y su exposici\u00f3n en un museo que lleva a\u00f1os con los huecos preparados para exponer estas obras. <\/p>\n\n\n\n<p><strong>PUEDES LEER AQU\u00cd LA SENTENCIA COMPLETA:<\/strong> <\/p>\n\n\n\n<div class=\"wp-block-file\"><a href=\"https:\/\/sijenasi.com\/wp-content\/uploads\/2020\/11\/sentencia-juzgado-de-barbastro-111-bienes.pdf\"><strong>Sentencia del Juzgado de Barbastro por los 111 bienes<\/strong><\/a><a href=\"https:\/\/sijenasi.com\/wp-content\/uploads\/2020\/11\/sentencia-juzgado-de-barbastro-111-bienes.pdf\" class=\"wp-block-file__button\" download>Descarga<\/a><\/div>\n\n\n\n<p>Medios de comunicaci\u00f3n:<\/p>\n\n\n\n<ul class=\"wp-block-list\"><li>Heraldo de Arag\u00f3n: <a rel=\"noreferrer noopener\" href=\"https:\/\/www.heraldo.es\/noticias\/aragon\/huesca\/2020\/10\/01\/el-tribunal-de-conflictos-censura-a-la-generalitat-por-extralimitarse-al-decidir-sobre-la-entrega-de-los-bienes-aragoneses-1398014.html\" target=\"_blank\">El Tribunal de Conflictos censura a la Generalitat por \u00abextralimitarse\u00bb al decidir sobre la entrega de los bienes aragoneses<\/a>  <\/li><li>La Vanguardia: <a href=\"https:\/\/www.lavanguardia.com\/local\/aragon\/20201105\/49256979902\/guerrero-par-defiende-la-ejecucion-provisional-de-la-sentencia-de-los-bienes-que-siguen-en-el-museo-de-lerida.html\" target=\"_blank\" rel=\"noreferrer noopener\">Guerrero defiende la ejecuci\u00f3n provisional de la sentencia de los bienes que siguen en el Museo de L\u00e9rida<\/a><\/li><li>Religi\u00f3n Digital: <a rel=\"noreferrer noopener\" href=\"https:\/\/www.religiondigital.org\/arte\/Supremo-pretensiones-Lleida-devolucion-barbastro-monzon-arte-bienes-franja_0_2271372885.html\" target=\"_blank\">El Supremo tumba las pretensiones de Lleida para evitar la devoluci\u00f3n de los bienes de Barbastro-Monz\u00f3n<\/a><\/li><\/ul>\n\n\n\n<p><\/p>\n","protected":false},"excerpt":{"rendered":"<p>Con gran alegr\u00eda hemos recibido la noticia de una nueva resoluci\u00f3n judicial que vuelve a dar la raz\u00f3n al obispado de Barbastro-Monz\u00f3n en su litigio por los bienes de las parroquias del Arag\u00f3n oriental. El Tribunal de Conflictos del&nbsp;Supremo&nbsp;ha desestimado el conflicto de jurisdicci\u00f3n planteado por la Generalitat y resuelve que el juzgado de instrucci\u00f3n [&hellip;]<\/p>\n","protected":false},"author":2,"featured_media":2982,"comment_status":"open","ping_status":"open","sticky":false,"template":"","format":"standard","meta":{"ngg_post_thumbnail":0,"_jetpack_memberships_contains_paid_content":false,"footnotes":""},"categories":[56,58,15,78,27,38,40],"tags":[216,217,218,327,328,342],"class_list":["post-2976","post","type-post","status-publish","format-standard","hentry","category-barbastro","category-bienes-parroquias-aragonesas","category-historia","category-juzgado-no-1-barbastro","category-plataforma-sijena-si","category-roda-de-isabena","category-sentencias-vaticanas","tag-generalitat-de-cataluna","tag-generalitat-della-catalogne","tag-generalitat-von-katalonien","tag-obispo-de-barbastro-monzon","tag-obispo-de-lerida","tag-parroquias"],"jetpack_featured_media_url":"https:\/\/sijenasi.com\/wp-content\/uploads\/2020\/11\/bienes-barbastro.jpg","jetpack_sharing_enabled":true,"_links":{"self":[{"href":"https:\/\/sijenasi.com\/index.php\/wp-json\/wp\/v2\/posts\/2976","targetHints":{"allow":["GET"]}}],"collection":[{"href":"https:\/\/sijenasi.com\/index.php\/wp-json\/wp\/v2\/posts"}],"about":[{"href":"https:\/\/sijenasi.com\/index.php\/wp-json\/wp\/v2\/types\/post"}],"author":[{"embeddable":true,"href":"https:\/\/sijenasi.com\/index.php\/wp-json\/wp\/v2\/users\/2"}],"replies":[{"embeddable":true,"href":"https:\/\/sijenasi.com\/index.php\/wp-json\/wp\/v2\/comments?post=2976"}],"version-history":[{"count":0,"href":"https:\/\/sijenasi.com\/index.php\/wp-json\/wp\/v2\/posts\/2976\/revisions"}],"wp:featuredmedia":[{"embeddable":true,"href":"https:\/\/sijenasi.com\/index.php\/wp-json\/wp\/v2\/media\/2982"}],"wp:attachment":[{"href":"https:\/\/sijenasi.com\/index.php\/wp-json\/wp\/v2\/media?parent=2976"}],"wp:term":[{"taxonomy":"category","embeddable":true,"href":"https:\/\/sijenasi.com\/index.php\/wp-json\/wp\/v2\/categories?post=2976"},{"taxonomy":"post_tag","embeddable":true,"href":"https:\/\/sijenasi.com\/index.php\/wp-json\/wp\/v2\/tags?post=2976"}],"curies":[{"name":"wp","href":"https:\/\/api.w.org\/{rel}","templated":true}]}}