{"id":2931,"date":"2020-10-05T23:21:55","date_gmt":"2020-10-05T21:21:55","guid":{"rendered":"http:\/\/sijenasi.com\/?p=2931"},"modified":"2020-10-05T23:21:55","modified_gmt":"2020-10-05T21:21:55","slug":"la-audiencia-provincial-confirma-la-sentencia-de-las-pinturas-de-sijena","status":"publish","type":"post","link":"https:\/\/sijenasi.com\/index.php\/2020\/10\/05\/la-audiencia-provincial-confirma-la-sentencia-de-las-pinturas-de-sijena\/","title":{"rendered":"La Audiencia Provincial confirma la sentencia de las pinturas de Sijena"},"content":{"rendered":"\n<div class=\"wp-block-image\"><figure class=\"aligncenter size-large\"><img decoding=\"async\" src=\"https:\/\/sijenasi.com\/wp-content\/uploads\/2020\/10\/2017-06-17-sijena-si-en-mnac-1.jpg?w=1024\" alt=\"\" class=\"wp-image-2941\" \/><\/figure><\/div>\n\n\n\n<p class=\"has-drop-cap\">La Audiencia Provincial de Huesca ha ratificado la sentencia que condenaba ya en 2016 a la Generalitat a devolver las pinturas expoliadas en Sijena por uno de sus funcionarios, Josep Gudiol, en 1936.<\/p>\n\n\n\n<p>Es una noticia para tirar cohetes, de esas que esperamos tantos a\u00f1os y que, cuando llegan, debemos volver a leerlas dos veces para dar cr\u00e9dito a nuestros ojos. Pero, aunque la Justicia sea exasperantemente lenta, como dijimos en nuestra <a rel=\"noreferrer noopener\" href=\"https:\/\/sijenasi.com\/2020\/01\/03\/urgimos-a-la-audiencia-a-resolver-el-recurso-de-las-pinturas-de-sijena\/\" target=\"_blank\">petici\u00f3n a la Audiencia Provincial a principio de este a\u00f1o<\/a>, va produciendo los resultados esperados: \u00a1estamos mucho m\u00e1s cerca de devolver lo que es de Sijena, por justicia y dignidad!<\/p>\n\n\n\n<p>En este largu\u00edsimo camino, que a tantos se les ha hecho interminable, hemos tenido que avanzar de jal\u00f3n en jal\u00f3n hasta llegar aqu\u00ed. No es el final del trayecto, seguramente. Tercos con sus mentiras, sus leyendas y sus ego\u00edstas ambiciones, es de esperar que la parte catalana recurrir\u00e1 al Tribunal Supremo en casaci\u00f3n, a pesar de no haber sabido defender all\u00ed ninguno de los anteriores pleitos (Bienes de Sijena, bienes de las parroquias del Arag\u00f3n Oriental&#8230;). Es su forma de seguir dilatando la inevitable ejecuci\u00f3n final de la Justicia.<\/p>\n\n\n\n<p>Tal como hemos pedido recientemente en nuestras <strong><a href=\"https:\/\/sijenasi.com\/2020\/09\/15\/comparecencia-ante-las-cortes-de-aragon\/\">comparecencia ante las Cortes de Arag\u00f3n<\/a><\/strong>, instamos a estas y al Gobierno de Arag\u00f3n a seguir el plan de ruta que propusimos: decl\u00e1rese el <strong>2023 como \u00abA\u00f1o de Sijena\u00bb<\/strong> y cr\u00e9ese una comisi\u00f3n que <strong>red\u00e1cte cuanto antes el Protocolo de recepci\u00f3n e instalaci\u00f3n de las pinturas de Sijena<\/strong>. Debe incluir <strong>expertos nacionales e internacionales<\/strong> que tapen la boca a los que la Generalitat ha pagado para que nieguen p\u00fablicamente que las pinturas puedan trasladarse. Esto no ser\u00e1, de todos modos, ning\u00fan escollo para que se traigan a Arag\u00f3n,<br>pero supondr\u00e1 el \u00faltimo cap\u00edtulo en su in\u00fatil y desesperada lucha por dilatar la fecha de entrega. Ocultan que ellos las han movido y reinstalado varias veces, incluida una exposici\u00f3n en Nueva York. Es una muestra m\u00e1s de su desprecio a la capacidad de Arag\u00f3n de cuidar de su patrimonio y un nuevo hito en su permanente intento de convertir un pleito civil por la posesi\u00f3n de un bien en un asunto pol\u00edtico inexistente.<\/p>\n\n\n\n<p>Nada de esto hubiera ocurrido sin la entrega, sabidur\u00eda y valent\u00eda de quienes han liderado el proceso judicial durante muchos a\u00f1os, entre quienes no podemos dejar de mencionar a Ildefonso Salillas, Jorge Espa\u00f1ol y Alberto Gimeno, con la inestimable ayuda del historiador Juan Jos\u00e9 Nieto y de expertos como Alfonso Monforte. Ellos son los h\u00e9roes del d\u00eda. <\/p>\n\n\n\n<p>Como Plataforma, brindamos la noticia a nuestro compa\u00f1ero y amigo Antonio Torres, que nos acompa\u00f1\u00f3 en la protesta dentro del MNAC en 2017 y nos dej\u00f3 el pasado a\u00f1o.  \u00a1Seguimos en la lucha, Antonio!<\/p>\n\n\n\n<p>Aprovechamos para pedir a todos que sigan firmando en la <strong><a rel=\"noreferrer noopener\" href=\"https:\/\/www.change.org\/p\/generalitat-de-catalu%C3%B1a-devuelvan-a-arag%C3%B3n-las-pinturas-expoliadas-a-sijena-por-el-mnac\" target=\"_blank\">campa\u00f1a de firmas por esta devoluci\u00f3n<\/a><\/strong>. \u00a1Faltan pocas para llegar a las <strong>10.000<\/strong>!<\/p>\n\n\n\n<p><strong>Medios de comunicaci\u00f3n<\/strong>:<\/p>\n\n\n\n<ul class=\"wp-block-list\"><li>La Vanguardia: <a rel=\"noreferrer noopener\" href=\"https:\/\/www.lavanguardia.com\/cultura\/20201005\/483859635181\/audiencia-huesca-pinturas-volver-sijena.html\" target=\"_blank\">La Audiencia Huesca confirma que las pinturas de Sijena deben regresar a Arag\u00f3n<\/a><\/li><li>El Pa\u00eds: <a rel=\"noreferrer noopener\" href=\"https:\/\/elpais.com\/espana\/catalunya\/2020-10-05\/la-audiencia-de-huesca-confirma-que-las-pinturas-de-sijena-deben-volver-a-huesca.html\" target=\"_blank\">La Audiencia de Huesca ratifica el regreso de las pinturas de Sijena<\/a><\/li><li>El Peri\u00f3dico: <a rel=\"noreferrer noopener\" href=\"https:\/\/www.elperiodico.com\/es\/ocio-y-cultura\/20201005\/audiencia-huesca-monasterio-sijena-arte-sacro-litigio-lleida-aragon-8141867\" target=\"_blank\">La Audiencia de Huesca confirma que los murales del monasterio de Sijena deben regresar a Arag\u00f3n<\/a> <\/li><li>ABC: <a rel=\"noreferrer noopener\" href=\"https:\/\/www.abc.es\/espana\/aragon\/abci-nueva-sentencia-contra-generalitat-expolio-convento-sijena-frescos-deben-volver-aragon-202010051026_noticia.html\" target=\"_blank\">Nueva sentencia contra la Generalitat por el expolio del convento de Sijena: sus frescos deben volver a Arag\u00f3n<\/a><\/li><li>La Sexta: <a rel=\"noreferrer noopener\" href=\"https:\/\/www.lasexta.com\/noticias\/cultura\/audiencia-huesca-ratifica-devolucion-pinturas-murales-sijena-aragon_202010055f7af8c48f2c3c0001d8f846.html\" target=\"_blank\">Catalu\u00f1a tendr\u00e1 que devolver las pinturas murales de Sijena a Arag\u00f3n<\/a><\/li><li>20 Minutos: <a rel=\"noreferrer noopener\" href=\"https:\/\/www.20minutos.es\/noticia\/4405982\/0\/la-audiencia-de-huesca-confirma-la-sentencia-que-ordena-el-traslado-de-las-pinturas-murales-de-sijena\/\" target=\"_blank\">La Audiencia de Huesca confirma la sentencia que ordena el traslado a Arag\u00f3n de las pinturas murales de Sijena<\/a><\/li><li>P\u00fablico: <a rel=\"noreferrer noopener\" href=\"https:\/\/www.publico.es\/politica\/bienes-sijena-audiencia-huesca-confirma-devolucion-pinturas-sijena-aragon.html\" target=\"_blank\">La Audiencia de Huesca confirma la devoluci\u00f3n de las pinturas de Sijena a Arag\u00f3n<\/a><\/li><li>Heraldo de Arag\u00f3n: <a rel=\"noreferrer noopener\" href=\"https:\/\/www.heraldo.es\/noticias\/aragon\/huesca\/2020\/10\/05\/mnac-sentencia-sijena-audiencia-1398548.html\" target=\"_blank\">El MNAC recurrir\u00e1 la sentencia de la Audiencia de Huesca sobre Sijena<\/a><\/li><li>Arag\u00f3n Digital: <a href=\"https:\/\/www.aragondigital.es\/2020\/10\/06\/sijena-si-celebra-la-sentencia-que-exige-la-devolucion-de-las-pinturas-expoliadas-por-cataluna\/\" target=\"_blank\" rel=\"noreferrer noopener\">Sijena S\u00ed celebra la sentencia que exige la devoluci\u00f3n de las pinturas expoliadas por Catalu\u00f1a<\/a><\/li><\/ul>\n\n\n\n<p><\/p>\n","protected":false},"excerpt":{"rendered":"<p>La Audiencia Provincial de Huesca ha vuelto a dar la raz\u00f3n a Sijena y la Generalitat debe devolver las pinturas expoliadas en la guerra civil.<\/p>\n","protected":false},"author":2,"featured_media":2945,"comment_status":"open","ping_status":"open","sticky":false,"template":"","format":"standard","meta":{"ngg_post_thumbnail":0,"_jetpack_memberships_contains_paid_content":false,"footnotes":""},"categories":[68,15,27,29,39,41],"tags":[114,216,304,353,357,398,413],"class_list":["post-2931","post","type-post","status-publish","format-standard","hentry","category-expolio","category-historia","category-plataforma-sijena-si","category-prensa","category-sentencias-judiciales","category-sijena-2023","tag-audiencia-provincial-de-huesca","tag-generalitat-de-cataluna","tag-monasterio-de-sijena","tag-pinturas","tag-plataforma","tag-sala-capitular","tag-sijena-si"],"jetpack_featured_media_url":"https:\/\/sijenasi.com\/wp-content\/uploads\/2020\/10\/2017-06-17-sijena-si-en-mnac-1-1-scaled.jpg","jetpack_sharing_enabled":true,"_links":{"self":[{"href":"https:\/\/sijenasi.com\/index.php\/wp-json\/wp\/v2\/posts\/2931","targetHints":{"allow":["GET"]}}],"collection":[{"href":"https:\/\/sijenasi.com\/index.php\/wp-json\/wp\/v2\/posts"}],"about":[{"href":"https:\/\/sijenasi.com\/index.php\/wp-json\/wp\/v2\/types\/post"}],"author":[{"embeddable":true,"href":"https:\/\/sijenasi.com\/index.php\/wp-json\/wp\/v2\/users\/2"}],"replies":[{"embeddable":true,"href":"https:\/\/sijenasi.com\/index.php\/wp-json\/wp\/v2\/comments?post=2931"}],"version-history":[{"count":0,"href":"https:\/\/sijenasi.com\/index.php\/wp-json\/wp\/v2\/posts\/2931\/revisions"}],"wp:featuredmedia":[{"embeddable":true,"href":"https:\/\/sijenasi.com\/index.php\/wp-json\/wp\/v2\/media\/2945"}],"wp:attachment":[{"href":"https:\/\/sijenasi.com\/index.php\/wp-json\/wp\/v2\/media?parent=2931"}],"wp:term":[{"taxonomy":"category","embeddable":true,"href":"https:\/\/sijenasi.com\/index.php\/wp-json\/wp\/v2\/categories?post=2931"},{"taxonomy":"post_tag","embeddable":true,"href":"https:\/\/sijenasi.com\/index.php\/wp-json\/wp\/v2\/tags?post=2931"}],"curies":[{"name":"wp","href":"https:\/\/api.w.org\/{rel}","templated":true}]}}