{"id":2844,"date":"2020-06-11T21:10:59","date_gmt":"2020-06-11T19:10:59","guid":{"rendered":"http:\/\/sijenasi.com\/?p=2844"},"modified":"2020-06-11T21:10:59","modified_gmt":"2020-06-11T19:10:59","slug":"el-ts-se-salta-sus-propias-normas-para-aceptar-los-recursos-de-casacion-catalanes","status":"publish","type":"post","link":"https:\/\/sijenasi.com\/index.php\/2020\/06\/11\/el-ts-se-salta-sus-propias-normas-para-aceptar-los-recursos-de-casacion-catalanes\/","title":{"rendered":"El TS se salta sus propias normas para aceptar los recursos de casaci\u00f3n catalanes"},"content":{"rendered":"<p><img loading=\"lazy\" decoding=\"async\" src=\"https:\/\/sijenasi.com\/wp-content\/uploads\/2020\/06\/todos-los-animales-son-iguales-pero-algunos-mas-iguales-que-los-demas-george-orwell-1.jpg\" alt=\"todos-los-animales-son-iguales-pero-algunos-mas-iguales-que-los-demas-george-orwell\" width=\"850\" height=\"379\" \/><\/p>\n<p><strong>El Tribunal Supremo (TS) ha admitido a tr\u00e1mite los tres recursos de casaci\u00f3n<\/strong> interpuestos por las autoridades catalanas y sus museos <strong>contra las sentencias que condenaron a Catalu\u00f1a por el expolio<\/strong> del tesoro art\u00edstico del Real Monasterio de Sijena (Huesca). Tras la primera sentencia, dictada en 2015, los jueces ordenaron la ejecuci\u00f3n provisional de esa sentencia y exigieron a las autoridades catalanas que devolvieran a Arag\u00f3n las 95 piezas que, supuestamente, hab\u00edan comprado a las monjas de Sijena, argumento que fue desmontado en los tribunales. <strong>La Generalitat<\/strong>, tras devolver lo menos valioso,<a href=\"http:\/\/sijenasi.com\/2017\/08\/08\/desacato-y-chuleria-de-la-generalitat\/\"> <strong>se instal\u00f3 en el desacato y desobedeci\u00f3<\/strong><\/a> reiteradamente las \u00f3rdenes judiciales que le obligaban a la devoluci\u00f3n de las piezas que quedaban en L\u00e9rida. Esa desobediencia forz\u00f3 a mandar a la Guardia Civil al Museo de L\u00e9rida en diciembre de 2017 para recuperar las obras de arte retenidas all\u00ed y les est\u00e1 costando un <strong><a href=\"http:\/\/sijenasi.com\/2019\/12\/13\/la-jueza-dicta-apertura-de-juicio-oral-contra-santi-vila-y-lluis-puig\/\">proceso penal<\/a>\u00a0a los exconsejeros catalanes Santi Vila y Llu\u00eds Puig<\/strong>, ambos procesados y pendientes de juicio por aquellos hechos.<\/p>\n<p>Ante esto, la <strong>Plataforma Sijena S\u00ed<\/strong> manifiesta:<\/p>\n<ol>\n<li><strong>El TS no deber\u00eda haber admitido estos recursos por MOTIVOS DE FORMA<\/strong>. El TS puso por norma un tope de 25 folios de extensi\u00f3n en los recursos. Cada a\u00f1o aumenta el n\u00famero de recursos de casaci\u00f3n ante el TS, lo que dificulta la fluidez de la Justicia, ya de por s\u00ed congestionada. Para evitar que la casaci\u00f3n se convierta en una segunda apelaci\u00f3n, se obliga a que los escritos sean escuetos y concret\u00edsimos. Las limitaciones extr\u00ednsecas impuestas por el Acuerdo de la Sala de Gobierno del Tribunal Supremo 20-4-16 tienen car\u00e1cter preceptivo. Por tanto, <strong>dicho escrito tiene limitada la extensi\u00f3n m\u00e1xima a 50.000 \u00abcaracteres con espacio\u00bb, equivalentes a 25 folios<\/strong>, extensi\u00f3n que incluye las notas a pie de p\u00e1gina, esquemas o gr\u00e1ficos que puedan acompa\u00f1ar al escrito.<br \/>\nLo asombroso del caso es que <strong>los recursos de la Generalitat y del MNAC tienen una extensi\u00f3n de cerca de 70 p\u00e1ginas<\/strong>, casi triplicando el l\u00edmite mandado por el TS. <strong><strong>\u00a1Y el recurso del Museo de L\u00e9rida cuenta con 87 p\u00e1ginas, algo inaudito!<\/strong><\/strong>Hay <strong>precedentes de recursos<\/strong> que, <strong>por el solo hecho de tener m\u00e1s p\u00e1ginas, se inadmitieron a tr\u00e1mite<\/strong>. He aqu\u00ed un ejemplo:\u00a0<span style=\"color:#3366ff;\">&lt;&lt;<em>El recurso de casaci\u00f3n no puede admitirse&#8230; Adem\u00e1s, tampoco se ajusta el recurso a la extensi\u00f3n que ser\u00eda razonable, y que la sala considera, por lo general, su\ufb01ciente: una extensi\u00f3n de veinticinco p\u00e1ginas con interlineado 1,5 y fuente Times New Roman con un tama\u00f1o de 12 puntos en el texto y de 10 puntos en las notas a pie de p\u00e1gina o en la transcripci\u00f3n literal de preceptos o p\u00e1rrafos de sentencias que se incorporen. En este caso, el recurso consta de 53 p\u00e1ginas y el desarrollo de los motivos se extiende de la p\u00e1gina 11 a la p\u00e1gina 51, excedi\u00e9ndose de lo razonable, lo que constituye un defecto formal adicional al anteriormente citado<\/em>.&gt;&gt;<\/span> (ATS 19\/9\/2018, Ponente: \u00c1ngeles Parra Luc\u00e1n).Por contra, el Ayuntamiento de Villanueva de Sijena y el Gobierno de Arag\u00f3n, cuando se opongan a estos recursos, \u00a1se guardar\u00e1n mucho de exceder el l\u00edmite de 25 p\u00e1ginas! Como afirman los cerdos en <em>Rebeli\u00f3n en la granja<\/em>, novela de George Orwell, autor muy ligado a la tierra de Monegros, <strong>\u201ctodos los animales son iguales, pero hay algunos m\u00e1s iguales que los dem\u00e1s\u201d<\/strong>.<\/li>\n<li><strong> Es sorprendente la FALTA DE \u00c9TICA DE LA GENERALITAT al acudir al TS<\/strong>. Una instituci\u00f3n que ha sido capaz de desobedecer a los tribunales y <strong>mostrar un<\/strong> <strong>total desprecio por el sistema judicial <\/strong>cuando estas sentencias no le han convenido, <strong>hace uso de \u00e9l cuando le interesa<\/strong> \u2013lo que tambi\u00e9n deber\u00eda tomar en cuenta el TS por ser una forma de menospreciar su propia autoridad ante la ciudadan\u00eda- <strong>intentando que este recurso sea una segunda apelaci\u00f3n<\/strong>.<\/li>\n<li><strong> La Plataforma CONF\u00cdA EN LA JUSTICIA<\/strong>. Esperamos que el TS ratifique las sentencias previas. Hasta ahora, <strong>todos los <a href=\"https:\/\/sijenasi.com\/sentencias-judiciales\/\" target=\"_blank\" rel=\"noopener\">pronunciamientos judiciales<\/a> han considerado probado que los bienes de Sijena fueron adquiridos ilegalmente por la Generalitat<\/strong> y formaron parte de su larga tradici\u00f3n de expolios.<\/li>\n<li><strong> La Plataforma llama de nuevo a la MOVILIZACI\u00d3N CIUDADANA. <\/strong>Pide la colaboraci\u00f3n ciudadana en sus <strong>campa\u00f1as de firmas en internet<\/strong>, tanto para que se devuelvan las <a href=\"https:\/\/www.change.org\/p\/generalitat-de-catalu%C3%B1a-devuelvan-a-arag%C3%B3n-las-pinturas-expoliadas-a-sijena-por-el-mnac\" target=\"_blank\" rel=\"noopener\">pinturas murales<\/a> expoliadas de la sala capitular como para que regresen los bienes de las <a href=\"https:\/\/www.change.org\/p\/generalitat-de-catalu%C3%B1a-y-obispo-de-l%C3%A9rida-devuelvan-al-arag%C3%B3n-oriental-sus-obras-de-arte\" target=\"_blank\" rel=\"noopener\">parroquias del Arag\u00f3n Oriental<\/a>. Se puede acceder a ellas en <strong><a href=\"http:\/\/www.sijenasi.com\">www.sijenasi.com<\/a> <\/strong>\u00a1No nos dejemos avasallar! \u00a1Sigamos luchando por la Justicia y la Dignidad!<\/li>\n<\/ol>\n<p><strong>Legislaci\u00f3n<\/strong>:<\/p>\n<ul>\n<li><strong>Legislaci\u00f3n<\/strong> sobre el Recurso de Casaci\u00f3n: <a href=\"https:\/\/www.boe.es\/buscar\/act.php?id=BOE-A-2000-323#a477\">https:\/\/www.boe.es\/buscar\/act.php?id=BOE-A-2000-323#a477<\/a><\/li>\n<li>Acuerdo del <strong>TS<\/strong> sobre la presentaci\u00f3n de recursos: <a href=\"http:\/\/www.poderjudicial.es\/stfls\/TRIBUNAL%20SUPREMO\/DOCUMENTOS%20DE%20INTER%C3%89S\/Acuerdos%20criterios%20de%20admisi%C3%B3n%202-2017.pdf\">VER DOCUMENTO<\/a><\/li>\n<\/ul>\n<p><b>Otras p\u00e1ginas:<\/b><\/p>\n<ul>\n<li>La Vanguardia: <a href=\"https:\/\/www.lavanguardia.com\/cultura\/20200610\/481704085849\/sijena-mnac-museu-de-lleida-supremo-jorge-espanol.html\" target=\"_blank\" rel=\"noopener\">El Supremo admite el recurso de la Generalitat contra la devoluci\u00f3n de bienes art\u00edsticos a Sijena<\/a><\/li>\n<li>ABC: <a href=\"https:\/\/www.abc.es\/espana\/aragon\/abci-tribunal-supremo-revisa-caso-expolio-sijena-condenada-generalitat-202006101258_noticia.html\" target=\"_blank\" rel=\"noopener\">El Tribunal Supremo revisa el \u00abcaso Sijena\u00bb, el expolio por el que fue condenada la Generalitat<\/a><\/li>\n<li>El Peri\u00f3dico de Arag\u00f3n: <a href=\"https:\/\/www.elperiodicodearagon.com\/noticias\/aragon\/supremo-admite-recursos-cataluna-sentencia-bienes-sijena_1424292.html\" target=\"_blank\" rel=\"noopener\">El Supremo admite los recursos de Catalu\u00f1a contra la sentencia de los bienes de Sijena<\/a><\/li>\n<li>COPE: <a href=\"https:\/\/www.cope.es\/emisoras\/aragon\/huesca-provincia\/huesca\/informativo-mediodia-en-huesca\/noticias\/plataforma-sijena-confia-que-tribunal-supremo-hara-justicia-ratificara-las-sentencias-sijena-20200612_764528\" target=\"_blank\" rel=\"noopener\">La Plataforma Sijena S\u00ed conf\u00eda en que el Tribunal Supremo har\u00e1 justicia y ratificar\u00e1 las sentencias de Sijena<\/a><\/li>\n<li>Heraldo de Arag\u00f3n: <a href=\"https:\/\/www.heraldo.es\/noticias\/aragon\/2020\/06\/12\/la-plataforma-sijena-si-confia-en-que-el-ts-ratifique-las-sentencias-de-los-bienes-de-sijena-1380091.html\" target=\"_blank\" rel=\"noopener\">La Plataforma Sijena S\u00ed conf\u00eda en que el TS ratifique las sentencias de los bienes de Sijena<\/a><\/li>\n<\/ul>\n","protected":false},"excerpt":{"rendered":"<p>El Tribunal Supremo (TS) ha admitido a tr\u00e1mite los tres recursos de casaci\u00f3n interpuestos por las autoridades catalanas y sus museos contra las sentencias que condenaron a Catalu\u00f1a por el expolio del tesoro art\u00edstico del Real Monasterio de Sijena (Huesca). Tras la primera sentencia, dictada en 2015, los jueces ordenaron la ejecuci\u00f3n provisional de esa [&hellip;]<\/p>\n","protected":false},"author":2,"featured_media":0,"comment_status":"open","ping_status":"open","sticky":false,"template":"","format":"standard","meta":{"ngg_post_thumbnail":0,"_jetpack_memberships_contains_paid_content":false,"footnotes":""},"categories":[43],"tags":[],"class_list":["post-2844","post","type-post","status-publish","format-standard","hentry","category-sin-categoria"],"jetpack_featured_media_url":"","jetpack_sharing_enabled":true,"_links":{"self":[{"href":"https:\/\/sijenasi.com\/index.php\/wp-json\/wp\/v2\/posts\/2844","targetHints":{"allow":["GET"]}}],"collection":[{"href":"https:\/\/sijenasi.com\/index.php\/wp-json\/wp\/v2\/posts"}],"about":[{"href":"https:\/\/sijenasi.com\/index.php\/wp-json\/wp\/v2\/types\/post"}],"author":[{"embeddable":true,"href":"https:\/\/sijenasi.com\/index.php\/wp-json\/wp\/v2\/users\/2"}],"replies":[{"embeddable":true,"href":"https:\/\/sijenasi.com\/index.php\/wp-json\/wp\/v2\/comments?post=2844"}],"version-history":[{"count":0,"href":"https:\/\/sijenasi.com\/index.php\/wp-json\/wp\/v2\/posts\/2844\/revisions"}],"wp:attachment":[{"href":"https:\/\/sijenasi.com\/index.php\/wp-json\/wp\/v2\/media?parent=2844"}],"wp:term":[{"taxonomy":"category","embeddable":true,"href":"https:\/\/sijenasi.com\/index.php\/wp-json\/wp\/v2\/categories?post=2844"},{"taxonomy":"post_tag","embeddable":true,"href":"https:\/\/sijenasi.com\/index.php\/wp-json\/wp\/v2\/tags?post=2844"}],"curies":[{"name":"wp","href":"https:\/\/api.w.org\/{rel}","templated":true}]}}