{"id":2732,"date":"2019-12-13T21:06:05","date_gmt":"2019-12-13T19:06:05","guid":{"rendered":"http:\/\/sijenasi.com\/?p=2732"},"modified":"2019-12-13T21:06:05","modified_gmt":"2019-12-13T19:06:05","slug":"la-jueza-dicta-apertura-de-juicio-oral-contra-santi-vila-y-lluis-puig","status":"publish","type":"post","link":"https:\/\/sijenasi.com\/index.php\/2019\/12\/13\/la-jueza-dicta-apertura-de-juicio-oral-contra-santi-vila-y-lluis-puig\/","title":{"rendered":"La jueza dicta apertura de juicio oral contra Santi Vila y Lluis Puig"},"content":{"rendered":"<p><img loading=\"lazy\" decoding=\"async\" class=\"alignnone size-full wp-image-2734\" src=\"https:\/\/sijenasi.com\/wp-content\/uploads\/2020\/01\/los-exconsellers-santi-vila-lluis-puig.jpg\" alt=\"los-exconsellers-santi-vila-lluis-puig\" width=\"1200\" height=\"674\" srcset=\"https:\/\/sijenasi.com\/wp-content\/uploads\/2020\/01\/los-exconsellers-santi-vila-lluis-puig.jpg 1200w, https:\/\/sijenasi.com\/wp-content\/uploads\/2020\/01\/los-exconsellers-santi-vila-lluis-puig-300x169.jpg 300w, https:\/\/sijenasi.com\/wp-content\/uploads\/2020\/01\/los-exconsellers-santi-vila-lluis-puig-1024x575.jpg 1024w, https:\/\/sijenasi.com\/wp-content\/uploads\/2020\/01\/los-exconsellers-santi-vila-lluis-puig-768x431.jpg 768w\" sizes=\"auto, (max-width: 1200px) 100vw, 1200px\" \/><\/p>\n<p>La magistrada del juzgado de Instrucci\u00f3n n\u00ba 3 de Huesca ha dictado auto de apertura de juicio oral contra los ex consejeros de Cultura de la Generalitat, Santi Vila y Lluis Puig, por un delito de desobediencia. A Santi Vila se le juzgar\u00e1 como posible autor de un delito de desobediencia y otro de usurpaci\u00f3n de atribuciones judiciales, y a Puig por su posible comisi\u00f3n de un delito de desobediencia.<\/p>\n<p>En el auto dictado el pasado d\u00eda 5 de diciembre la magistrada requiere a ambos acusados para que depositen una fianza de 216.000 euros en el caso de Vila y de 88.000 euros en el caso de Puig para garantizar y asegurar las posibles responsabilidades que pudieran impon\u00e9rseles.<\/p>\n<p>Por su parte, el Ministerio Fiscal en sus conclusiones provisionales considera que los hechos son constitutivos de un delito de desobediencia y pide para ambos acusados una pena de multa de 5.940 euros (11 meses de multa con una cuota diaria de 18 euros). En concepto de responsabilidad civil, el Ministerio P\u00fablico solicita que ambos acusados indemnicen conjunta y solidariamente a la Diputaci\u00f3n General de Arag\u00f3n con la cantidad en que sea tasado el importe total al que hubo de hacer frente como consecuencia del traslado de los bienes.<\/p>\n<p>Jorge Espa\u00f1ol, abogado del Ayuntamiento de Villanueva de Sijena,\u00a0 manifestaba que la apertura de juicio oral por parte de la magistrada es \u00abuna decisi\u00f3n l\u00f3gica y racional\u00bb despu\u00e9s de que se hayan presentado los escritos de acusaci\u00f3n.\u00a0 Y a\u00f1ad\u00eda que, m\u00e1s all\u00e1 de constituir un paso m\u00e1s en el procedimiento judicial de los ex consejeros Vila y Puig, la apertura de juicio oral es \u00abun paso importante porque si se pide la ejecuci\u00f3n provisional de la sentencia de los 111 bienes de las parroquias de la di\u00f3cesis de Barbastro-Monz\u00f3n, y la consejera de Cultura de la Generalitat se rebela, se arriesga a acabar como sus antecesores Santi Vila y Lluis Puig\u00bb.<\/p>\n<p>Los hechos por los que ser\u00e1n juzgados tienen su origen en la sentencia dictada el 8 de abril de 2015 por el Juzgado de Primera Instancia n\u00ba 1 de Huesca, resoluci\u00f3n que decretaba la nulidad de pleno derecho de las compraventas realizadas por la Generalitat de Catalu\u00f1a entre 1983 y 1992 y por el Museo de Arte de Catalu\u00f1a en 1994 declarando que la propiedad de los bienes objeto de tales contratos correspond\u00eda a la Orden Sanjuanista del Real Monasterio de Sijena.<\/p>\n<p>Posteriormente, el 11 de junio de 2015, el mismo juzgado decretaba la ejecuci\u00f3n provisional de la sentencia requiriendo el traslado inmediato y efectivo de los 44 bienes pertenecientes al Monasterio de Sijena. Tras la resoluci\u00f3n de los varios recursos interpuestos, con fecha 18 de abril de 2017, seg\u00fan expresa el Ministerio Fiscal en su calificaci\u00f3n provisional, el entonces consejero de Cultura, Santiago Vila, dict\u00f3 una orden por la que no se autorizaba la disgregaci\u00f3n de las piezas que restaban en el Museo de L\u00e9rida y por tanto no se autorizaba la salida de los 44 bienes al Monasterio de Sijena.<\/p>\n<p>Fuente: Radio Huesca: <a href=\"https:\/\/www.radiohuesca.com\/comarcas\/la-jueza-dicta-apertura-de-juicio-oral-contra-dos-ex-consejeros-de-la-generalitat-por-los-bienes-de-sijena-13122019-133092.html\" target=\"_blank\" rel=\"noopener\">La jueza dicta apertura de juicio oral contra dos ex consejeros de la Generalitat por los bienes de Sijena<\/a><\/p>\n","protected":false},"excerpt":{"rendered":"<p>La magistrada del juzgado de Instrucci\u00f3n n\u00ba 3 de Huesca ha dictado auto de apertura de juicio oral contra los ex consejeros de Cultura de la Generalitat, Santi Vila y Lluis Puig, por un delito de desobediencia. A Santi Vila se le juzgar\u00e1 como posible autor de un delito de desobediencia y otro de usurpaci\u00f3n [&hellip;]<\/p>\n","protected":false},"author":2,"featured_media":2734,"comment_status":"open","ping_status":"open","sticky":false,"template":"","format":"standard","meta":{"ngg_post_thumbnail":0,"_jetpack_memberships_contains_paid_content":false,"footnotes":""},"categories":[65,83,39],"tags":[116,216,230,252,272,274,283,321,403,439],"class_list":["post-2732","post","type-post","status-publish","format-standard","hentry","category-devolucion","category-museo-de-lerida","category-sentencias-judiciales","tag-ayuntamiento","tag-generalitat-de-cataluna","tag-huesca","tag-jorge-espanol-fumanal","tag-juicio","tag-juzgado","tag-lluis-puig-i-gordi","tag-no-3","tag-santi-vila","tag-villanueva-de-sijena"],"jetpack_featured_media_url":"https:\/\/sijenasi.com\/wp-content\/uploads\/2020\/01\/los-exconsellers-santi-vila-lluis-puig.jpg","jetpack_sharing_enabled":true,"_links":{"self":[{"href":"https:\/\/sijenasi.com\/index.php\/wp-json\/wp\/v2\/posts\/2732","targetHints":{"allow":["GET"]}}],"collection":[{"href":"https:\/\/sijenasi.com\/index.php\/wp-json\/wp\/v2\/posts"}],"about":[{"href":"https:\/\/sijenasi.com\/index.php\/wp-json\/wp\/v2\/types\/post"}],"author":[{"embeddable":true,"href":"https:\/\/sijenasi.com\/index.php\/wp-json\/wp\/v2\/users\/2"}],"replies":[{"embeddable":true,"href":"https:\/\/sijenasi.com\/index.php\/wp-json\/wp\/v2\/comments?post=2732"}],"version-history":[{"count":0,"href":"https:\/\/sijenasi.com\/index.php\/wp-json\/wp\/v2\/posts\/2732\/revisions"}],"wp:featuredmedia":[{"embeddable":true,"href":"https:\/\/sijenasi.com\/index.php\/wp-json\/wp\/v2\/media\/2734"}],"wp:attachment":[{"href":"https:\/\/sijenasi.com\/index.php\/wp-json\/wp\/v2\/media?parent=2732"}],"wp:term":[{"taxonomy":"category","embeddable":true,"href":"https:\/\/sijenasi.com\/index.php\/wp-json\/wp\/v2\/categories?post=2732"},{"taxonomy":"post_tag","embeddable":true,"href":"https:\/\/sijenasi.com\/index.php\/wp-json\/wp\/v2\/tags?post=2732"}],"curies":[{"name":"wp","href":"https:\/\/api.w.org\/{rel}","templated":true}]}}