{"id":2686,"date":"2019-10-31T23:31:29","date_gmt":"2019-10-31T21:31:29","guid":{"rendered":"http:\/\/sijenasi.com\/?p=2686"},"modified":"2019-10-31T23:31:29","modified_gmt":"2019-10-31T21:31:29","slug":"arrancan-las-obras-de-restauracion-de-la-capilla-de-sijena-cerrada-durante-50-anos","status":"publish","type":"post","link":"https:\/\/sijenasi.com\/index.php\/2019\/10\/31\/arrancan-las-obras-de-restauracion-de-la-capilla-de-sijena-cerrada-durante-50-anos\/","title":{"rendered":"Arrancan las obras de restauraci\u00f3n de la capilla de Sijena cerrada durante 50 a\u00f1os"},"content":{"rendered":"<p><img loading=\"lazy\" decoding=\"async\" class=\"alignnone size-full wp-image-2691\" src=\"https:\/\/sijenasi.com\/wp-content\/uploads\/2019\/11\/detalle-del-interior-de-la-capilla-que-lleva-50-anos-tapiada.jpg\" alt=\"detalle-del-interior-de-la-capilla-que-lleva-50-anos-tapiada\" width=\"990\" height=\"742\" srcset=\"https:\/\/sijenasi.com\/wp-content\/uploads\/2019\/11\/detalle-del-interior-de-la-capilla-que-lleva-50-anos-tapiada.jpg 990w, https:\/\/sijenasi.com\/wp-content\/uploads\/2019\/11\/detalle-del-interior-de-la-capilla-que-lleva-50-anos-tapiada-300x225.jpg 300w, https:\/\/sijenasi.com\/wp-content\/uploads\/2019\/11\/detalle-del-interior-de-la-capilla-que-lleva-50-anos-tapiada-768x576.jpg 768w\" sizes=\"auto, (max-width: 990px) 100vw, 990px\" \/><\/p>\n<p>A finales de octubre han arrancado las obras de restauraci\u00f3n de la Capilla de la Inmaculada, que llevaba cerrada al p\u00fablico desde hace 50 a\u00f1os y que se encuentra tal como qued\u00f3 tras el incendio que sufri\u00f3 el monasterio de Sijena en la guerra civil.<\/p>\n<p>Para nuestra Plataforma es una gran noticia que por fin, tras cuatro a\u00f1os desde que se aprob\u00f3 este proyecto, comiencen las obras que se estima que est\u00e9n acabadas en unos cinco meses.<\/p>\n<p>Prensa:<\/p>\n<ul>\n<li>Heraldo de Arag\u00f3n: <a href=\"https:\/\/www.heraldo.es\/noticias\/aragon\/huesca\/2019\/10\/07\/el-gobierno-retomara-las-obras-en-el-monasterio-de-sijena-1337259.html\" target=\"_blank\" rel=\"noopener\">El Gobierno retomar\u00e1 las obras en el monasterio de Sijena este mes<\/a><\/li>\n<li>Heraldo de Arag\u00f3n: <a href=\"https:\/\/www.heraldo.es\/noticias\/aragon\/huesca\/2019\/11\/01\/la-capilla-de-sijena-cerrada-durante-50-anos-desvela-alguno-de-sus-secretos-1341570.html\" target=\"_blank\" rel=\"noopener\">La capilla de Sijena cerrada durante 50 a\u00f1os desvela algunos secretos<\/a><\/li>\n<\/ul>\n","protected":false},"excerpt":{"rendered":"<p>A finales de octubre han arrancado las obras de restauraci\u00f3n de la Capilla de la Inmaculada, que llevaba cerrada al p\u00fablico desde hace 50 a\u00f1os y que se encuentra tal como qued\u00f3 tras el incendio que sufri\u00f3 el monasterio de Sijena en la guerra civil. Para nuestra Plataforma es una gran noticia que por fin, [&hellip;]<\/p>\n","protected":false},"author":2,"featured_media":2691,"comment_status":"open","ping_status":"open","sticky":false,"template":"","format":"standard","meta":{"ngg_post_thumbnail":0,"_jetpack_memberships_contains_paid_content":false,"footnotes":""},"categories":[72,41],"tags":[132,304,384],"class_list":["post-2686","post","type-post","status-publish","format-standard","hentry","category-gobierno-de-aragon","category-sijena-2023","tag-capilla-inmaculada","tag-monasterio-de-sijena","tag-restauracion"],"jetpack_featured_media_url":"https:\/\/sijenasi.com\/wp-content\/uploads\/2019\/11\/detalle-del-interior-de-la-capilla-que-lleva-50-anos-tapiada.jpg","jetpack_sharing_enabled":true,"_links":{"self":[{"href":"https:\/\/sijenasi.com\/index.php\/wp-json\/wp\/v2\/posts\/2686","targetHints":{"allow":["GET"]}}],"collection":[{"href":"https:\/\/sijenasi.com\/index.php\/wp-json\/wp\/v2\/posts"}],"about":[{"href":"https:\/\/sijenasi.com\/index.php\/wp-json\/wp\/v2\/types\/post"}],"author":[{"embeddable":true,"href":"https:\/\/sijenasi.com\/index.php\/wp-json\/wp\/v2\/users\/2"}],"replies":[{"embeddable":true,"href":"https:\/\/sijenasi.com\/index.php\/wp-json\/wp\/v2\/comments?post=2686"}],"version-history":[{"count":0,"href":"https:\/\/sijenasi.com\/index.php\/wp-json\/wp\/v2\/posts\/2686\/revisions"}],"wp:featuredmedia":[{"embeddable":true,"href":"https:\/\/sijenasi.com\/index.php\/wp-json\/wp\/v2\/media\/2691"}],"wp:attachment":[{"href":"https:\/\/sijenasi.com\/index.php\/wp-json\/wp\/v2\/media?parent=2686"}],"wp:term":[{"taxonomy":"category","embeddable":true,"href":"https:\/\/sijenasi.com\/index.php\/wp-json\/wp\/v2\/categories?post=2686"},{"taxonomy":"post_tag","embeddable":true,"href":"https:\/\/sijenasi.com\/index.php\/wp-json\/wp\/v2\/tags?post=2686"}],"curies":[{"name":"wp","href":"https:\/\/api.w.org\/{rel}","templated":true}]}}