{"id":2628,"date":"2019-09-26T00:42:33","date_gmt":"2019-09-25T22:42:33","guid":{"rendered":"http:\/\/sijenasi.com\/?p=2628"},"modified":"2019-09-26T00:42:33","modified_gmt":"2019-09-25T22:42:33","slug":"1280-personas-avalan-en-femoga-la-celebracion-de-sijena-2023","status":"publish","type":"post","link":"https:\/\/sijenasi.com\/index.php\/2019\/09\/26\/1280-personas-avalan-en-femoga-la-celebracion-de-sijena-2023\/","title":{"rendered":"1280 personas avalan en FEMOGA la celebraci\u00f3n de Sijena 2023"},"content":{"rendered":"<p><img loading=\"lazy\" decoding=\"async\" class=\"alignnone size-full wp-image-2643\" src=\"https:\/\/sijenasi.com\/wp-content\/uploads\/2019\/09\/dsc_0033.jpg\" alt=\"DSC_0033\" width=\"1024\" height=\"679\" srcset=\"https:\/\/sijenasi.com\/wp-content\/uploads\/2019\/09\/dsc_0033.jpg 1024w, https:\/\/sijenasi.com\/wp-content\/uploads\/2019\/09\/dsc_0033-300x199.jpg 300w, https:\/\/sijenasi.com\/wp-content\/uploads\/2019\/09\/dsc_0033-768x509.jpg 768w\" sizes=\"auto, (max-width: 1024px) 100vw, 1024px\" \/>El pasado fin de semana, 1280 personas han firmado en <a href=\"https:\/\/www.femoga.com\/\" target=\"_blank\" rel=\"noopener\">FEMOGA<\/a> (Feria Industrial y Agr\u00edcola de Los Monegros celebrada en Sari\u00f1ena) a favor de que el a\u00f1o 2023 se el centenario de Sijena como Monumento Nacional.<\/p>\n<p>A lo largo de tres d\u00edas, diversos voluntarios han animado el puesto de nuestra Plataforma donde se han ido recogiendo estas firmas. La feria, muy concurrida como en anteriores ediciones, ha vuelto a producir una riada de apoyos por las reivindicaciones de Sijena S\u00ed, entre las que se encuentran destacadas personalidades, como el nuevo presidente de la Comarca de Los Monegros.<\/p>\n<p>Este ha sido el comienzo de una <strong>nueva campa\u00f1a<\/strong> en las redes sociales a trav\u00e9s de la plataforma Change.org en la que Sijena S\u00ed va a pedir que se celebre con dignidad el centenario del Monasterio, ya que fue declarado Monumento Nacional en 1923. Esto implicar\u00e1 importantes inversiones, acuerdos y proyectos a nivel nacional e internacional, como ha ocurrido con la reciente celebraci\u00f3n del <a href=\"http:\/\/ordesacentenario.es\/\" target=\"_blank\" rel=\"noopener\">centenario de Ordesa<\/a> como Parque Nacional.<\/p>\n<p>Constatamos que, a d\u00eda de hoy, la situaci\u00f3n arquitect\u00f3nica de algunas partes importantes de este monasterio es lamentable. Necesitamos que, cuanto antes, el Gobierno de Arag\u00f3n, el Ministerio de Cultura y otras instituciones se pongan manos a la obra para albergar todos los bienes que faltan por llegar, recuperar el esplendor de Sijena y celebrar con dignidad el a\u00f1o 2023.<\/p>\n<p>En breve se lanzar\u00e1 la nueva campa\u00f1a digital, cuyos resultados se llevar\u00e1n ante las Cortes de Arag\u00f3n para pedir que el <strong>2023 sea declarado \u00abA\u00f1o de Sijena\u00bb<\/strong>.<\/p>\n\n\t\t<style type=\"text\/css\">\n\t\t\t#gallery-1 {\n\t\t\t\tmargin: auto;\n\t\t\t}\n\t\t\t#gallery-1 .gallery-item {\n\t\t\t\tfloat: left;\n\t\t\t\tmargin-top: 10px;\n\t\t\t\ttext-align: center;\n\t\t\t\twidth: 33%;\n\t\t\t}\n\t\t\t#gallery-1 img {\n\t\t\t\tborder: 2px solid #cfcfcf;\n\t\t\t}\n\t\t\t#gallery-1 .gallery-caption {\n\t\t\t\tmargin-left: 0;\n\t\t\t}\n\t\t\t\/* see gallery_shortcode() in wp-includes\/media.php *\/\n\t\t<\/style>\n\t\t<div id='gallery-1' class='gallery galleryid-2628 gallery-columns-3 gallery-size-thumbnail'><dl class='gallery-item'>\n\t\t\t<dt class='gallery-icon landscape'>\n\t\t\t\t<a href='https:\/\/sijenasi.com\/index.php\/2019\/09\/26\/1280-personas-avalan-en-femoga-la-celebracion-de-sijena-2023\/2019_09_22-892-jys\/'><img loading=\"lazy\" decoding=\"async\" width=\"150\" height=\"150\" src=\"https:\/\/sijenasi.com\/wp-content\/uploads\/2019\/09\/2019_09_22-892-jys-150x150.jpg\" class=\"attachment-thumbnail size-thumbnail\" alt=\"\" aria-describedby=\"gallery-1-2636\" \/><\/a>\n\t\t\t<\/dt>\n\t\t\t\t<dd class='wp-caption-text gallery-caption' id='gallery-1-2636'>\n\t\t\t\t Campa\u00f1a por Sijena 2023\n\t\t\t\t<\/dd><\/dl><dl class='gallery-item'>\n\t\t\t<dt class='gallery-icon landscape'>\n\t\t\t\t<a href='https:\/\/sijenasi.com\/index.php\/2019\/09\/26\/1280-personas-avalan-en-femoga-la-celebracion-de-sijena-2023\/2019_09_22-856-jys\/'><img loading=\"lazy\" decoding=\"async\" width=\"150\" height=\"150\" src=\"https:\/\/sijenasi.com\/wp-content\/uploads\/2019\/09\/2019_09_22-856-jys-150x150.jpg\" class=\"attachment-thumbnail size-thumbnail\" alt=\"\" aria-describedby=\"gallery-1-2633\" \/><\/a>\n\t\t\t<\/dt>\n\t\t\t\t<dd class='wp-caption-text gallery-caption' id='gallery-1-2633'>\n\t\t\t\t Campa\u00f1a por Sijena 2023\n\t\t\t\t<\/dd><\/dl><dl class='gallery-item'>\n\t\t\t<dt class='gallery-icon portrait'>\n\t\t\t\t<a href='https:\/\/sijenasi.com\/index.php\/2019\/09\/26\/1280-personas-avalan-en-femoga-la-celebracion-de-sijena-2023\/20190921_165020\/'><img loading=\"lazy\" decoding=\"async\" width=\"150\" height=\"150\" src=\"https:\/\/sijenasi.com\/wp-content\/uploads\/2019\/09\/20190921_165020-e1569443233194-150x150.jpg\" class=\"attachment-thumbnail size-thumbnail\" alt=\"\" aria-describedby=\"gallery-1-2640\" \/><\/a>\n\t\t\t<\/dt>\n\t\t\t\t<dd class='wp-caption-text gallery-caption' id='gallery-1-2640'>\n\t\t\t\t Campa\u00f1a por Sijena 2023\n\t\t\t\t<\/dd><\/dl><br style=\"clear: both\" \/><dl class='gallery-item'>\n\t\t\t<dt class='gallery-icon landscape'>\n\t\t\t\t<a href='https:\/\/sijenasi.com\/index.php\/2019\/09\/26\/1280-personas-avalan-en-femoga-la-celebracion-de-sijena-2023\/2019_09_22-858-jys\/'><img loading=\"lazy\" decoding=\"async\" width=\"150\" height=\"150\" src=\"https:\/\/sijenasi.com\/wp-content\/uploads\/2019\/09\/2019_09_22-858-jys-150x150.jpg\" class=\"attachment-thumbnail size-thumbnail\" alt=\"\" aria-describedby=\"gallery-1-2634\" \/><\/a>\n\t\t\t<\/dt>\n\t\t\t\t<dd class='wp-caption-text gallery-caption' id='gallery-1-2634'>\n\t\t\t\t Campa\u00f1a por Sijena 2023\n\t\t\t\t<\/dd><\/dl><dl class='gallery-item'>\n\t\t\t<dt class='gallery-icon landscape'>\n\t\t\t\t<a href='https:\/\/sijenasi.com\/index.php\/2019\/09\/26\/1280-personas-avalan-en-femoga-la-celebracion-de-sijena-2023\/20190921_164530\/'><img loading=\"lazy\" decoding=\"async\" width=\"150\" height=\"150\" src=\"https:\/\/sijenasi.com\/wp-content\/uploads\/2019\/09\/20190921_164530-150x150.jpg\" class=\"attachment-thumbnail size-thumbnail\" alt=\"\" aria-describedby=\"gallery-1-2639\" \/><\/a>\n\t\t\t<\/dt>\n\t\t\t\t<dd class='wp-caption-text gallery-caption' id='gallery-1-2639'>\n\t\t\t\t Campa\u00f1a por Sijena 2023\n\t\t\t\t<\/dd><\/dl><dl class='gallery-item'>\n\t\t\t<dt class='gallery-icon landscape'>\n\t\t\t\t<a href='https:\/\/sijenasi.com\/index.php\/2019\/09\/26\/1280-personas-avalan-en-femoga-la-celebracion-de-sijena-2023\/2019_09_22-887-jys\/'><img loading=\"lazy\" decoding=\"async\" width=\"150\" height=\"150\" src=\"https:\/\/sijenasi.com\/wp-content\/uploads\/2019\/09\/2019_09_22-887-jys-150x150.jpg\" class=\"attachment-thumbnail size-thumbnail\" alt=\"\" aria-describedby=\"gallery-1-2635\" \/><\/a>\n\t\t\t<\/dt>\n\t\t\t\t<dd class='wp-caption-text gallery-caption' id='gallery-1-2635'>\n\t\t\t\t Campa\u00f1a por Sijena 2023\n\t\t\t\t<\/dd><\/dl><br style=\"clear: both\" \/><dl class='gallery-item'>\n\t\t\t<dt class='gallery-icon landscape'>\n\t\t\t\t<a href='https:\/\/sijenasi.com\/index.php\/2019\/09\/26\/1280-personas-avalan-en-femoga-la-celebracion-de-sijena-2023\/dsc_0073\/'><img loading=\"lazy\" decoding=\"async\" width=\"150\" height=\"150\" src=\"https:\/\/sijenasi.com\/wp-content\/uploads\/2019\/09\/dsc_0073-150x150.jpg\" class=\"attachment-thumbnail size-thumbnail\" alt=\"\" aria-describedby=\"gallery-1-2644\" \/><\/a>\n\t\t\t<\/dt>\n\t\t\t\t<dd class='wp-caption-text gallery-caption' id='gallery-1-2644'>\n\t\t\t\t El presidente de Los Monegros apoya la Campa\u00f1a por Sijena 2023\n\t\t\t\t<\/dd><\/dl><dl class='gallery-item'>\n\t\t\t<dt class='gallery-icon landscape'>\n\t\t\t\t<a href='https:\/\/sijenasi.com\/index.php\/2019\/09\/26\/1280-personas-avalan-en-femoga-la-celebracion-de-sijena-2023\/20190921_191949\/'><img loading=\"lazy\" decoding=\"async\" width=\"150\" height=\"150\" src=\"https:\/\/sijenasi.com\/wp-content\/uploads\/2019\/09\/20190921_191949-150x150.jpg\" class=\"attachment-thumbnail size-thumbnail\" alt=\"\" aria-describedby=\"gallery-1-2642\" \/><\/a>\n\t\t\t<\/dt>\n\t\t\t\t<dd class='wp-caption-text gallery-caption' id='gallery-1-2642'>\n\t\t\t\t Campa\u00f1a por Sijena 2023\n\t\t\t\t<\/dd><\/dl><dl class='gallery-item'>\n\t\t\t<dt class='gallery-icon landscape'>\n\t\t\t\t<a href='https:\/\/sijenasi.com\/index.php\/2019\/09\/26\/1280-personas-avalan-en-femoga-la-celebracion-de-sijena-2023\/2019_09_22-854-jys\/'><img loading=\"lazy\" decoding=\"async\" width=\"150\" height=\"150\" src=\"https:\/\/sijenasi.com\/wp-content\/uploads\/2019\/09\/2019_09_22-854-jys-150x150.jpg\" class=\"attachment-thumbnail size-thumbnail\" alt=\"\" aria-describedby=\"gallery-1-2631\" \/><\/a>\n\t\t\t<\/dt>\n\t\t\t\t<dd class='wp-caption-text gallery-caption' id='gallery-1-2631'>\n\t\t\t\tCampa\u00f1a por Sijena 2023 \n\t\t\t\t<\/dd><\/dl><br style=\"clear: both\" \/><dl class='gallery-item'>\n\t\t\t<dt class='gallery-icon landscape'>\n\t\t\t\t<a href='https:\/\/sijenasi.com\/index.php\/2019\/09\/26\/1280-personas-avalan-en-femoga-la-celebracion-de-sijena-2023\/2019_09_22-853-jys\/'><img loading=\"lazy\" decoding=\"async\" width=\"150\" height=\"150\" src=\"https:\/\/sijenasi.com\/wp-content\/uploads\/2019\/09\/2019_09_22-853-jys-150x150.jpg\" class=\"attachment-thumbnail size-thumbnail\" alt=\"\" aria-describedby=\"gallery-1-2630\" \/><\/a>\n\t\t\t<\/dt>\n\t\t\t\t<dd class='wp-caption-text gallery-caption' id='gallery-1-2630'>\n\t\t\t\tCampa\u00f1a por Sijena 2023 \n\t\t\t\t<\/dd><\/dl><dl class='gallery-item'>\n\t\t\t<dt class='gallery-icon landscape'>\n\t\t\t\t<a href='https:\/\/sijenasi.com\/index.php\/2019\/09\/26\/1280-personas-avalan-en-femoga-la-celebracion-de-sijena-2023\/2019_09_22-855-jys\/'><img loading=\"lazy\" decoding=\"async\" width=\"150\" height=\"150\" src=\"https:\/\/sijenasi.com\/wp-content\/uploads\/2019\/09\/2019_09_22-855-jys-150x150.jpg\" class=\"attachment-thumbnail size-thumbnail\" alt=\"\" aria-describedby=\"gallery-1-2632\" \/><\/a>\n\t\t\t<\/dt>\n\t\t\t\t<dd class='wp-caption-text gallery-caption' id='gallery-1-2632'>\n\t\t\t\tCampa\u00f1a por Sijena 2023 \n\t\t\t\t<\/dd><\/dl><dl class='gallery-item'>\n\t\t\t<dt class='gallery-icon landscape'>\n\t\t\t\t<a href='https:\/\/sijenasi.com\/index.php\/2019\/09\/26\/1280-personas-avalan-en-femoga-la-celebracion-de-sijena-2023\/dsc_0033\/'><img loading=\"lazy\" decoding=\"async\" width=\"150\" height=\"150\" src=\"https:\/\/sijenasi.com\/wp-content\/uploads\/2019\/09\/dsc_0033-150x150.jpg\" class=\"attachment-thumbnail size-thumbnail\" alt=\"\" aria-describedby=\"gallery-1-2643\" \/><\/a>\n\t\t\t<\/dt>\n\t\t\t\t<dd class='wp-caption-text gallery-caption' id='gallery-1-2643'>\n\t\t\t\t Campa\u00f1a por Sijena 2023\n\t\t\t\t<\/dd><\/dl><br style=\"clear: both\" \/><dl class='gallery-item'>\n\t\t\t<dt class='gallery-icon portrait'>\n\t\t\t\t<a href='https:\/\/sijenasi.com\/index.php\/2019\/09\/26\/1280-personas-avalan-en-femoga-la-celebracion-de-sijena-2023\/20190921_165929\/'><img loading=\"lazy\" decoding=\"async\" width=\"150\" height=\"150\" src=\"https:\/\/sijenasi.com\/wp-content\/uploads\/2019\/09\/20190921_165929-e1569443209381-150x150.jpg\" class=\"attachment-thumbnail size-thumbnail\" alt=\"\" aria-describedby=\"gallery-1-2641\" \/><\/a>\n\t\t\t<\/dt>\n\t\t\t\t<dd class='wp-caption-text gallery-caption' id='gallery-1-2641'>\n\t\t\t\t Campa\u00f1a por Sijena 2023\n\t\t\t\t<\/dd><\/dl><dl class='gallery-item'>\n\t\t\t<dt class='gallery-icon landscape'>\n\t\t\t\t<a href='https:\/\/sijenasi.com\/index.php\/2019\/09\/26\/1280-personas-avalan-en-femoga-la-celebracion-de-sijena-2023\/2019_09_22-894-jys\/'><img loading=\"lazy\" decoding=\"async\" width=\"150\" height=\"150\" src=\"https:\/\/sijenasi.com\/wp-content\/uploads\/2019\/09\/2019_09_22-894-jys-150x150.jpg\" class=\"attachment-thumbnail size-thumbnail\" alt=\"\" aria-describedby=\"gallery-1-2638\" \/><\/a>\n\t\t\t<\/dt>\n\t\t\t\t<dd class='wp-caption-text gallery-caption' id='gallery-1-2638'>\n\t\t\t\t Campa\u00f1a por Sijena 2023\n\t\t\t\t<\/dd><\/dl><dl class='gallery-item'>\n\t\t\t<dt class='gallery-icon landscape'>\n\t\t\t\t<a href='https:\/\/sijenasi.com\/index.php\/2019\/09\/26\/1280-personas-avalan-en-femoga-la-celebracion-de-sijena-2023\/dsc_0075\/'><img loading=\"lazy\" decoding=\"async\" width=\"150\" height=\"150\" src=\"https:\/\/sijenasi.com\/wp-content\/uploads\/2019\/09\/dsc_0075-150x150.jpg\" class=\"attachment-thumbnail size-thumbnail\" alt=\"\" aria-describedby=\"gallery-1-2645\" \/><\/a>\n\t\t\t<\/dt>\n\t\t\t\t<dd class='wp-caption-text gallery-caption' id='gallery-1-2645'>\n\t\t\t\t El presidente de la Comarca de Los Monegros firmar en Campa\u00f1a por Sijena 2023\n\t\t\t\t<\/dd><\/dl><br style=\"clear: both\" \/><dl class='gallery-item'>\n\t\t\t<dt class='gallery-icon landscape'>\n\t\t\t\t<a href='https:\/\/sijenasi.com\/index.php\/2019\/09\/26\/1280-personas-avalan-en-femoga-la-celebracion-de-sijena-2023\/2019_09_22-893-jys\/'><img loading=\"lazy\" decoding=\"async\" width=\"150\" height=\"150\" src=\"https:\/\/sijenasi.com\/wp-content\/uploads\/2019\/09\/2019_09_22-893-jys-150x150.jpg\" class=\"attachment-thumbnail size-thumbnail\" alt=\"\" aria-describedby=\"gallery-1-2637\" \/><\/a>\n\t\t\t<\/dt>\n\t\t\t\t<dd class='wp-caption-text gallery-caption' id='gallery-1-2637'>\n\t\t\t\t Campa\u00f1a por Sijena 2023\n\t\t\t\t<\/dd><\/dl><dl class='gallery-item'>\n\t\t\t<dt class='gallery-icon landscape'>\n\t\t\t\t<a href='https:\/\/sijenasi.com\/index.php\/2019\/09\/26\/1280-personas-avalan-en-femoga-la-celebracion-de-sijena-2023\/2019_09_22-851-jys\/'><img loading=\"lazy\" decoding=\"async\" width=\"150\" height=\"150\" src=\"https:\/\/sijenasi.com\/wp-content\/uploads\/2019\/09\/2019_09_22-851-jys-150x150.jpg\" class=\"attachment-thumbnail size-thumbnail\" alt=\"\" aria-describedby=\"gallery-1-2629\" \/><\/a>\n\t\t\t<\/dt>\n\t\t\t\t<dd class='wp-caption-text gallery-caption' id='gallery-1-2629'>\n\t\t\t\tCampa\u00f1a por Sijena 2023 \n\t\t\t\t<\/dd><\/dl>\n\t\t\t<br style='clear: both' \/>\n\t\t<\/div>\n\n","protected":false},"excerpt":{"rendered":"<p>El pasado fin de semana, 1280 personas han firmado en FEMOGA (Feria Industrial y Agr\u00edcola de Los Monegros celebrada en Sari\u00f1ena) a favor de que el a\u00f1o 2023 se el centenario de Sijena como Monumento Nacional. A lo largo de tres d\u00edas, diversos voluntarios han animado el puesto de nuestra Plataforma donde se han ido [&hellip;]<\/p>\n","protected":false},"author":2,"featured_media":2643,"comment_status":"open","ping_status":"open","sticky":false,"template":"","format":"standard","meta":{"ngg_post_thumbnail":0,"_jetpack_memberships_contains_paid_content":false,"footnotes":""},"categories":[2,5,62,14,71,72,24,41,52],"tags":[129,152,202,296,404,416],"class_list":["post-2628","post","type-post","status-publish","format-standard","hentry","category-acciones","category-campanas","category-cortes-de-aragon","category-firmas","category-generalitat-de-cataluna","category-gobierno-de-aragon","category-monasterio-de-sijena","category-sijena-2023","category-voluntariado","tag-campana","tag-change-org","tag-femoga","tag-ministerio-de-cultura","tag-sarinena","tag-sonar-sijena-2023"],"jetpack_featured_media_url":"https:\/\/sijenasi.com\/wp-content\/uploads\/2019\/09\/dsc_0033.jpg","jetpack_sharing_enabled":true,"_links":{"self":[{"href":"https:\/\/sijenasi.com\/index.php\/wp-json\/wp\/v2\/posts\/2628","targetHints":{"allow":["GET"]}}],"collection":[{"href":"https:\/\/sijenasi.com\/index.php\/wp-json\/wp\/v2\/posts"}],"about":[{"href":"https:\/\/sijenasi.com\/index.php\/wp-json\/wp\/v2\/types\/post"}],"author":[{"embeddable":true,"href":"https:\/\/sijenasi.com\/index.php\/wp-json\/wp\/v2\/users\/2"}],"replies":[{"embeddable":true,"href":"https:\/\/sijenasi.com\/index.php\/wp-json\/wp\/v2\/comments?post=2628"}],"version-history":[{"count":0,"href":"https:\/\/sijenasi.com\/index.php\/wp-json\/wp\/v2\/posts\/2628\/revisions"}],"wp:featuredmedia":[{"embeddable":true,"href":"https:\/\/sijenasi.com\/index.php\/wp-json\/wp\/v2\/media\/2643"}],"wp:attachment":[{"href":"https:\/\/sijenasi.com\/index.php\/wp-json\/wp\/v2\/media?parent=2628"}],"wp:term":[{"taxonomy":"category","embeddable":true,"href":"https:\/\/sijenasi.com\/index.php\/wp-json\/wp\/v2\/categories?post=2628"},{"taxonomy":"post_tag","embeddable":true,"href":"https:\/\/sijenasi.com\/index.php\/wp-json\/wp\/v2\/tags?post=2628"}],"curies":[{"name":"wp","href":"https:\/\/api.w.org\/{rel}","templated":true}]}}