{"id":2615,"date":"2019-08-31T17:27:27","date_gmt":"2019-08-31T15:27:27","guid":{"rendered":"http:\/\/sijenasi.com\/?p=2615"},"modified":"2019-08-31T17:27:27","modified_gmt":"2019-08-31T15:27:27","slug":"nuevo-curso-nuevos-actores","status":"publish","type":"post","link":"https:\/\/sijenasi.com\/index.php\/2019\/08\/31\/nuevo-curso-nuevos-actores\/","title":{"rendered":"Nuevo curso, nuevos actores"},"content":{"rendered":"<p><img loading=\"lazy\" decoding=\"async\" class=\"alignnone size-full wp-image-2620\" src=\"https:\/\/sijenasi.com\/wp-content\/uploads\/2019\/09\/sijena-si-encuentro-alcalde-v-d-sijena.jpg\" alt=\"Sijena-si-encuentro-alcalde-V-d-Sijena\" width=\"1024\" height=\"630\" srcset=\"https:\/\/sijenasi.com\/wp-content\/uploads\/2019\/09\/sijena-si-encuentro-alcalde-v-d-sijena.jpg 1024w, https:\/\/sijenasi.com\/wp-content\/uploads\/2019\/09\/sijena-si-encuentro-alcalde-v-d-sijena-300x185.jpg 300w, https:\/\/sijenasi.com\/wp-content\/uploads\/2019\/09\/sijena-si-encuentro-alcalde-v-d-sijena-768x473.jpg 768w\" sizes=\"auto, (max-width: 1024px) 100vw, 1024px\" \/><\/p>\n<p>En las \u00faltimas semanas han ido cambiando, debido a las elecciones locales y auton\u00f3micas, muchas de las personas en cuyas manos est\u00e1 el futuro proyecto para Sijena.<\/p>\n<p>Es por ello que nos hemos reunido la mayor\u00eda de ellos: el nuevo Alcalde de Villanueva de Sijena,<strong> Jos\u00e9 Jaime Castell\u00f3n<\/strong>, el nuevo Promotor General del Instituto de Estudios Sijenenses \u00abMiguel Servet\u00bb, <strong>Juan Naya<\/strong>; el nuevo Presidente de la Comarca de Los Monegros, <strong>Armando Sanju\u00e1n<\/strong>; y el nuevo alcalde de Sari\u00f1ena, <strong>Juan Escalzo<\/strong>, y su equipo de Gobierno.<\/p>\n<p>Por otro lado, el Gobierno de Arag\u00f3n ha nombrado en este mes al nuevo Consejero de Educaci\u00f3n, <strong>Felipe Faci<\/strong>, y a la nueva Directora General de Patrimonio, <strong>Marisancho Menj\u00f3n<\/strong>. La Plataforma, en la misma semana, pidi\u00f3 una reuni\u00f3n urgente con ellos para dar a conocer sus objetivos y prioridades. El Consejero respondi\u00f3 r\u00e1pidamente diciendo que en breve nos reuniremos con ellos, por lo que permanecemos a la espera.<\/p>\n<p>En todos los encuentros ya tenidos les hemos ofrecido la oportunidad de que apoyen nuestra Plataforma en tres niveles: el <strong>apoyo <\/strong>simple a nuestras acciones, facilitando los recursos y permisos necesarios; la <strong>participaci\u00f3n <\/strong>activa en ellas, representando a su electorado; o la <strong>pertenencia <\/strong>como miembros de nuestra Asociaci\u00f3n, que es la Coordinadora de la Plataforma. Poco a poco se ir\u00e1 manifestando su nivel de compromiso personal con este gran proyecto de Sijena 2023.<\/p>\n\n\t\t<style type=\"text\/css\">\n\t\t\t#gallery-1 {\n\t\t\t\tmargin: auto;\n\t\t\t}\n\t\t\t#gallery-1 .gallery-item {\n\t\t\t\tfloat: left;\n\t\t\t\tmargin-top: 10px;\n\t\t\t\ttext-align: center;\n\t\t\t\twidth: 33%;\n\t\t\t}\n\t\t\t#gallery-1 img {\n\t\t\t\tborder: 2px solid #cfcfcf;\n\t\t\t}\n\t\t\t#gallery-1 .gallery-caption {\n\t\t\t\tmargin-left: 0;\n\t\t\t}\n\t\t\t\/* see gallery_shortcode() in wp-includes\/media.php *\/\n\t\t<\/style>\n\t\t<div id='gallery-1' class='gallery galleryid-2615 gallery-columns-3 gallery-size-thumbnail'><dl class='gallery-item'>\n\t\t\t<dt class='gallery-icon landscape'>\n\t\t\t\t<a href='https:\/\/sijenasi.com\/index.php\/2019\/08\/31\/nuevo-curso-nuevos-actores\/sijena-si-encuentro-presid-los-monegros\/'><img loading=\"lazy\" decoding=\"async\" width=\"150\" height=\"150\" src=\"https:\/\/sijenasi.com\/wp-content\/uploads\/2019\/09\/sijena-si-encuentro-presid-los-monegros-150x150.jpg\" class=\"attachment-thumbnail size-thumbnail\" alt=\"\" \/><\/a>\n\t\t\t<\/dt><\/dl><dl class='gallery-item'>\n\t\t\t<dt class='gallery-icon landscape'>\n\t\t\t\t<a href='https:\/\/sijenasi.com\/index.php\/2019\/08\/31\/nuevo-curso-nuevos-actores\/sijena-si-encuentro-alcalde-v-d-sijena\/'><img loading=\"lazy\" decoding=\"async\" width=\"150\" height=\"150\" src=\"https:\/\/sijenasi.com\/wp-content\/uploads\/2019\/09\/sijena-si-encuentro-alcalde-v-d-sijena-150x150.jpg\" class=\"attachment-thumbnail size-thumbnail\" alt=\"\" aria-describedby=\"gallery-1-2620\" \/><\/a>\n\t\t\t<\/dt>\n\t\t\t\t<dd class='wp-caption-text gallery-caption' id='gallery-1-2620'>\n\t\t\t\t????????????????????????????????????\n\t\t\t\t<\/dd><\/dl><dl class='gallery-item'>\n\t\t\t<dt class='gallery-icon landscape'>\n\t\t\t\t<a href='https:\/\/sijenasi.com\/index.php\/2019\/08\/31\/nuevo-curso-nuevos-actores\/sijena-si-encuentro-alcalde-sarinena\/'><img loading=\"lazy\" decoding=\"async\" width=\"150\" height=\"150\" src=\"https:\/\/sijenasi.com\/wp-content\/uploads\/2019\/09\/sijena-si-encuentro-alcalde-sarinena-150x150.jpg\" class=\"attachment-thumbnail size-thumbnail\" alt=\"\" \/><\/a>\n\t\t\t<\/dt><\/dl><br style=\"clear: both\" \/>\n\t\t<\/div>\n\n","protected":false},"excerpt":{"rendered":"<p>En las \u00faltimas semanas han ido cambiando, debido a las elecciones locales y auton\u00f3micas, muchas de las personas en cuyas manos est\u00e1 el futuro proyecto para Sijena. Es por ello que nos hemos reunido la mayor\u00eda de ellos: el nuevo Alcalde de Villanueva de Sijena, Jos\u00e9 Jaime Castell\u00f3n, el nuevo Promotor General del Instituto de [&hellip;]<\/p>\n","protected":false},"author":2,"featured_media":2620,"comment_status":"open","ping_status":"open","sticky":false,"template":"","format":"standard","meta":{"ngg_post_thumbnail":0,"_jetpack_memberships_contains_paid_content":false,"footnotes":""},"categories":[27,51],"tags":[111,116,154,201,221,238,257,265,268,293,357,404,413,439],"class_list":["post-2615","post","type-post","status-publish","format-standard","hentry","category-plataforma-sijena-si","category-visita","tag-armando-sanjuan","tag-ayuntamiento","tag-comarca-de-los-monegros","tag-felipe-faci","tag-gobierno-de-aragon","tag-instituto-de-estudios-sijenenses","tag-jose-jaime-castellon","tag-juan-escalzo","tag-juan-naya","tag-marisancho-menjon","tag-plataforma","tag-sarinena","tag-sijena-si","tag-villanueva-de-sijena"],"jetpack_featured_media_url":"https:\/\/sijenasi.com\/wp-content\/uploads\/2019\/09\/sijena-si-encuentro-alcalde-v-d-sijena.jpg","jetpack_sharing_enabled":true,"_links":{"self":[{"href":"https:\/\/sijenasi.com\/index.php\/wp-json\/wp\/v2\/posts\/2615","targetHints":{"allow":["GET"]}}],"collection":[{"href":"https:\/\/sijenasi.com\/index.php\/wp-json\/wp\/v2\/posts"}],"about":[{"href":"https:\/\/sijenasi.com\/index.php\/wp-json\/wp\/v2\/types\/post"}],"author":[{"embeddable":true,"href":"https:\/\/sijenasi.com\/index.php\/wp-json\/wp\/v2\/users\/2"}],"replies":[{"embeddable":true,"href":"https:\/\/sijenasi.com\/index.php\/wp-json\/wp\/v2\/comments?post=2615"}],"version-history":[{"count":0,"href":"https:\/\/sijenasi.com\/index.php\/wp-json\/wp\/v2\/posts\/2615\/revisions"}],"wp:featuredmedia":[{"embeddable":true,"href":"https:\/\/sijenasi.com\/index.php\/wp-json\/wp\/v2\/media\/2620"}],"wp:attachment":[{"href":"https:\/\/sijenasi.com\/index.php\/wp-json\/wp\/v2\/media?parent=2615"}],"wp:term":[{"taxonomy":"category","embeddable":true,"href":"https:\/\/sijenasi.com\/index.php\/wp-json\/wp\/v2\/categories?post=2615"},{"taxonomy":"post_tag","embeddable":true,"href":"https:\/\/sijenasi.com\/index.php\/wp-json\/wp\/v2\/tags?post=2615"}],"curies":[{"name":"wp","href":"https:\/\/api.w.org\/{rel}","templated":true}]}}