{"id":2591,"date":"2019-07-15T10:50:40","date_gmt":"2019-07-15T08:50:40","guid":{"rendered":"http:\/\/sijenasi.com\/?p=2591"},"modified":"2019-07-15T10:50:40","modified_gmt":"2019-07-15T08:50:40","slug":"el-retablo-de-capella-otra-obra-expoliada-en-el-museo-de-lerida","status":"publish","type":"post","link":"https:\/\/sijenasi.com\/index.php\/2019\/07\/15\/el-retablo-de-capella-otra-obra-expoliada-en-el-museo-de-lerida\/","title":{"rendered":"El retablo de Capella, otra obra expoliada en el Museo de L\u00e9rida"},"content":{"rendered":"<p><img loading=\"lazy\" decoding=\"async\" class=\"alignnone size-full wp-image-2603\" src=\"https:\/\/sijenasi.com\/wp-content\/uploads\/2019\/08\/tatxo-benet-y-el-retablo-de-capella.jpg\" alt=\"Tatxo Benet y el retablo de Capella\" width=\"651\" height=\"366\" srcset=\"https:\/\/sijenasi.com\/wp-content\/uploads\/2019\/08\/tatxo-benet-y-el-retablo-de-capella.jpg 651w, https:\/\/sijenasi.com\/wp-content\/uploads\/2019\/08\/tatxo-benet-y-el-retablo-de-capella-300x169.jpg 300w\" sizes=\"auto, (max-width: 651px) 100vw, 651px\" \/><\/p>\n<p>El Museo de L\u00e9rida exhibe desde hace unos d\u00edas el <em>Retablo de San Bartolom\u00e9, San Miguel Arc\u00e1ngel y Santa Luc\u00eda, <\/em>procedente de la iglesia de San Mart\u00edn de Capella (Huesca) que el empresario leridano Tatxo Benet adquiri\u00f3 en una subasta y que ha cedido, en dep\u00f3sito, a la sala expositiva.\u00a0La obra, que fue expoliada a principios del siglo XX de la iglesia de Capella, pues nadie tiene una factura de compra original, ha llevado una azarosa vida hasta terminar en el museo de L\u00e9rida. Desgraciadamente, el Gobierno de Arag\u00f3n no ha sabido responder a este nuevo reto y deberemos encontrar ahora la forma de convencer a su actual propietario de que, <strong>para hacer justicia de verdad, la pieza deber\u00eda volver a su lugar de origen.<\/strong><\/p>\n<p>Tatxo Benet, socio fundador de <a href=\"https:\/\/www.mediapro.tv\/es\/\" target=\"_blank\" rel=\"noopener\">Mediapro<\/a> junto a Jaume Roures, ya manifest\u00f3 hace tiempo que intentar\u00eda compensar al Museo tras el <a href=\"http:\/\/sijenasi.com\/2017\/12\/12\/regresa-de-lerida-el-patrimonio-de-sijena\/\" target=\"_blank\" rel=\"noopener\">retorno de los obras aragonesas<\/a> Su primer paso fue exhibir la pol\u00e9mica obra\u00a0<a href=\"https:\/\/www.heraldo.es\/noticias\/aragon\/huesca\/2019\/07\/09\/lerida-exhibe-ante-quim-torra-un-retablo-gotico-de-una-iglesia-de-capella-1324519.html#\"><em>Presos pol\u00edticos en la Espa\u00f1a contempor\u00e1nea<\/em><\/a> que fue retirada de Arco, y que se pudo ver meses despu\u00e9s en la sala de exposiciones temporales. En ella aparecen\u00a0pixeladas, entre otras, im\u00e1genes del l\u00edder de ERC, Oriol Junqueras, de los j\u00f3venes detenidos por agresi\u00f3n a dos guardias civiles en Alsasua (Navarra), y de los terroristas anarquistas que fueron condenados por hacer explotar una bomba en la Bas\u00edlica del Pilar. Es por esto \u00faltimo que varios <a href=\"https:\/\/www.lavanguardia.com\/local\/lleida\/20180918\/451885892902\/alcaldes-huesca-lleida-obispo-presos-politicos.html\" target=\"_blank\" rel=\"noopener\">alcaldes aragoneses pidieron al Obispo de L\u00e9rida<\/a> que saliera del Consorcio del Museo porque escapaba a toda l\u00f3gica que personas que atentaron en el Pilar fueran exhibidas como presos pol\u00edticos en un museo diocesano.<\/p>\n<p id=\"p126938-m415-2-416\" class=\"paragraph divisor_3\">El retablo destaca por haberse conservado en un buen estado a lo largo de los siglos y pese a alguna restauraci\u00f3n conserva pr\u00e1cticamente todas las piezas originales, incluyendo elementos de carpinter\u00eda. La obra se adjudica a Pere Espallargues y se trata de un retablo de 251&#215;178 cent\u00edmetro, documentada entre 1490-1495, realizada al temple, pan de oro y estuco sobre tabla. Aparece catalogado en <em>A history of spanish painting<\/em> en 1947 y en la tesis doctoral de Alberto Velasco de la Universidad de L\u00e9rida en 2015.<\/p>\n<p id=\"p126938-m425-4-426\" class=\"paragraph\">En la presentaci\u00f3n de la obra, Tatxo Benet explic\u00f3 que, tras consultar con uno de los conservadores del Museo de L\u00e9rida, Alberto Velasco, que hizo su tesis doctoral sobre este retablo, decidi\u00f3 adquirir el retablo de Capella, para que, pudiese exhibirse, expresamente, en el Museo de L\u00e9rida. Posteriormente, inform\u00f3 de la compra al Gobierno de Espa\u00f1a y de Arag\u00f3n, por si quer\u00edan ejercer el derecho de retracto, pero el Gobierno de Arag\u00f3n manifest\u00f3 no tener recursos para adquirirlo y no supo encontrar soluciones econ\u00f3micas o judiciales ante este reto.<\/p>\n<p id=\"p126938-m430-5-431\" class=\"paragraph\">Al parecer el retablo habr\u00eda salido de Capella sin que se conozca c\u00f3mo se adquiri\u00f3 a principios del siglo XX con destino Estados Unidos donde form\u00f3 parte de una colecci\u00f3n de la galer\u00eda Marie Sterner. En 1953, tras la muerte de Sterner, la colecci\u00f3n se dispers\u00f3 y el retablo, sin saberse ni cu\u00e1ndo ni a trav\u00e9s de qui\u00e9n, regres\u00f3 a Espa\u00f1a donde fue subastado el 22 de diciembre de 2017 y adquirido por un anticuario que, posteriormente, se la vendi\u00f3 a su actual propietario.<\/p>\n<p class=\"paragraph\">Una rocambolesca historia llena de zonas oscuras que intentaremos ir aclarando&#8230;<\/p>\n<p>Ecos en los medios de comunicaci\u00f3n y en las redes:<\/p>\n<ul>\n<li>Diario del Altoarag\u00f3n: <a href=\"http:\/\/www.diariodelaltoaragon.es\/NoticiasDetalle.aspx?Id=1171963\" target=\"_blank\" rel=\"noopener\">El Museo de L\u00e9rida expone desde este martes un retablo g\u00f3tico aragon\u00e9s<\/a><\/li>\n<li>Heraldo de Arag\u00f3n: <a href=\"https:\/\/www.heraldo.es\/noticias\/aragon\/huesca\/2019\/07\/09\/lerida-exhibe-ante-quim-torra-un-retablo-gotico-de-una-iglesia-de-capella-1324519.html\" target=\"_blank\" rel=\"noopener\">El Museo de L\u00e9rida exhibe ante Quim Torra un retablo g\u00f3tico de una iglesia de Capella<\/a><\/li>\n<li>El Peri\u00f3dico de Arag\u00f3n: <a href=\"https:\/\/www.elperiodicodearagon.com\/noticias\/escenarios\/torra-dice-llegada-retablo-oscense-museo-lerida-cierra-ciclo_1373530.html\" target=\"_blank\" rel=\"noopener\">Torra dice que llegada de un retablo oscense al Museo de L\u00e9rida \u00abcierra un ciclo\u00bb<\/a><\/li>\n<li>Hoy Arag\u00f3n: <a href=\"https:\/\/www.hoyaragon.es\/2019\/07\/11\/retablo-gotico-aragon-torra\/\" target=\"_blank\" rel=\"noopener\">Arag\u00f3n descart\u00f3 por falta de dinero comprar el retablo g\u00f3tico que Torra inaugur\u00f3 en L\u00e9rida<\/a><\/li>\n<li>Blog El Retabillo: <a href=\"http:\/\/carlosurzainqui.blogspot.com\/2019\/07\/a-vueltas-con-el-retablo-de-capella.html\" target=\"_blank\" rel=\"noopener\">A vueltas con el retablo de Capella<\/a><\/li>\n<\/ul>\n","protected":false},"excerpt":{"rendered":"<p>El Museo de L\u00e9rida exhibe desde hace unos d\u00edas el Retablo de San Bartolom\u00e9, San Miguel Arc\u00e1ngel y Santa Luc\u00eda, procedente de la iglesia de San Mart\u00edn de Capella (Huesca) que el empresario leridano Tatxo Benet adquiri\u00f3 en una subasta y que ha cedido, en dep\u00f3sito, a la sala expositiva.\u00a0La obra, que fue expoliada a [&hellip;]<\/p>\n","protected":false},"author":2,"featured_media":2603,"comment_status":"open","ping_status":"open","sticky":false,"template":"","format":"standard","meta":{"ngg_post_thumbnail":0,"_jetpack_memberships_contains_paid_content":false,"footnotes":""},"categories":[68,15,83,36],"tags":[221,315,387,422],"class_list":["post-2591","post","type-post","status-publish","format-standard","hentry","category-expolio","category-historia","category-museo-de-lerida","category-retablo-de-capella","tag-gobierno-de-aragon","tag-museo-diocesano-de-lerida","tag-retablo-de-san-bartolome","tag-tatxo-benet"],"jetpack_featured_media_url":"https:\/\/sijenasi.com\/wp-content\/uploads\/2019\/08\/tatxo-benet-y-el-retablo-de-capella.jpg","jetpack_sharing_enabled":true,"_links":{"self":[{"href":"https:\/\/sijenasi.com\/index.php\/wp-json\/wp\/v2\/posts\/2591","targetHints":{"allow":["GET"]}}],"collection":[{"href":"https:\/\/sijenasi.com\/index.php\/wp-json\/wp\/v2\/posts"}],"about":[{"href":"https:\/\/sijenasi.com\/index.php\/wp-json\/wp\/v2\/types\/post"}],"author":[{"embeddable":true,"href":"https:\/\/sijenasi.com\/index.php\/wp-json\/wp\/v2\/users\/2"}],"replies":[{"embeddable":true,"href":"https:\/\/sijenasi.com\/index.php\/wp-json\/wp\/v2\/comments?post=2591"}],"version-history":[{"count":0,"href":"https:\/\/sijenasi.com\/index.php\/wp-json\/wp\/v2\/posts\/2591\/revisions"}],"wp:featuredmedia":[{"embeddable":true,"href":"https:\/\/sijenasi.com\/index.php\/wp-json\/wp\/v2\/media\/2603"}],"wp:attachment":[{"href":"https:\/\/sijenasi.com\/index.php\/wp-json\/wp\/v2\/media?parent=2591"}],"wp:term":[{"taxonomy":"category","embeddable":true,"href":"https:\/\/sijenasi.com\/index.php\/wp-json\/wp\/v2\/categories?post=2591"},{"taxonomy":"post_tag","embeddable":true,"href":"https:\/\/sijenasi.com\/index.php\/wp-json\/wp\/v2\/tags?post=2591"}],"curies":[{"name":"wp","href":"https:\/\/api.w.org\/{rel}","templated":true}]}}