{"id":2560,"date":"2019-06-02T21:16:25","date_gmt":"2019-06-02T19:16:25","guid":{"rendered":"http:\/\/sijenasi.com\/?p=2560"},"modified":"2019-06-02T21:16:25","modified_gmt":"2019-06-02T19:16:25","slug":"observaciones-al-anteproyecto-de-restauracion-de-sijena","status":"publish","type":"post","link":"https:\/\/sijenasi.com\/index.php\/2019\/06\/02\/observaciones-al-anteproyecto-de-restauracion-de-sijena\/","title":{"rendered":"Observaciones al anteproyecto de restauraci\u00f3n de Sijena"},"content":{"rendered":"<figure id=\"attachment_2497\" aria-labelledby=\"figcaption_attachment_2497\" class=\"wp-caption alignnone\" style=\"width: 1556px\"><img loading=\"lazy\" decoding=\"async\" class=\"alignnone size-full wp-image-2497\" src=\"https:\/\/sijenasi.com\/wp-content\/uploads\/2019\/04\/jornada-soc3b1ar-sijena-2023-7.jpg\" alt=\"Jornada so\u00f1ar Sijena 2023 (7)\" width=\"1556\" height=\"1037\" srcset=\"https:\/\/sijenasi.com\/wp-content\/uploads\/2019\/04\/jornada-soc3b1ar-sijena-2023-7.jpg 1556w, https:\/\/sijenasi.com\/wp-content\/uploads\/2019\/04\/jornada-soc3b1ar-sijena-2023-7-300x200.jpg 300w, https:\/\/sijenasi.com\/wp-content\/uploads\/2019\/04\/jornada-soc3b1ar-sijena-2023-7-1024x682.jpg 1024w, https:\/\/sijenasi.com\/wp-content\/uploads\/2019\/04\/jornada-soc3b1ar-sijena-2023-7-768x512.jpg 768w, https:\/\/sijenasi.com\/wp-content\/uploads\/2019\/04\/jornada-soc3b1ar-sijena-2023-7-1536x1024.jpg 1536w\" sizes=\"auto, (max-width: 1556px) 100vw, 1556px\" \/><figcaption id=\"figcaption_attachment_2497\" class=\"wp-caption-text\">Luis Franco muestra el anteproyecto<\/figcaption><\/figure>\n<p>El <strong>Instituto de Estudios Sijenenses \u00abMiguel Servet\u00bb<\/strong>, que colabor\u00f3 con nuestra plataforma en la <a href=\"http:\/\/sijenasi.com\/2019\/03\/29\/cronica-de-la-jornada-sonar-sijena-2023\/\">Jornada \u00abSo\u00f1ar Sijena 2023\u00bb<\/a>, ha presentado sus alegaciones al Anteproyecto de restauraci\u00f3n del Monasterio de Sijena del Gobierno de Arag\u00f3n que present\u00f3 el arquitecto Luis Franco en aquella jornada. As\u00ed lo ha dado a conocer en el lanzamiento de su nueva p\u00e1gina web <a href=\"http:\/\/www.miguelservet.org\/\" target=\"_blank\" rel=\"noopener\">www.miguelservet.org.<\/a><\/p>\n<p>Hemos subido a nuestro servidor estas\u00a0<a title=\"Observaciones del Instituto Miguel Servet al Anteproyecto de Sijena\" href=\"https:\/\/sijenasi.com\/wp-content\/uploads\/2019\/06\/observaciones-del-instituto-miguel-servet-al-anteproyecto-de-sijena.pdf\" target=\"_blank\" rel=\"noopener\">Observaciones del Instituto Miguel Servet al Anteproyecto de Sijena<\/a> para que puedan consultarse con facilidad.<\/p>\n<p>Por otro lado, nuestra Plataforma insta a que todas las instituciones plateen mejoras a este Anteproyecto, ideas que, junto con las nuestras, podremos llevar a las nuevas Cortes de Arag\u00f3n lo antes posible para que este proyecto surja del esfuerzo com\u00fan de todos y todas. Tenemos una gran misi\u00f3n por delante en los pr\u00f3ximos cuatro a\u00f1os. Pensemos en las generaciones venideras. So\u00f1emos lo mejor.<\/p>\n","protected":false},"excerpt":{"rendered":"<p>El Instituto de Estudios Sijenenses \u00abMiguel Servet\u00bb, que colabor\u00f3 con nuestra plataforma en la Jornada \u00abSo\u00f1ar Sijena 2023\u00bb, ha presentado sus alegaciones al Anteproyecto de restauraci\u00f3n del Monasterio de Sijena del Gobierno de Arag\u00f3n que present\u00f3 el arquitecto Luis Franco en aquella jornada. As\u00ed lo ha dado a conocer en el lanzamiento de su nueva [&hellip;]<\/p>\n","protected":false},"author":2,"featured_media":2497,"comment_status":"open","ping_status":"open","sticky":false,"template":"","format":"standard","meta":{"ngg_post_thumbnail":0,"_jetpack_memberships_contains_paid_content":false,"footnotes":""},"categories":[62,72,85,41],"tags":[103,238,285,304,329],"class_list":["post-2560","post","type-post","status-publish","format-standard","hentry","category-cortes-de-aragon","category-gobierno-de-aragon","category-plan-director","category-sijena-2023","tag-anteproyecto","tag-instituto-de-estudios-sijenenses","tag-luis-franco","tag-monasterio-de-sijena","tag-observaciones"],"jetpack_featured_media_url":"https:\/\/sijenasi.com\/wp-content\/uploads\/2019\/04\/jornada-soc3b1ar-sijena-2023-7.jpg","jetpack_sharing_enabled":true,"_links":{"self":[{"href":"https:\/\/sijenasi.com\/index.php\/wp-json\/wp\/v2\/posts\/2560","targetHints":{"allow":["GET"]}}],"collection":[{"href":"https:\/\/sijenasi.com\/index.php\/wp-json\/wp\/v2\/posts"}],"about":[{"href":"https:\/\/sijenasi.com\/index.php\/wp-json\/wp\/v2\/types\/post"}],"author":[{"embeddable":true,"href":"https:\/\/sijenasi.com\/index.php\/wp-json\/wp\/v2\/users\/2"}],"replies":[{"embeddable":true,"href":"https:\/\/sijenasi.com\/index.php\/wp-json\/wp\/v2\/comments?post=2560"}],"version-history":[{"count":0,"href":"https:\/\/sijenasi.com\/index.php\/wp-json\/wp\/v2\/posts\/2560\/revisions"}],"wp:featuredmedia":[{"embeddable":true,"href":"https:\/\/sijenasi.com\/index.php\/wp-json\/wp\/v2\/media\/2497"}],"wp:attachment":[{"href":"https:\/\/sijenasi.com\/index.php\/wp-json\/wp\/v2\/media?parent=2560"}],"wp:term":[{"taxonomy":"category","embeddable":true,"href":"https:\/\/sijenasi.com\/index.php\/wp-json\/wp\/v2\/categories?post=2560"},{"taxonomy":"post_tag","embeddable":true,"href":"https:\/\/sijenasi.com\/index.php\/wp-json\/wp\/v2\/tags?post=2560"}],"curies":[{"name":"wp","href":"https:\/\/api.w.org\/{rel}","templated":true}]}}