{"id":2478,"date":"2019-02-19T00:41:05","date_gmt":"2019-02-18T22:41:05","guid":{"rendered":"http:\/\/sijenasi.com\/?p=2478"},"modified":"2019-02-19T00:41:05","modified_gmt":"2019-02-18T22:41:05","slug":"programa-de-la-jornada-sonar-sijena","status":"publish","type":"post","link":"https:\/\/sijenasi.com\/index.php\/2019\/02\/19\/programa-de-la-jornada-sonar-sijena\/","title":{"rendered":"Programa de la Jornada So\u00f1ar Sijena 2023"},"content":{"rendered":"<p><img loading=\"lazy\" decoding=\"async\" class=\"alignnone size-full wp-image-2480\" src=\"https:\/\/sijenasi.com\/wp-content\/uploads\/2019\/02\/sonar-sijena-2023.jpg\" alt=\"sonar-sijena-2023\" width=\"1502\" height=\"591\" srcset=\"https:\/\/sijenasi.com\/wp-content\/uploads\/2019\/02\/sonar-sijena-2023.jpg 1502w, https:\/\/sijenasi.com\/wp-content\/uploads\/2019\/02\/sonar-sijena-2023-300x118.jpg 300w, https:\/\/sijenasi.com\/wp-content\/uploads\/2019\/02\/sonar-sijena-2023-1024x403.jpg 1024w, https:\/\/sijenasi.com\/wp-content\/uploads\/2019\/02\/sonar-sijena-2023-768x302.jpg 768w\" sizes=\"auto, (max-width: 1502px) 100vw, 1502px\" \/><\/p>\n<p><a href=\"http:\/\/sijenasi.com\/2019\/01\/28\/la-plataforma-sijena-si-realizara-la-jornada-sonar-sijena-2023\/\">M\u00e1s datos en la entrada anterior<\/a><\/p>\n<p>9:30&nbsp;&nbsp;&nbsp;&nbsp;&nbsp;&nbsp; <strong>Recepci\u00f3n<\/strong>, acogida, documentaci\u00f3n.<\/p>\n<p>10:00&nbsp;&nbsp;&nbsp;&nbsp; <span style=\"color:#800000;\"><strong>Bienvenida <\/strong>y presentaci\u00f3n de la Jornada<\/span><\/p>\n<ul>\n<li><strong>Alfonso Salillas Lacasa<\/strong>. Alcalde de Villanueva de Sijena.<\/li>\n<li><strong>Juan Yzuel Sanz<\/strong>. Coordinador de la Plataforma Sijena S\u00ed.<\/li>\n<li><strong>Sergio Baches Opi<\/strong>. Promotor General del Instituto de Estudios Sijenenses \u201cMiguel Servet\u201d.<\/li>\n<li><strong>Judith Budios Albacete<\/strong>. Presidenta de la Comarca de Los Monegros.<\/li>\n<li><strong>Ignacio Escu\u00edn Borao<\/strong>. Director General de Cultura y Patrimonio del Gobierno de Arag\u00f3n.<\/li>\n<\/ul>\n<p>10:25&nbsp;&nbsp;&nbsp;&nbsp; <strong>Exposici\u00f3n del Anteproyecto de Actuaciones en el Real Monasterio de Sijena y propuesta de usos<\/strong> del Gobierno de Arag\u00f3n.<\/p>\n<ul>\n<li><strong>Luis Franco Lahoz<\/strong>. Arquitecto.<\/li>\n<\/ul>\n<p>11:30&nbsp;&nbsp;&nbsp;&nbsp; Pausa-Caf\u00e9<\/p>\n<p>12:00&nbsp;&nbsp;&nbsp;&nbsp; <span style=\"color:#800000;\">1\u00aa Mesa redonda: <strong>Investigaci\u00f3n hist\u00f3rica y art\u00edstica<\/strong>.<\/span><\/p>\n<ul>\n<li><strong>Domingo Buesa Conde<\/strong>. Director Cient\u00edfico del Museo Alma Mater de Zaragoza, Presidente de la Real Academia de Nobles y Bellas Artes de San Luis y miembro de la Real Academia de la Historia.<\/li>\n<li><strong>Carmen Lacarra Ducay<\/strong>. Catedr\u00e1tica de H\u00aa del Arte Antiguo y Medieval en la Universidad de Zaragoza. Miembro del I.C.O.M. (<em>International Council of Museums<\/em>). Acad\u00e9mica numeraria de la Real Academia de Nobles y Bellas Artes de San Luis. Consejera de la \u201cInstituci\u00f3n Fernando el Cat\u00f3lico\u201d y Directora de la \u201cC\u00e1tedra Goya\u201d de la Dip. de Zaragoza.<\/li>\n<li><strong>Juan Jos\u00e9 Nieto<\/strong>. Investigador con amplia experiencia en el patrimonio del Altoarag\u00f3n. Doctor en Historia.<\/li>\n<li><strong>Ana Armillas Molinos.<\/strong> Directora del Museo de Huesca.<\/li>\n<li><strong>Mar\u00eda Elisa S\u00e1nchez Sanz<\/strong>. Profesora de Antropolog\u00eda Social del Dpto. de Psicolog\u00eda y Sociolog\u00eda de la Universidad de Zaragoza. Codirectora de la Revista <em>Temas de Antropolog\u00eda Aragonesa.<\/em><\/li>\n<li><strong>Jorge Espa\u00f1ol Fumanal<\/strong>. Abogado de los Ayuntamientos de Villanueva de Sijena, Peralta de Alcofea y Berbegal en sus litigios patrimoniales.<\/li>\n<\/ul>\n<p>13:30&nbsp;&nbsp;&nbsp;&nbsp; Fin de la ma\u00f1ana. Comida en el Restaurante \u201cSaso Verde\u201d de Sari\u00f1ena. (<em>Opcional<\/em>)<\/p>\n<p>16:00 &nbsp;&nbsp;&nbsp; <span style=\"color:#800000;\">2\u00aa Mesa redonda: <strong>Conservaci\u00f3n y restauraci\u00f3n<\/strong>.<\/span><\/p>\n<ul>\n<li><strong>Alfonso Monforte Espallargas<\/strong>. Experto en restauraci\u00f3n con actuaciones en cuevas neol\u00edticas, el Monasterio de Sijena, la Iglesia de la Manter\u00eda (Zaragoza), el Castillo de Monz\u00f3n, el Palacio de la Aljafer\u00eda o el Monasterio Nuevo de San Juan de la Pe\u00f1a.<\/li>\n<li><strong>Mar\u00eda G\u00f3mez Rodrigo<\/strong>. Profesora Titular del Dpto. de Historia del Arte de la Universidad de Valencia. T\u00e9cnico en Conservaci\u00f3n y Restauraci\u00f3n del Patrimonio de la Catedral de Valencia. Especialista en restauraci\u00f3n de pintura quemada.<\/li>\n<li><strong>Cristina Mar\u00edn Chaves. <\/strong>Ge\u00f3loga-petr\u00f3loga especialista en conservaci\u00f3n y restauraci\u00f3n de monumentos. T\u00e9cnica especialista en Rocas y Minerales Industriales. Especialista en Did\u00e1ctica del Patrimonio. Socia fundadora de METOPA (Metodolog\u00edas para el Patrimonio) SLU.<\/li>\n<li><strong>Fernando L\u00f3pez Barrena<\/strong>. Arquitecto. Jefe de Servicio de Conservaci\u00f3n y Restauraci\u00f3n del Patrimonio Cultural en el Gobierno de Arag\u00f3n.<\/li>\n<\/ul>\n<p>17:15&nbsp;&nbsp;&nbsp;&nbsp; Pausa-Caf\u00e9<\/p>\n<p>17:30&nbsp;&nbsp;&nbsp;&nbsp; <span style=\"color:#800000;\">3\u00aa Mesa redonda: <strong>Museolog\u00eda, difusi\u00f3n y gesti\u00f3n<\/strong>.<\/span><\/p>\n<ul>\n<li><strong>Juan Carlos Lozano L\u00f3pez<\/strong>. Profesor Titular del Dpto. de Historia del Arte de la Univ. de Zaragoza. Acad\u00e9mico numerario de la Real Academia de Nobles y Bellas Artes de San Luis.<\/li>\n<li><strong>Jos\u00e9 Mar\u00eda Nasarre<\/strong>. Director del Museo Diocesano de Huesca.Delegado de Patrimonio Cultural de la Di\u00f3cesis de Huesca.<\/li>\n<li><strong>Laura As\u00edn Mart\u00ednez<\/strong>. Jefa del Servicio de Difusi\u00f3n del Patrimonio Cultural, Archivos, Museos y Bibliotecas en el Gobierno de Arag\u00f3n. Directora del Museo de Huesca de 2015 a 2017.<\/li>\n<li><strong>Jorge Marqueta Escuer<\/strong>. Director Gerente de la Sociedad de Promoci\u00f3n y Gesti\u00f3n del Turismo Aragon\u00e9s.<\/li>\n<li><strong>Alfonso Salillas Lacasa<\/strong>. Alcalde de Villanueva de Sijena.<\/li>\n<li><strong>Sergio Baches Opi<\/strong>. Promotor General del Inst. de Estudios Sijenenses \u201cMiguel Servet\u201d. Doctor en Derecho.<\/li>\n<\/ul>\n<p>18:45&nbsp;&nbsp;&nbsp;&nbsp; <span style=\"color:#800000;\"><strong>Clausura&nbsp;<\/strong> <\/span>de la Jornada.<\/p>\n<ul>\n<li><strong>Jos\u00e9 Mar\u00eda Plaza S\u00e1ez<\/strong>. Secretario de la Plataforma Sijena S\u00ed.<\/li>\n<li><strong>Juan Yzuel Sanz<\/strong>. Coordinador de la Plataforma Sijena S\u00ed.<\/li>\n<\/ul>\n<p>19:15&nbsp;&nbsp;&nbsp;&nbsp; Final de la Jornada.<\/p>\n","protected":false},"excerpt":{"rendered":"<p>M\u00e1s datos en la entrada anterior 9:30&nbsp;&nbsp;&nbsp;&nbsp;&nbsp;&nbsp; Recepci\u00f3n, acogida, documentaci\u00f3n. 10:00&nbsp;&nbsp;&nbsp;&nbsp; Bienvenida y presentaci\u00f3n de la Jornada Alfonso Salillas Lacasa. Alcalde de Villanueva de Sijena. Juan Yzuel Sanz. Coordinador de la Plataforma Sijena S\u00ed. Sergio Baches Opi. Promotor General del Instituto de Estudios Sijenenses \u201cMiguel Servet\u201d. Judith Budios Albacete. Presidenta de la Comarca de Los [&hellip;]<\/p>\n","protected":false},"author":2,"featured_media":2480,"comment_status":"open","ping_status":"open","sticky":false,"template":"","format":"standard","meta":{"ngg_post_thumbnail":0,"_jetpack_memberships_contains_paid_content":false,"footnotes":""},"categories":[2,72,17,24,85,27,41],"tags":[98,99,100,141,144,164,182,204,232,234,252,253,259,260,264,267,269,270,280,285,289,290,357,408,413,416,439],"class_list":["post-2478","post","type-post","status-publish","format-standard","hentry","category-acciones","category-gobierno-de-aragon","category-jornada","category-monasterio-de-sijena","category-plan-director","category-plataforma-sijena-si","category-sijena-2023","tag-alfonso-monforte","tag-alfonso-salillas","tag-ana-armillas-molinos","tag-carmen-lacarra","tag-casa-natal-de-miguel-servet","tag-cristina-marin-chaves","tag-domingo-buesa","tag-fernando-lopez-barrena","tag-ignacio-escuin","tag-ildefonso-sallllas","tag-jorge-espanol-fumanal","tag-jorge-marqueta-escuer","tag-jose-maria-nasarre","tag-jose-maria-plaza-saez","tag-juan-carlos-lozano","tag-juan-jose-nieto-callen","tag-juan-yzuel","tag-judith-budios","tag-laura-asin-martinez","tag-luis-franco","tag-maria-elisa-sanchez-sanz","tag-maria-gomez-rodrigo","tag-plataforma","tag-sergio-baches-opi","tag-sijena-si","tag-sonar-sijena-2023","tag-villanueva-de-sijena"],"jetpack_featured_media_url":"https:\/\/sijenasi.com\/wp-content\/uploads\/2019\/02\/sonar-sijena-2023.jpg","jetpack_sharing_enabled":true,"_links":{"self":[{"href":"https:\/\/sijenasi.com\/index.php\/wp-json\/wp\/v2\/posts\/2478","targetHints":{"allow":["GET"]}}],"collection":[{"href":"https:\/\/sijenasi.com\/index.php\/wp-json\/wp\/v2\/posts"}],"about":[{"href":"https:\/\/sijenasi.com\/index.php\/wp-json\/wp\/v2\/types\/post"}],"author":[{"embeddable":true,"href":"https:\/\/sijenasi.com\/index.php\/wp-json\/wp\/v2\/users\/2"}],"replies":[{"embeddable":true,"href":"https:\/\/sijenasi.com\/index.php\/wp-json\/wp\/v2\/comments?post=2478"}],"version-history":[{"count":0,"href":"https:\/\/sijenasi.com\/index.php\/wp-json\/wp\/v2\/posts\/2478\/revisions"}],"wp:featuredmedia":[{"embeddable":true,"href":"https:\/\/sijenasi.com\/index.php\/wp-json\/wp\/v2\/media\/2480"}],"wp:attachment":[{"href":"https:\/\/sijenasi.com\/index.php\/wp-json\/wp\/v2\/media?parent=2478"}],"wp:term":[{"taxonomy":"category","embeddable":true,"href":"https:\/\/sijenasi.com\/index.php\/wp-json\/wp\/v2\/categories?post=2478"},{"taxonomy":"post_tag","embeddable":true,"href":"https:\/\/sijenasi.com\/index.php\/wp-json\/wp\/v2\/tags?post=2478"}],"curies":[{"name":"wp","href":"https:\/\/api.w.org\/{rel}","templated":true}]}}