{"id":2183,"date":"2018-04-08T20:13:02","date_gmt":"2018-04-08T18:13:02","guid":{"rendered":"http:\/\/sijenasi.com\/?p=2183"},"modified":"2018-04-08T20:13:02","modified_gmt":"2018-04-08T18:13:02","slug":"sijena-si-cumple-un-ano","status":"publish","type":"post","link":"https:\/\/sijenasi.com\/index.php\/2018\/04\/08\/sijena-si-cumple-un-ano\/","title":{"rendered":"\u00abSijena S\u00ed\u00bb cumple un a\u00f1o"},"content":{"rendered":"<figure id=\"attachment_2185\" aria-labelledby=\"figcaption_attachment_2185\" class=\"wp-caption alignnone\" style=\"width: 4288px\"><img loading=\"lazy\" decoding=\"async\" class=\"alignnone size-full wp-image-2185\" src=\"https:\/\/sijenasi.com\/wp-content\/uploads\/2018\/04\/2017_04_08_17499jys-2.jpg\" alt=\"2017_04_08_17499JYS (2)\" width=\"4288\" height=\"2358\" \/><figcaption id=\"figcaption_attachment_2185\" class=\"wp-caption-text\">Reuni\u00f3n fundacional de la Plataforma Sijena S\u00ed el 8 de abril de 2017<\/figcaption><\/figure>\n<p>La Plataforma Sijena S\u00ed fue creada el <strong>8 de abril de 2017<\/strong> en Sari\u00f1ena, capital de la comarca de Los Monegros. Al cumplirse su primer aniversario, estamos haciendo un balance muy positivo de este primer a\u00f1o de intensa actividad y de los objetivos alcanzados entre sus <a href=\"https:\/\/sijenasi.com\/fines\/\">fines<\/a>.<\/p>\n<p>La Plataforma cuenta actualmente con <strong>2.079 miembros<\/strong> y una <strong>Asociaci\u00f3n<\/strong> que vertebra legalmente y coordina la Plataforma y donde est\u00e1n representados los ciudadanos de a pie junto a las fuerzas pol\u00edticas y sociales presentes en Arag\u00f3n.<\/p>\n<p>En los doce meses de su existencia, la Plataforma ha organizado <strong>presentaciones<\/strong> (Villanueva de Sijena, Sari\u00f1ena, Zaragoza, Huesca, Barbastro\u2026), <strong>manifestaciones<\/strong> (MNAC, Museo de L\u00e9rida, Zaragoza\u2026), <strong>marchas<\/strong> ciudadanas (a Peralta de Alcofea y Berbegal), <strong>presencias ciudadanas<\/strong> (en la entrega de los bienes de Sijena, en las fiestas del Pilar\u2026), <strong>visitas<\/strong> organizadas al Monasterio de Sijena (casi un centenar de miembros han visitado ya en grupos la exposici\u00f3n), adem\u00e1s de <strong>dar a conocer la verdad<\/strong> sobre estos pleitos en su p\u00e1gina web y en decenas de entrevistas y art\u00edculos en peri\u00f3dicos, radios y televisiones de Arag\u00f3n, Catalu\u00f1a y el resto de Espa\u00f1a.<\/p>\n<p>\u201cSijena S\u00ed\u201d, siguiendo su hoja de ruta original, ha incluido entre sus objetivos las del resto de reivindicaciones patrimoniales del Alto Arag\u00f3n: los bienes de las parroquias del <strong>Arag\u00f3n Oriental<\/strong>, <strong>Berbegal<\/strong>, <strong>El Tormillo<\/strong> y <strong>Peralta de Alcofea<\/strong>. Por eso organiz\u00f3 la <strong>marcha ciudadana por la unidad<\/strong> y cre\u00f3 un grupo en Barbastro que apoya las nuevas iniciativas del obispado de Barbastro-Monz\u00f3n para lograr que los bienes vuelvan a Arag\u00f3n. En breve realizar\u00e1 presentaciones en <strong>Monz\u00f3n<\/strong> y <strong>Fraga<\/strong>.<\/p>\n<p>A los pocos meses de su existencia, la Plataforma cre\u00f3 un <strong>Comit\u00e9 Cient\u00edfico<\/strong> formado por personas de reconocido prestigio y experiencia en Museolog\u00eda, Historia, Arte Medieval, Restauraci\u00f3n y otras disciplinas. Junto con este Comit\u00e9 Cient\u00edfico, \u201cSijena S\u00ed\u201d programar\u00e1 en los pr\u00f3ximos meses la jornada <strong>\u201cSo\u00f1ar Sijena 2023\u201d<\/strong>, donde plantear\u00e1 la celebraci\u00f3n del \u201cA\u00f1o de Sijena\u201d en 2023, cuando se cumpla un siglo de la declaraci\u00f3n de Sijena como Monumento Nacional. La jornada intentar\u00e1 lanzar un di\u00e1logo ciudadano abierto sobre el futuro de Sijena y ofrecer an\u00e1lisis, perspectivas, inquietudes y aportaciones que pudieran mejorar y completar el <strong>Plan Director<\/strong> que ha elaborado el Gobierno de Arag\u00f3n y que iba a darse a conocer el pasado 4 de abril pero cuya presentaci\u00f3n ha sido pospuesta.<\/p>\n<p>Noticias en los medios:<\/p>\n<ul>\n<li>La Vanguardia: <a href=\"http:\/\/www.lavanguardia.com\/local\/aragon\/20180409\/442375203204\/la-plataforma-sijena-si-pide-a-gobierno-de-aragon-que-tenga-en-cuenta-a-la-ciudadania-en-el-plan-director-del-monasterio.html\">La Plataforma Sijena S\u00ed pide a Gobierno de Arag\u00f3n que tenga en cuenta a la ciudadan\u00eda en el plan director del monasterio<\/a><\/li>\n<\/ul>\n","protected":false},"excerpt":{"rendered":"<p>La Plataforma Sijena S\u00ed fue creada el 8 de abril de 2017 en Sari\u00f1ena, capital de la comarca de Los Monegros. Al cumplirse su primer aniversario, estamos haciendo un balance muy positivo de este primer a\u00f1o de intensa actividad y de los objetivos alcanzados entre sus fines. La Plataforma cuenta actualmente con 2.079 miembros y [&hellip;]<\/p>\n","protected":false},"author":2,"featured_media":2185,"comment_status":"open","ping_status":"open","sticky":false,"template":"","format":"standard","meta":{"ngg_post_thumbnail":0,"_jetpack_memberships_contains_paid_content":false,"footnotes":""},"categories":[63,41],"tags":[102,212,357,413],"class_list":["post-2183","post","type-post","status-publish","format-standard","hentry","category-creacion-de-la-plataforma","category-sijena-2023","tag-aniversario","tag-fundacion","tag-plataforma","tag-sijena-si"],"jetpack_featured_media_url":"https:\/\/sijenasi.com\/wp-content\/uploads\/2018\/04\/2017_04_08_17499jys-2-scaled.jpg","jetpack_sharing_enabled":true,"_links":{"self":[{"href":"https:\/\/sijenasi.com\/index.php\/wp-json\/wp\/v2\/posts\/2183","targetHints":{"allow":["GET"]}}],"collection":[{"href":"https:\/\/sijenasi.com\/index.php\/wp-json\/wp\/v2\/posts"}],"about":[{"href":"https:\/\/sijenasi.com\/index.php\/wp-json\/wp\/v2\/types\/post"}],"author":[{"embeddable":true,"href":"https:\/\/sijenasi.com\/index.php\/wp-json\/wp\/v2\/users\/2"}],"replies":[{"embeddable":true,"href":"https:\/\/sijenasi.com\/index.php\/wp-json\/wp\/v2\/comments?post=2183"}],"version-history":[{"count":0,"href":"https:\/\/sijenasi.com\/index.php\/wp-json\/wp\/v2\/posts\/2183\/revisions"}],"wp:featuredmedia":[{"embeddable":true,"href":"https:\/\/sijenasi.com\/index.php\/wp-json\/wp\/v2\/media\/2185"}],"wp:attachment":[{"href":"https:\/\/sijenasi.com\/index.php\/wp-json\/wp\/v2\/media?parent=2183"}],"wp:term":[{"taxonomy":"category","embeddable":true,"href":"https:\/\/sijenasi.com\/index.php\/wp-json\/wp\/v2\/categories?post=2183"},{"taxonomy":"post_tag","embeddable":true,"href":"https:\/\/sijenasi.com\/index.php\/wp-json\/wp\/v2\/tags?post=2183"}],"curies":[{"name":"wp","href":"https:\/\/api.w.org\/{rel}","templated":true}]}}