{"id":2178,"date":"2018-04-11T23:11:28","date_gmt":"2018-04-11T21:11:28","guid":{"rendered":"http:\/\/sijenasi.com\/?p=2178"},"modified":"2018-04-11T23:11:28","modified_gmt":"2018-04-11T21:11:28","slug":"presentacion-del-plan-director-de-sijena","status":"publish","type":"post","link":"https:\/\/sijenasi.com\/index.php\/2018\/04\/11\/presentacion-del-plan-director-de-sijena\/","title":{"rendered":"Presentaci\u00f3n del Plan Director de Sijena"},"content":{"rendered":"<figure id=\"attachment_2179\" aria-labelledby=\"figcaption_attachment_2179\" class=\"wp-caption alignnone\" style=\"width: 920px\"><img loading=\"lazy\" decoding=\"async\" class=\"alignnone size-full wp-image-2179\" src=\"https:\/\/sijenasi.com\/wp-content\/uploads\/2018\/04\/plan-director-sijena_peman-escuin-franco-foto_luis_correas.jpg\" alt=\"Plan-director-sijena_peman-escuin-franco-Foto_Luis_Correas\" width=\"920\" height=\"575\" srcset=\"https:\/\/sijenasi.com\/wp-content\/uploads\/2018\/04\/plan-director-sijena_peman-escuin-franco-foto_luis_correas.jpg 920w, https:\/\/sijenasi.com\/wp-content\/uploads\/2018\/04\/plan-director-sijena_peman-escuin-franco-foto_luis_correas-300x188.jpg 300w, https:\/\/sijenasi.com\/wp-content\/uploads\/2018\/04\/plan-director-sijena_peman-escuin-franco-foto_luis_correas-768x480.jpg 768w\" sizes=\"auto, (max-width: 920px) 100vw, 920px\" \/><figcaption id=\"figcaption_attachment_2179\" class=\"wp-caption-text\">Mariano Pem\u00e1n, Nacho Escu\u00edn (Director General de Patrimonio) y Luis Franco.<\/figcaption><\/figure>\n<p>Hoy se ha presentado lo que el Director General de Patrimonio, Nacho Escu\u00edn, ha llamado el \u00ab<strong>Plan Director del Gobierno de Arag\u00f3n para Sijena\u00bb<\/strong>. En las pr\u00f3ximas semanas lo analizaremos con detalle, dado que desconocemos el contenido de este \u00abplan director\u00bb presentado por sorpresa.<\/p>\n<p>Su presentaci\u00f3n ante los medios de comunicaci\u00f3n, en la que han estado tres personas de nuestra plataforma,\u00a0es una gran noticia que recibimos con alegr\u00eda. En ella, el arquitecto Luis Franco ha explicado que es una evoluci\u00f3n del plan que comenz\u00f3 a hacerse en 2000 y que se ir\u00e1 ejecutando en los pr\u00f3ximos cinco a\u00f1os, lo cual nos satisface pues permitir\u00eda llegar al 2023 con el proyecto acabado. Nacho Escu\u00edn, Director general de Patrimonio,\u00a0ha reiterado que se ha consensuado con las dos comunidades religiosas, la Orden Sanjuanista y las Hermanas de Bel\u00e9n, lo cual consideramos muy importante, aunque echemos en falta que no se haya consultado en su elaboraci\u00f3n a otras entidades como el Ayuntamiento de Villanueva de Sijena o la Comarca de Los Monegros, algo que intentaremos hacer en los pr\u00f3ximos meses desde la Plataforma en la Jornada \u00abSo\u00f1ar Sijena 2023\u00bb.<\/p>\n<p>Incluimos aqu\u00ed la<strong> Nota de prensa<\/strong> del Gobierno de Arag\u00f3n:<\/p>\n<p>\u00abEl Gobierno de Arag\u00f3n ha encargado al equipo de arquitectos Pem\u00e1n y Franco el proyecto del Plan Director del Real Monasterio de Santa Mar\u00eda de Sijena, que supondr\u00e1 una intervenci\u00f3n global en el edificio en distintas fases. A lo largo de este a\u00f1o, se redactar\u00e1 la primera fase, cuyas obras comenzar\u00e1n en 2019. Esta primera actuaci\u00f3n se centrar\u00e1 en el Palacio de Do\u00f1a Sancha, donde estar\u00e1 ubicada la zona expositiva del patrimonio art\u00edstico de Sijena recuperado del MNAC y del Museo de L\u00e9rida, y que est\u00e1 valorada en unos 3 millones de euros.<\/p>\n<p>Esto supondr\u00e1 multiplicar casi por 3 el espacio dedicado a la exhibici\u00f3n de las piezas, que estar\u00e1n conservadas en vitrinas con una climatizaci\u00f3n independiente en un espacio de 610 metros cuadrados, frente a los 230 de los antiguos dormitorios. Adem\u00e1s de la recuperaci\u00f3n de dependencias para la muestra, este plan supone tambi\u00e9n intervenir en la parte monumental, a\u00f1adiendo una cubierta a este espacio, pero respetando muros y arcos. De esta manera, se trata de combinar arquitectura y arqueolog\u00eda, ofreciendo nuevas formas de visitar las piezas pero a trav\u00e9s de unos trabajos muy respetuosos con el antiguo Monasterio, configurando una suerte de museo de nueva generaci\u00f3n en el lugar donde habitaban todos estos tesoros art\u00edsticos y de los que nunca debieron salir.<\/p>\n<p>Mientras duran los trabajos, las piezas se podr\u00e1n seguir visitando en su emplazamiento actual, que ya fue acondicionado para este fin a comienzos de esta legislatura. Hay que recordar que el Gobierno de Arag\u00f3n ha invertido ya en esta legislatura medio mill\u00f3n de euros en rehabilitar los antiguos dormitorios y la sala capitular del monasterio de Sijena, que se encuentran en perfectas condiciones y que ha permitido que en la actualidad puedan ser visitados.<\/p>\n<p>Las dependencias de Do\u00f1a Sancha se encuentran en un espacio contiguo al ala norte de los dormitorios, y en la actualidad se encuentran sin cubrir, como un espacio arqueol\u00f3gico que deja a la vista los restos de muros y arcos que se hab\u00edan conservado de fechas anteriores al siglo XV. En este espacio, que permitir\u00e1 disponer de un acceso directo desde el exterior abriendo una puerta en el muro de cerramiento, se construir\u00e1 una cubierta ligeramente inclinada. Estas dependencias se dividir\u00e1n en dos partes y dos alturas, unidas por una rampa y un montacargas.<\/p>\n<p>En la zona m\u00e1s pr\u00f3xima a los antiguos dormitorios se ubicar\u00e1 un vest\u00edbulo y la recepci\u00f3n, los aseos y un almac\u00e9n de obras de arte, que servir\u00e1 tambi\u00e9n de sala de restauraciones. La otra parte mantendr\u00e1 los arcos existentes, que son los elementos que condicionan el cubrimiento de este espacio por su arranque a gran altura. Aqu\u00ed se situar\u00e1n unas vitrinas y unos espacios encajonados para completar la exposici\u00f3n de las piezas con control clim\u00e1tico.<\/p>\n<p>Este museo queda comunicado por ambos extremos con la nave de los dormitorios por unas puertas ya existentes, de modo que se puedan realizar distintos itinerarios de visitas, incluido el itinerario que comienza su recorrido en la puerta principal del Monasterio.<\/p>\n<p>En las siguientes fases del plan director est\u00e1 previsto actuar en la mejora del claustro, en la iglesia y en las naves oeste y norte, adem\u00e1s de los accesos. En total, est\u00e1 plan incluye la actuaci\u00f3n en 7.000 metros cuadrados en el interior del Monasterio y en las zonas adyacentes: aparcamientos, servicios&#8230;<\/p>\n<p><strong>Las piezas recuperadas<\/strong><\/p>\n<p>En la actualidad, el monasterio muestra las piezas que permanec\u00edan depositadas en el Museo de L\u00e9rida y que fueron recuperadas el pasado 11 de diciembre por orden del Juzgado de Primera Instancia n\u00ba 1 de Huesca. Tambi\u00e9n se pueden ver las que se encontraban en el Museo Nacional de Arte de Catalu\u00f1a.<\/p>\n<p>Los bienes art\u00edsticos y religiosos pueden visitarse los viernes y s\u00e1bados, de 10.00 a 14.30 y de 16.00 a 19.00, y los domingos en horario de 12.00 a 14.30 y tardes de 16.00 a 19.00.<\/p>\n<p>Una vez que se haya completado la primera fase de este plan director, las visitas se ampliar\u00edan a toda la semana, exceptuando los lunes, como cualquier otro centro de las red de museos de la Comunidad\u00bb.<\/p>\n<ul>\n<li><a href=\"https:\/\/www.youtube.com\/watch?v=LmNo_OJIcCA\" target=\"_blank\" rel=\"noopener\">V\u00eddeo de la presentaci\u00f3n del Plan Director<\/a><\/li>\n<li>Radio Huesca: <a href=\"https:\/\/www.radiohuesca.com\/emisoras\/radio-sarinena\/el-plan-director-de-sijena-bienvenido-aunque-sea-por-sorpresa-11042018-107751.html\">El Plan Director de Sijena, bienvenido aunque sea por sorpresa<\/a><\/li>\n<li>Cadena SER: <a href=\"https:\/\/www.radiohuesca.com\/emisoras\/radio-sarinena\/el-ga-desmiente-que-las-hermanas-de-belen-no-conocieran-el-plan-director-de-sijena-17042018-108026.html\" target=\"_blank\" rel=\"noopener\">Cultura niega que las monjas de Sijena<span style=\"color:revert;font-size:revert;font-weight:revert;\"> desconocieran<\/span><span style=\"color:revert;font-size:revert;font-weight:revert;\"> el Plan Director del monasterio<\/span><\/a><\/li>\n<li>El Peri\u00f3dico de Arag\u00f3n: <a href=\"http:\/\/www.elperiodicodearagon.com\/noticias\/aragon\/obras-plan-director-sijena-comenzaran-2019-multiplicaran-tres-espacio-expositivo_1276717.html\" target=\"_blank\" rel=\"noopener\">Las obras del Plan Director de Sijena comenzar\u00e1n en 2019 y multiplicar\u00e1n por tres el espacio expositivo <\/a><\/li>\n<li>Heraldo de Arag\u00f3n: <a href=\"https:\/\/www.heraldo.es\/noticias\/aragon\/2018\/04\/11\/sijena-superara-los-000-metros-cuadrados-exposicion-cinco-anos-1234573-300.html\" target=\"_blank\" rel=\"noopener\">Sijena superar\u00e1 los 7.000 metros cuadrados de exposici\u00f3n en cinco a\u00f1os<\/a><\/li>\n<li>Diario del Altoarag\u00f3n: <a href=\"http:\/\/www.diariodelaltoaragon.es\/NoticiasDetalle.aspx?Id=1116582\" target=\"_blank\" rel=\"noopener\"><span id=\"ctl00_ContentPlaceHolder1_lblTitular\">Las obras del Plan Director de Sijena comenzar\u00e1n en 2019 y multiplicar\u00e1n por tres el espacio expositivo<\/span><\/a><\/li>\n<li style=\"text-align:left;\">La Vanguardia: <a href=\"http:\/\/www.lavanguardia.com\/local\/aragon\/20180411\/442463175746\/la-primera-fase-del-plan-de-sijena-comenzara-en-2019-y-permitira-abrir-la-zona-expositiva-como-cualquier-museo.html\" target=\"_blank\" rel=\"noopener\">La primera fase del Plan de Sijena comenzar\u00e1 en 2019 y permitir\u00e1 abrir la zona expositiva \u00abcomo cualquier museo\u00bb<\/a><\/li>\n<\/ul>\n\n\t\t<style type=\"text\/css\">\n\t\t\t#gallery-1 {\n\t\t\t\tmargin: auto;\n\t\t\t}\n\t\t\t#gallery-1 .gallery-item {\n\t\t\t\tfloat: left;\n\t\t\t\tmargin-top: 10px;\n\t\t\t\ttext-align: center;\n\t\t\t\twidth: 33%;\n\t\t\t}\n\t\t\t#gallery-1 img {\n\t\t\t\tborder: 2px solid #cfcfcf;\n\t\t\t}\n\t\t\t#gallery-1 .gallery-caption {\n\t\t\t\tmargin-left: 0;\n\t\t\t}\n\t\t\t\/* see gallery_shortcode() in wp-includes\/media.php *\/\n\t\t<\/style>\n\t\t<div id='gallery-1' class='gallery galleryid-2178 gallery-columns-3 gallery-size-thumbnail'><dl class='gallery-item'>\n\t\t\t<dt class='gallery-icon landscape'>\n\t\t\t\t<a href='https:\/\/sijenasi.com\/wp-content\/uploads\/2018\/04\/plan-director-1.jpg'><img loading=\"lazy\" decoding=\"async\" width=\"150\" height=\"150\" src=\"https:\/\/sijenasi.com\/wp-content\/uploads\/2018\/04\/plan-director-1-150x150.jpg\" class=\"attachment-thumbnail size-thumbnail\" alt=\"\" \/><\/a>\n\t\t\t<\/dt><\/dl><dl class='gallery-item'>\n\t\t\t<dt class='gallery-icon landscape'>\n\t\t\t\t<a href='https:\/\/sijenasi.com\/wp-content\/uploads\/2018\/04\/plan-director-2.jpg'><img loading=\"lazy\" decoding=\"async\" width=\"150\" height=\"150\" src=\"https:\/\/sijenasi.com\/wp-content\/uploads\/2018\/04\/plan-director-2-150x150.jpg\" class=\"attachment-thumbnail size-thumbnail\" alt=\"\" \/><\/a>\n\t\t\t<\/dt><\/dl><dl class='gallery-item'>\n\t\t\t<dt class='gallery-icon landscape'>\n\t\t\t\t<a href='https:\/\/sijenasi.com\/wp-content\/uploads\/2018\/04\/plan-director-3.jpg'><img loading=\"lazy\" decoding=\"async\" width=\"150\" height=\"150\" src=\"https:\/\/sijenasi.com\/wp-content\/uploads\/2018\/04\/plan-director-3-150x150.jpg\" class=\"attachment-thumbnail size-thumbnail\" alt=\"\" \/><\/a>\n\t\t\t<\/dt><\/dl><br style=\"clear: both\" \/><dl class='gallery-item'>\n\t\t\t<dt class='gallery-icon landscape'>\n\t\t\t\t<a href='https:\/\/sijenasi.com\/wp-content\/uploads\/2018\/04\/plan-director-4.jpg'><img loading=\"lazy\" decoding=\"async\" width=\"150\" height=\"150\" src=\"https:\/\/sijenasi.com\/wp-content\/uploads\/2018\/04\/plan-director-4-150x150.jpg\" class=\"attachment-thumbnail size-thumbnail\" alt=\"\" \/><\/a>\n\t\t\t<\/dt><\/dl><dl class='gallery-item'>\n\t\t\t<dt class='gallery-icon landscape'>\n\t\t\t\t<a href='https:\/\/sijenasi.com\/wp-content\/uploads\/2018\/04\/plan-director-5.jpg'><img loading=\"lazy\" decoding=\"async\" width=\"150\" height=\"150\" src=\"https:\/\/sijenasi.com\/wp-content\/uploads\/2018\/04\/plan-director-5-150x150.jpg\" class=\"attachment-thumbnail size-thumbnail\" alt=\"\" \/><\/a>\n\t\t\t<\/dt><\/dl>\n\t\t\t<br style='clear: both' \/>\n\t\t<\/div>\n\n<p style=\"text-align:center;\">As\u00ed podr\u00eda lucir Sijena tras haberse ejecutado el Plan Director<\/p>\n","protected":false},"excerpt":{"rendered":"<p>Hoy se ha presentado lo que el Director General de Patrimonio, Nacho Escu\u00edn, ha llamado el \u00abPlan Director del Gobierno de Arag\u00f3n para Sijena\u00bb. En las pr\u00f3ximas semanas lo analizaremos con detalle, dado que desconocemos el contenido de este \u00abplan director\u00bb presentado por sorpresa. Su presentaci\u00f3n ante los medios de comunicaci\u00f3n, en la que han [&hellip;]<\/p>\n","protected":false},"author":2,"featured_media":2179,"comment_status":"open","ping_status":"open","sticky":false,"template":"","format":"standard","meta":{"ngg_post_thumbnail":0,"_jetpack_memberships_contains_paid_content":false,"footnotes":""},"categories":[72,85],"tags":[174,285,292,304,318,384,398],"class_list":["post-2178","post","type-post","status-publish","format-standard","hentry","category-gobierno-de-aragon","category-plan-director","tag-dga","tag-luis-franco","tag-mariano-peman","tag-monasterio-de-sijena","tag-nacho-escuin","tag-restauracion","tag-sala-capitular"],"jetpack_featured_media_url":"https:\/\/sijenasi.com\/wp-content\/uploads\/2018\/04\/plan-director-sijena_peman-escuin-franco-foto_luis_correas.jpg","jetpack_sharing_enabled":true,"_links":{"self":[{"href":"https:\/\/sijenasi.com\/index.php\/wp-json\/wp\/v2\/posts\/2178","targetHints":{"allow":["GET"]}}],"collection":[{"href":"https:\/\/sijenasi.com\/index.php\/wp-json\/wp\/v2\/posts"}],"about":[{"href":"https:\/\/sijenasi.com\/index.php\/wp-json\/wp\/v2\/types\/post"}],"author":[{"embeddable":true,"href":"https:\/\/sijenasi.com\/index.php\/wp-json\/wp\/v2\/users\/2"}],"replies":[{"embeddable":true,"href":"https:\/\/sijenasi.com\/index.php\/wp-json\/wp\/v2\/comments?post=2178"}],"version-history":[{"count":0,"href":"https:\/\/sijenasi.com\/index.php\/wp-json\/wp\/v2\/posts\/2178\/revisions"}],"wp:featuredmedia":[{"embeddable":true,"href":"https:\/\/sijenasi.com\/index.php\/wp-json\/wp\/v2\/media\/2179"}],"wp:attachment":[{"href":"https:\/\/sijenasi.com\/index.php\/wp-json\/wp\/v2\/media?parent=2178"}],"wp:term":[{"taxonomy":"category","embeddable":true,"href":"https:\/\/sijenasi.com\/index.php\/wp-json\/wp\/v2\/categories?post=2178"},{"taxonomy":"post_tag","embeddable":true,"href":"https:\/\/sijenasi.com\/index.php\/wp-json\/wp\/v2\/tags?post=2178"}],"curies":[{"name":"wp","href":"https:\/\/api.w.org\/{rel}","templated":true}]}}