{"id":2169,"date":"2018-03-27T23:49:49","date_gmt":"2018-03-27T21:49:49","guid":{"rendered":"http:\/\/sijenasi.com\/?p=2169"},"modified":"2018-03-27T23:49:49","modified_gmt":"2018-03-27T21:49:49","slug":"nuevas-investigaciones-avalan-la-tesis-de-que-las-pinturas-de-sijena-no-se-quemaron","status":"publish","type":"post","link":"https:\/\/sijenasi.com\/index.php\/2018\/03\/27\/nuevas-investigaciones-avalan-la-tesis-de-que-las-pinturas-de-sijena-no-se-quemaron\/","title":{"rendered":"Nuevas investigaciones avalan la tesis de que las pinturas de Sijena no se quemaron"},"content":{"rendered":"<p><img loading=\"lazy\" decoding=\"async\" class=\"alignnone size-full wp-image-2170\" src=\"https:\/\/sijenasi.com\/wp-content\/uploads\/2018\/03\/maria_gomez.jpg\" alt=\"maria_gomez\" width=\"1600\" height=\"900\" srcset=\"https:\/\/sijenasi.com\/wp-content\/uploads\/2018\/03\/maria_gomez.jpg 1600w, https:\/\/sijenasi.com\/wp-content\/uploads\/2018\/03\/maria_gomez-300x169.jpg 300w, https:\/\/sijenasi.com\/wp-content\/uploads\/2018\/03\/maria_gomez-1024x576.jpg 1024w, https:\/\/sijenasi.com\/wp-content\/uploads\/2018\/03\/maria_gomez-768x432.jpg 768w, https:\/\/sijenasi.com\/wp-content\/uploads\/2018\/03\/maria_gomez-1536x864.jpg 1536w\" sizes=\"auto, (max-width: 1600px) 100vw, 1600px\" \/><\/p>\n<p>La <strong>profesora de la Universidad de Valencia, Mar\u00eda G\u00f3mez Rodrigo<\/strong>, experta en pintura quemada y restauradora de varias iglesias que han sufrido incendios, ha hecho un estudio que avala su tesis de que <strong>las pinturas de la Sala Capitular de Sijena no se quemaron<\/strong>.<\/p>\n<p>Seg\u00fan su opini\u00f3n, Josep Gudiol,\u00a0el funcionario de la Generalitat enviado \u00abpara protegerlas\u00bb tras el incendio del monasterio en 1936, y que decidi\u00f3 arrancarlas sin permiso del Ministerio de Cultura de la Rep\u00fablica, algo obligatorio dado que era un monumento nacional desde 1923,\u00a0mand\u00f3 derribar el artesonado que a\u00fan aparece en las fotos tras el incendio del monasterio\u00a0 para justificar la necesidad de arrancarlas. Estudios f\u00edsico y qu\u00edmicos muestran que las pinturas no fueron quemadas y su oscurecimiento es fruto de una mala restauraci\u00f3n por parte del MNAC a lo largo de d\u00e9cadas.<\/p>\n<p>El Ayuntamiento de Villanueva de Sijena no descarta posibles nuevos pleitos contra la Generalitat y sus museos si se demuestra definitivamente esta tesis.<\/p>\n<p>Ecos de los Medios:<\/p>\n<ul>\n<li>La Vanguardia: <a href=\"http:\/\/www.lavanguardia.com\/cultura\/20180329\/442020239749\/sijena-demanda-generalitat-catalunya-danos-irreparables-pinturas-murales-monasterio.html\" target=\"_blank\" rel=\"noopener\">Sijena quiere demandar a la Generalitat por los da\u00f1os irreparables en las pinturas murales del Monasterio<\/a><\/li>\n<li><strong>Arag\u00f3n TV: Noticias de las 2<\/strong> &#8211; 27\/3\/2018: V\u00e9ase el reportaje en las Noticias de Arag\u00f3n TV, sobre todo a partir del minuto 11: <a href=\"http:\/\/alacarta.aragontelevision.es\/informativos\/aragon-noticias-2-27032018-2030\" target=\"_blank\" rel=\"noopener\">http:\/\/alacarta.aragontelevision.es\/informativos\/aragon-noticias-2-27032018-2030 <\/a><\/li>\n<li><strong>Heraldo de Arag\u00f3n<\/strong>: <a href=\"https:\/\/www.heraldo.es\/noticias\/aragon\/huesca-provincia\/2018\/03\/28\/sijena-estudia-una-demanda-millonaria-contra-generalitat-por-danos-las-pinturas-murales-1232355-1101026.html\" target=\"_blank\" rel=\"noopener\">Sijena estudia una demanda millonaria contra la Generalitat por da\u00f1os a las pinturas murales<\/a><\/li>\n<li><strong>El Peri\u00f3dico de Arag\u00f3n<\/strong>: <a href=\"https:\/\/www.elperiodico.com\/es\/ocio-y-cultura\/20180328\/sijena-demanda-generalitat-danos-josep-gudiol-pinturas-murales-6721336\" target=\"_blank\" rel=\"noopener\">Sijena estudia demandar a la Generalitat por da\u00f1ar las pinturas murales<\/a><\/li>\n<\/ul>\n","protected":false},"excerpt":{"rendered":"<p>La profesora de la Universidad de Valencia, Mar\u00eda G\u00f3mez Rodrigo, experta en pintura quemada y restauradora de varias iglesias que han sufrido incendios, ha hecho un estudio que avala su tesis de que las pinturas de la Sala Capitular de Sijena no se quemaron. Seg\u00fan su opini\u00f3n, Josep Gudiol,\u00a0el funcionario de la Generalitat enviado \u00abpara [&hellip;]<\/p>\n","protected":false},"author":2,"featured_media":2170,"comment_status":"open","ping_status":"open","sticky":false,"template":"","format":"standard","meta":{"ngg_post_thumbnail":0,"_jetpack_memberships_contains_paid_content":false,"footnotes":""},"categories":[68,82],"tags":[216,261,290,304,308,352,398],"class_list":["post-2169","post","type-post","status-publish","format-standard","hentry","category-expolio","category-mnac","tag-generalitat-de-cataluna","tag-josep-gudiol","tag-maria-gomez-rodrigo","tag-monasterio-de-sijena","tag-monestir-de-sixena","tag-pintura-quemada","tag-sala-capitular"],"jetpack_featured_media_url":"https:\/\/sijenasi.com\/wp-content\/uploads\/2018\/03\/maria_gomez.jpg","jetpack_sharing_enabled":true,"_links":{"self":[{"href":"https:\/\/sijenasi.com\/index.php\/wp-json\/wp\/v2\/posts\/2169","targetHints":{"allow":["GET"]}}],"collection":[{"href":"https:\/\/sijenasi.com\/index.php\/wp-json\/wp\/v2\/posts"}],"about":[{"href":"https:\/\/sijenasi.com\/index.php\/wp-json\/wp\/v2\/types\/post"}],"author":[{"embeddable":true,"href":"https:\/\/sijenasi.com\/index.php\/wp-json\/wp\/v2\/users\/2"}],"replies":[{"embeddable":true,"href":"https:\/\/sijenasi.com\/index.php\/wp-json\/wp\/v2\/comments?post=2169"}],"version-history":[{"count":0,"href":"https:\/\/sijenasi.com\/index.php\/wp-json\/wp\/v2\/posts\/2169\/revisions"}],"wp:featuredmedia":[{"embeddable":true,"href":"https:\/\/sijenasi.com\/index.php\/wp-json\/wp\/v2\/media\/2170"}],"wp:attachment":[{"href":"https:\/\/sijenasi.com\/index.php\/wp-json\/wp\/v2\/media?parent=2169"}],"wp:term":[{"taxonomy":"category","embeddable":true,"href":"https:\/\/sijenasi.com\/index.php\/wp-json\/wp\/v2\/categories?post=2169"},{"taxonomy":"post_tag","embeddable":true,"href":"https:\/\/sijenasi.com\/index.php\/wp-json\/wp\/v2\/tags?post=2169"}],"curies":[{"name":"wp","href":"https:\/\/api.w.org\/{rel}","templated":true}]}}