{"id":2094,"date":"2018-03-22T01:22:07","date_gmt":"2018-03-21T23:22:07","guid":{"rendered":"http:\/\/sijenasi.com\/?p=2094"},"modified":"2018-03-22T01:22:07","modified_gmt":"2018-03-21T23:22:07","slug":"visita-al-monasterio-de-sijena","status":"publish","type":"post","link":"https:\/\/sijenasi.com\/index.php\/2018\/03\/22\/visita-al-monasterio-de-sijena\/","title":{"rendered":"Visita al Monasterio de Sijena"},"content":{"rendered":"<p><img loading=\"lazy\" decoding=\"async\" class=\"alignnone size-full wp-image-2095\" src=\"https:\/\/sijenasi.com\/wp-content\/uploads\/2018\/03\/2018_03_17-3203-jys.jpg\" alt=\"2018_03_17-3203-JYS\" width=\"1024\" height=\"680\" srcset=\"https:\/\/sijenasi.com\/wp-content\/uploads\/2018\/03\/2018_03_17-3203-jys.jpg 1024w, https:\/\/sijenasi.com\/wp-content\/uploads\/2018\/03\/2018_03_17-3203-jys-300x199.jpg 300w, https:\/\/sijenasi.com\/wp-content\/uploads\/2018\/03\/2018_03_17-3203-jys-768x510.jpg 768w\" sizes=\"auto, (max-width: 1024px) 100vw, 1024px\" \/><\/p>\n<p>El pasado 23 de febrero qued\u00f3 abierta la sala expositiva que la DGA ha habilitado en los antiguos dormitorios del Monasterio de Sijena para mostrar las piezas que regresaron de Catalu\u00f1a en los dos \u00faltimos a\u00f1os. Es un hecho del que nos sentimos orgullosos y al que humildemente hemos aportado nuestro granito de arena.<\/p>\n<p>Al d\u00eda siguiente, el Comit\u00e9 Cient\u00edfico de la Plataforma Sijena S\u00ed visit\u00f3 el monasterio y la exposici\u00f3n, teniendo tambi\u00e9n una larga entrevista con las Hermanas de Bel\u00e9n. Unos d\u00edas m\u00e1s tarde, el 17 de marzo, visitaron el monasterio m\u00e1s de cuarenta personas de la Plataforma. Ambos d\u00edas fueron ocasi\u00f3n tambi\u00e9n para un encuentro fraterno de muchos de los que colaboramos en la plataforma.<\/p>\n<p>La visita, tanto al Monasterio como a la Sala Expositiva, fue muy satisfactoria y emocionante. Algunas personas del grupo, por primera vez, contemplaban la espiritualidad, la belleza y la historia que alberga el Monasterio, un ente vivo gracias a la presencia silenciosa de las Hermanas de Bel\u00e9n. Disfrutamos mucho de la conversaci\u00f3n con las hermanas y de las explicaciones de las gu\u00edas del monasterio, Susana y Mercedes, y de Ingrid,\u00a0la gu\u00eda de la DGA que muestra las piezas. Desde aqu\u00ed, muchas gracias por vuestra fenomenal labor.<\/p>\n<p>Os dejamos aqu\u00ed un testimonio gr\u00e1fico de ambas visitas, que nos han permitido maravillarnos por el tesoro espiritual y art\u00edstico que ahora alberga el Monasterio. Mientras, seguimos esperando que el pr\u00f3ximo 4 de abril la DGA desvele el Plan Director para el Monasterio, que nos permitir\u00e1 aportar nuevas\u00a0ideas y presentar iniciativas para seguir construyendo el futuro. Queda mucho por so\u00f1ar; queda mucho por hacer.<\/p>\n\n\t\t<style type=\"text\/css\">\n\t\t\t#gallery-1 {\n\t\t\t\tmargin: auto;\n\t\t\t}\n\t\t\t#gallery-1 .gallery-item {\n\t\t\t\tfloat: left;\n\t\t\t\tmargin-top: 10px;\n\t\t\t\ttext-align: center;\n\t\t\t\twidth: 33%;\n\t\t\t}\n\t\t\t#gallery-1 img {\n\t\t\t\tborder: 2px solid #cfcfcf;\n\t\t\t}\n\t\t\t#gallery-1 .gallery-caption {\n\t\t\t\tmargin-left: 0;\n\t\t\t}\n\t\t\t\/* see gallery_shortcode() in wp-includes\/media.php *\/\n\t\t<\/style>\n\t\t<div id='gallery-1' class='gallery galleryid-2094 gallery-columns-3 gallery-size-thumbnail'><dl class='gallery-item'>\n\t\t\t<dt class='gallery-icon landscape'>\n\t\t\t\t<a href='https:\/\/sijenasi.com\/wp-content\/uploads\/2018\/03\/2018_02_24-2817-jys.jpg'><img loading=\"lazy\" decoding=\"async\" width=\"150\" height=\"150\" src=\"https:\/\/sijenasi.com\/wp-content\/uploads\/2018\/03\/2018_02_24-2817-jys-150x150.jpg\" class=\"attachment-thumbnail size-thumbnail\" alt=\"\" aria-describedby=\"gallery-1-2096\" \/><\/a>\n\t\t\t<\/dt>\n\t\t\t\t<dd class='wp-caption-text gallery-caption' id='gallery-1-2096'>\n\t\t\t\tCapilla de las Hermanas de Bel\u00e9n\n\t\t\t\t<\/dd><\/dl><dl class='gallery-item'>\n\t\t\t<dt class='gallery-icon landscape'>\n\t\t\t\t<a href='https:\/\/sijenasi.com\/wp-content\/uploads\/2018\/03\/2018_02_24-2819-jys.jpg'><img loading=\"lazy\" decoding=\"async\" width=\"150\" height=\"150\" src=\"https:\/\/sijenasi.com\/wp-content\/uploads\/2018\/03\/2018_02_24-2819-jys-150x150.jpg\" class=\"attachment-thumbnail size-thumbnail\" alt=\"\" aria-describedby=\"gallery-1-2097\" \/><\/a>\n\t\t\t<\/dt>\n\t\t\t\t<dd class='wp-caption-text gallery-caption' id='gallery-1-2097'>\n\t\t\t\tDetalla de la Capilla\n\t\t\t\t<\/dd><\/dl><dl class='gallery-item'>\n\t\t\t<dt class='gallery-icon landscape'>\n\t\t\t\t<a href='https:\/\/sijenasi.com\/wp-content\/uploads\/2018\/03\/2018_02_24-2822-jys.jpg'><img loading=\"lazy\" decoding=\"async\" width=\"150\" height=\"150\" src=\"https:\/\/sijenasi.com\/wp-content\/uploads\/2018\/03\/2018_02_24-2822-jys-150x150.jpg\" class=\"attachment-thumbnail size-thumbnail\" alt=\"\" aria-describedby=\"gallery-1-2098\" \/><\/a>\n\t\t\t<\/dt>\n\t\t\t\t<dd class='wp-caption-text gallery-caption' id='gallery-1-2098'>\n\t\t\t\tIglesia de Sijena\n\t\t\t\t<\/dd><\/dl><br style=\"clear: both\" \/><dl class='gallery-item'>\n\t\t\t<dt class='gallery-icon landscape'>\n\t\t\t\t<a href='https:\/\/sijenasi.com\/wp-content\/uploads\/2018\/03\/2018_02_24-2824-jys.jpg'><img loading=\"lazy\" decoding=\"async\" width=\"150\" height=\"150\" src=\"https:\/\/sijenasi.com\/wp-content\/uploads\/2018\/03\/2018_02_24-2824-jys-150x150.jpg\" class=\"attachment-thumbnail size-thumbnail\" alt=\"\" aria-describedby=\"gallery-1-2099\" \/><\/a>\n\t\t\t<\/dt>\n\t\t\t\t<dd class='wp-caption-text gallery-caption' id='gallery-1-2099'>\n\t\t\t\tClaustro\n\t\t\t\t<\/dd><\/dl><dl class='gallery-item'>\n\t\t\t<dt class='gallery-icon landscape'>\n\t\t\t\t<a href='https:\/\/sijenasi.com\/wp-content\/uploads\/2018\/03\/2018_02_24-2830-jys.jpg'><img loading=\"lazy\" decoding=\"async\" width=\"150\" height=\"150\" src=\"https:\/\/sijenasi.com\/wp-content\/uploads\/2018\/03\/2018_02_24-2830-jys-150x150.jpg\" class=\"attachment-thumbnail size-thumbnail\" alt=\"\" aria-describedby=\"gallery-1-2100\" \/><\/a>\n\t\t\t<\/dt>\n\t\t\t\t<dd class='wp-caption-text gallery-caption' id='gallery-1-2100'>\n\t\t\t\tPortada rom\u00e1nica\n\t\t\t\t<\/dd><\/dl><dl class='gallery-item'>\n\t\t\t<dt class='gallery-icon landscape'>\n\t\t\t\t<a href='https:\/\/sijenasi.com\/wp-content\/uploads\/2018\/03\/2018_02_24-2831-jys.jpg'><img loading=\"lazy\" decoding=\"async\" width=\"150\" height=\"150\" src=\"https:\/\/sijenasi.com\/wp-content\/uploads\/2018\/03\/2018_02_24-2831-jys-150x150.jpg\" class=\"attachment-thumbnail size-thumbnail\" alt=\"\" aria-describedby=\"gallery-1-2101\" \/><\/a>\n\t\t\t<\/dt>\n\t\t\t\t<dd class='wp-caption-text gallery-caption' id='gallery-1-2101'>\n\t\t\t\tArtesan\u00eda de las Hermanas de Bel\u00e9n\n\t\t\t\t<\/dd><\/dl><br style=\"clear: both\" \/><dl class='gallery-item'>\n\t\t\t<dt class='gallery-icon landscape'>\n\t\t\t\t<a href='https:\/\/sijenasi.com\/wp-content\/uploads\/2018\/03\/2018_02_24-2833-jys.jpg'><img loading=\"lazy\" decoding=\"async\" width=\"150\" height=\"150\" src=\"https:\/\/sijenasi.com\/wp-content\/uploads\/2018\/03\/2018_02_24-2833-jys-150x150.jpg\" class=\"attachment-thumbnail size-thumbnail\" alt=\"\" aria-describedby=\"gallery-1-2102\" \/><\/a>\n\t\t\t<\/dt>\n\t\t\t\t<dd class='wp-caption-text gallery-caption' id='gallery-1-2102'>\n\t\t\t\tDetalle de la tienda del Monasterio de Sijena\n\t\t\t\t<\/dd><\/dl><dl class='gallery-item'>\n\t\t\t<dt class='gallery-icon landscape'>\n\t\t\t\t<a href='https:\/\/sijenasi.com\/wp-content\/uploads\/2018\/03\/2018_02_24-2834-jys.jpg'><img loading=\"lazy\" decoding=\"async\" width=\"150\" height=\"150\" src=\"https:\/\/sijenasi.com\/wp-content\/uploads\/2018\/03\/2018_02_24-2834-jys-150x150.jpg\" class=\"attachment-thumbnail size-thumbnail\" alt=\"\" aria-describedby=\"gallery-1-2103\" \/><\/a>\n\t\t\t<\/dt>\n\t\t\t\t<dd class='wp-caption-text gallery-caption' id='gallery-1-2103'>\n\t\t\t\tArtesan\u00eda de las Hermanas de Bel\u00e9n 2\n\t\t\t\t<\/dd><\/dl><dl class='gallery-item'>\n\t\t\t<dt class='gallery-icon landscape'>\n\t\t\t\t<a href='https:\/\/sijenasi.com\/wp-content\/uploads\/2018\/03\/2018_02_24-2837-jys.jpg'><img loading=\"lazy\" decoding=\"async\" width=\"150\" height=\"150\" src=\"https:\/\/sijenasi.com\/wp-content\/uploads\/2018\/03\/2018_02_24-2837-jys-150x150.jpg\" class=\"attachment-thumbnail size-thumbnail\" alt=\"\" aria-describedby=\"gallery-1-2104\" \/><\/a>\n\t\t\t<\/dt>\n\t\t\t\t<dd class='wp-caption-text gallery-caption' id='gallery-1-2104'>\n\t\t\t\tCaja sepulcral 1\n\t\t\t\t<\/dd><\/dl><br style=\"clear: both\" \/><dl class='gallery-item'>\n\t\t\t<dt class='gallery-icon landscape'>\n\t\t\t\t<a href='https:\/\/sijenasi.com\/wp-content\/uploads\/2018\/03\/2018_02_24-2841-jys.jpg'><img loading=\"lazy\" decoding=\"async\" width=\"150\" height=\"150\" src=\"https:\/\/sijenasi.com\/wp-content\/uploads\/2018\/03\/2018_02_24-2841-jys-150x150.jpg\" class=\"attachment-thumbnail size-thumbnail\" alt=\"\" aria-describedby=\"gallery-1-2105\" \/><\/a>\n\t\t\t<\/dt>\n\t\t\t\t<dd class='wp-caption-text gallery-caption' id='gallery-1-2105'>\n\t\t\t\tVisita guiada 1\n\t\t\t\t<\/dd><\/dl><dl class='gallery-item'>\n\t\t\t<dt class='gallery-icon landscape'>\n\t\t\t\t<a href='https:\/\/sijenasi.com\/wp-content\/uploads\/2018\/03\/2018_02_24-2846-jys.jpg'><img loading=\"lazy\" decoding=\"async\" width=\"150\" height=\"150\" src=\"https:\/\/sijenasi.com\/wp-content\/uploads\/2018\/03\/2018_02_24-2846-jys-150x150.jpg\" class=\"attachment-thumbnail size-thumbnail\" alt=\"\" aria-describedby=\"gallery-1-2106\" \/><\/a>\n\t\t\t<\/dt>\n\t\t\t\t<dd class='wp-caption-text gallery-caption' id='gallery-1-2106'>\n\t\t\t\tVisita guiada 2\n\t\t\t\t<\/dd><\/dl><dl class='gallery-item'>\n\t\t\t<dt class='gallery-icon landscape'>\n\t\t\t\t<a href='https:\/\/sijenasi.com\/wp-content\/uploads\/2018\/03\/2018_02_24-2847-jys.jpg'><img loading=\"lazy\" decoding=\"async\" width=\"150\" height=\"150\" src=\"https:\/\/sijenasi.com\/wp-content\/uploads\/2018\/03\/2018_02_24-2847-jys-150x150.jpg\" class=\"attachment-thumbnail size-thumbnail\" alt=\"\" aria-describedby=\"gallery-1-2107\" \/><\/a>\n\t\t\t<\/dt>\n\t\t\t\t<dd class='wp-caption-text gallery-caption' id='gallery-1-2107'>\n\t\t\t\tCaja sepulcral 2\n\t\t\t\t<\/dd><\/dl><br style=\"clear: both\" \/><dl class='gallery-item'>\n\t\t\t<dt class='gallery-icon landscape'>\n\t\t\t\t<a href='https:\/\/sijenasi.com\/wp-content\/uploads\/2018\/03\/2018_02_24-2854-jys.jpg'><img loading=\"lazy\" decoding=\"async\" width=\"150\" height=\"150\" src=\"https:\/\/sijenasi.com\/wp-content\/uploads\/2018\/03\/2018_02_24-2854-jys-150x150.jpg\" class=\"attachment-thumbnail size-thumbnail\" alt=\"\" aria-describedby=\"gallery-1-2108\" \/><\/a>\n\t\t\t<\/dt>\n\t\t\t\t<dd class='wp-caption-text gallery-caption' id='gallery-1-2108'>\n\t\t\t\tCajas sepulcrales\n\t\t\t\t<\/dd><\/dl><dl class='gallery-item'>\n\t\t\t<dt class='gallery-icon landscape'>\n\t\t\t\t<a href='https:\/\/sijenasi.com\/wp-content\/uploads\/2018\/03\/2018_02_24-2858-jys.jpg'><img loading=\"lazy\" decoding=\"async\" width=\"150\" height=\"150\" src=\"https:\/\/sijenasi.com\/wp-content\/uploads\/2018\/03\/2018_02_24-2858-jys-150x150.jpg\" class=\"attachment-thumbnail size-thumbnail\" alt=\"\" aria-describedby=\"gallery-1-2109\" \/><\/a>\n\t\t\t<\/dt>\n\t\t\t\t<dd class='wp-caption-text gallery-caption' id='gallery-1-2109'>\n\t\t\t\tVisita guiada 3\n\t\t\t\t<\/dd><\/dl><dl class='gallery-item'>\n\t\t\t<dt class='gallery-icon landscape'>\n\t\t\t\t<a href='https:\/\/sijenasi.com\/wp-content\/uploads\/2018\/03\/2018_02_24-2860-jys.jpg'><img loading=\"lazy\" decoding=\"async\" width=\"150\" height=\"150\" src=\"https:\/\/sijenasi.com\/wp-content\/uploads\/2018\/03\/2018_02_24-2860-jys-150x150.jpg\" class=\"attachment-thumbnail size-thumbnail\" alt=\"\" aria-describedby=\"gallery-1-2110\" \/><\/a>\n\t\t\t<\/dt>\n\t\t\t\t<dd class='wp-caption-text gallery-caption' id='gallery-1-2110'>\n\t\t\t\tDetalle de caja sepulcral\n\t\t\t\t<\/dd><\/dl><br style=\"clear: both\" \/><dl class='gallery-item'>\n\t\t\t<dt class='gallery-icon landscape'>\n\t\t\t\t<a href='https:\/\/sijenasi.com\/wp-content\/uploads\/2018\/03\/2018_02_24-2862-jys.jpg'><img loading=\"lazy\" decoding=\"async\" width=\"150\" height=\"150\" src=\"https:\/\/sijenasi.com\/wp-content\/uploads\/2018\/03\/2018_02_24-2862-jys-150x150.jpg\" class=\"attachment-thumbnail size-thumbnail\" alt=\"\" aria-describedby=\"gallery-1-2111\" \/><\/a>\n\t\t\t<\/dt>\n\t\t\t\t<dd class='wp-caption-text gallery-caption' id='gallery-1-2111'>\n\t\t\t\tVisita quiada 4\n\t\t\t\t<\/dd><\/dl><dl class='gallery-item'>\n\t\t\t<dt class='gallery-icon landscape'>\n\t\t\t\t<a href='https:\/\/sijenasi.com\/wp-content\/uploads\/2018\/03\/2018_02_24-2864-jys.jpg'><img loading=\"lazy\" decoding=\"async\" width=\"150\" height=\"150\" src=\"https:\/\/sijenasi.com\/wp-content\/uploads\/2018\/03\/2018_02_24-2864-jys-150x150.jpg\" class=\"attachment-thumbnail size-thumbnail\" alt=\"\" aria-describedby=\"gallery-1-2112\" \/><\/a>\n\t\t\t<\/dt>\n\t\t\t\t<dd class='wp-caption-text gallery-caption' id='gallery-1-2112'>\n\t\t\t\tTechumbre de los antiguos dormitorios\n\t\t\t\t<\/dd><\/dl><dl class='gallery-item'>\n\t\t\t<dt class='gallery-icon portrait'>\n\t\t\t\t<a href='https:\/\/sijenasi.com\/wp-content\/uploads\/2018\/03\/2018_02_24-2865-jys.jpg'><img loading=\"lazy\" decoding=\"async\" width=\"150\" height=\"150\" src=\"https:\/\/sijenasi.com\/wp-content\/uploads\/2018\/03\/2018_02_24-2865-jys-150x150.jpg\" class=\"attachment-thumbnail size-thumbnail\" alt=\"\" aria-describedby=\"gallery-1-2113\" \/><\/a>\n\t\t\t<\/dt>\n\t\t\t\t<dd class='wp-caption-text gallery-caption' id='gallery-1-2113'>\n\t\t\t\tDetalle her\u00e1ldico\n\t\t\t\t<\/dd><\/dl><br style=\"clear: both\" \/><dl class='gallery-item'>\n\t\t\t<dt class='gallery-icon landscape'>\n\t\t\t\t<a href='https:\/\/sijenasi.com\/wp-content\/uploads\/2018\/03\/2018_02_24-2867-jys.jpg'><img loading=\"lazy\" decoding=\"async\" width=\"150\" height=\"150\" src=\"https:\/\/sijenasi.com\/wp-content\/uploads\/2018\/03\/2018_02_24-2867-jys-150x150.jpg\" class=\"attachment-thumbnail size-thumbnail\" alt=\"\" aria-describedby=\"gallery-1-2114\" \/><\/a>\n\t\t\t<\/dt>\n\t\t\t\t<dd class='wp-caption-text gallery-caption' id='gallery-1-2114'>\n\t\t\t\tEspacio expositivo\n\t\t\t\t<\/dd><\/dl><dl class='gallery-item'>\n\t\t\t<dt class='gallery-icon landscape'>\n\t\t\t\t<a href='https:\/\/sijenasi.com\/wp-content\/uploads\/2018\/03\/2018_02_24-2870-jys.jpg'><img loading=\"lazy\" decoding=\"async\" width=\"150\" height=\"150\" src=\"https:\/\/sijenasi.com\/wp-content\/uploads\/2018\/03\/2018_02_24-2870-jys-150x150.jpg\" class=\"attachment-thumbnail size-thumbnail\" alt=\"\" aria-describedby=\"gallery-1-2115\" \/><\/a>\n\t\t\t<\/dt>\n\t\t\t\t<dd class='wp-caption-text gallery-caption' id='gallery-1-2115'>\n\t\t\t\tPinturas 1\n\t\t\t\t<\/dd><\/dl><dl class='gallery-item'>\n\t\t\t<dt class='gallery-icon portrait'>\n\t\t\t\t<a href='https:\/\/sijenasi.com\/wp-content\/uploads\/2018\/03\/2018_02_24-2871-jys.jpg'><img loading=\"lazy\" decoding=\"async\" width=\"150\" height=\"150\" src=\"https:\/\/sijenasi.com\/wp-content\/uploads\/2018\/03\/2018_02_24-2871-jys-150x150.jpg\" class=\"attachment-thumbnail size-thumbnail\" alt=\"\" aria-describedby=\"gallery-1-2116\" \/><\/a>\n\t\t\t<\/dt>\n\t\t\t\t<dd class='wp-caption-text gallery-caption' id='gallery-1-2116'>\n\t\t\t\tPintura de Dulce de Arag\u00f3n\n\t\t\t\t<\/dd><\/dl><br style=\"clear: both\" \/><dl class='gallery-item'>\n\t\t\t<dt class='gallery-icon landscape'>\n\t\t\t\t<a href='https:\/\/sijenasi.com\/wp-content\/uploads\/2018\/03\/2018_02_24-2872-jys.jpg'><img loading=\"lazy\" decoding=\"async\" width=\"150\" height=\"150\" src=\"https:\/\/sijenasi.com\/wp-content\/uploads\/2018\/03\/2018_02_24-2872-jys-150x150.jpg\" class=\"attachment-thumbnail size-thumbnail\" alt=\"\" aria-describedby=\"gallery-1-2117\" \/><\/a>\n\t\t\t<\/dt>\n\t\t\t\t<dd class='wp-caption-text gallery-caption' id='gallery-1-2117'>\n\t\t\t\tDetalle de un misal\n\t\t\t\t<\/dd><\/dl><dl class='gallery-item'>\n\t\t\t<dt class='gallery-icon landscape'>\n\t\t\t\t<a href='https:\/\/sijenasi.com\/wp-content\/uploads\/2018\/03\/2018_02_24-2874-jys.jpg'><img loading=\"lazy\" decoding=\"async\" width=\"150\" height=\"150\" src=\"https:\/\/sijenasi.com\/wp-content\/uploads\/2018\/03\/2018_02_24-2874-jys-150x150.jpg\" class=\"attachment-thumbnail size-thumbnail\" alt=\"\" aria-describedby=\"gallery-1-2118\" \/><\/a>\n\t\t\t<\/dt>\n\t\t\t\t<dd class='wp-caption-text gallery-caption' id='gallery-1-2118'>\n\t\t\t\tVisita guiada 5\n\t\t\t\t<\/dd><\/dl><dl class='gallery-item'>\n\t\t\t<dt class='gallery-icon landscape'>\n\t\t\t\t<a href='https:\/\/sijenasi.com\/wp-content\/uploads\/2018\/03\/2018_02_24-2877-jys.jpg'><img loading=\"lazy\" decoding=\"async\" width=\"150\" height=\"150\" src=\"https:\/\/sijenasi.com\/wp-content\/uploads\/2018\/03\/2018_02_24-2877-jys-150x150.jpg\" class=\"attachment-thumbnail size-thumbnail\" alt=\"\" aria-describedby=\"gallery-1-2119\" \/><\/a>\n\t\t\t<\/dt>\n\t\t\t\t<dd class='wp-caption-text gallery-caption' id='gallery-1-2119'>\n\t\t\t\tDetalle de mosaicos\n\t\t\t\t<\/dd><\/dl><br style=\"clear: both\" \/><dl class='gallery-item'>\n\t\t\t<dt class='gallery-icon landscape'>\n\t\t\t\t<a href='https:\/\/sijenasi.com\/wp-content\/uploads\/2018\/03\/2018_02_24-2882-jys.jpg'><img loading=\"lazy\" decoding=\"async\" width=\"150\" height=\"150\" src=\"https:\/\/sijenasi.com\/wp-content\/uploads\/2018\/03\/2018_02_24-2882-jys-150x150.jpg\" class=\"attachment-thumbnail size-thumbnail\" alt=\"\" aria-describedby=\"gallery-1-2120\" \/><\/a>\n\t\t\t<\/dt>\n\t\t\t\t<dd class='wp-caption-text gallery-caption' id='gallery-1-2120'>\n\t\t\t\tDetalla de piezas de platos\n\t\t\t\t<\/dd><\/dl><dl class='gallery-item'>\n\t\t\t<dt class='gallery-icon landscape'>\n\t\t\t\t<a href='https:\/\/sijenasi.com\/wp-content\/uploads\/2018\/03\/2018_02_24-2884-jys.jpg'><img loading=\"lazy\" decoding=\"async\" width=\"150\" height=\"150\" src=\"https:\/\/sijenasi.com\/wp-content\/uploads\/2018\/03\/2018_02_24-2884-jys-150x150.jpg\" class=\"attachment-thumbnail size-thumbnail\" alt=\"\" aria-describedby=\"gallery-1-2121\" \/><\/a>\n\t\t\t<\/dt>\n\t\t\t\t<dd class='wp-caption-text gallery-caption' id='gallery-1-2121'>\n\t\t\t\tVisita guiada 6\n\t\t\t\t<\/dd><\/dl><dl class='gallery-item'>\n\t\t\t<dt class='gallery-icon landscape'>\n\t\t\t\t<a href='https:\/\/sijenasi.com\/wp-content\/uploads\/2018\/03\/2018_02_24-2887-jys.jpg'><img loading=\"lazy\" decoding=\"async\" width=\"150\" height=\"150\" src=\"https:\/\/sijenasi.com\/wp-content\/uploads\/2018\/03\/2018_02_24-2887-jys-150x150.jpg\" class=\"attachment-thumbnail size-thumbnail\" alt=\"\" aria-describedby=\"gallery-1-2122\" \/><\/a>\n\t\t\t<\/dt>\n\t\t\t\t<dd class='wp-caption-text gallery-caption' id='gallery-1-2122'>\n\t\t\t\tEntrada a la exposici\u00f3n\n\t\t\t\t<\/dd><\/dl><br style=\"clear: both\" \/><dl class='gallery-item'>\n\t\t\t<dt class='gallery-icon landscape'>\n\t\t\t\t<a href='https:\/\/sijenasi.com\/wp-content\/uploads\/2018\/03\/2018_03_17-3199-jys.jpg'><img loading=\"lazy\" decoding=\"async\" width=\"150\" height=\"150\" src=\"https:\/\/sijenasi.com\/wp-content\/uploads\/2018\/03\/2018_03_17-3199-jys-150x150.jpg\" class=\"attachment-thumbnail size-thumbnail\" alt=\"\" aria-describedby=\"gallery-1-2123\" \/><\/a>\n\t\t\t<\/dt>\n\t\t\t\t<dd class='wp-caption-text gallery-caption' id='gallery-1-2123'>\n\t\t\t\tEntrada al monasterio\n\t\t\t\t<\/dd><\/dl><dl class='gallery-item'>\n\t\t\t<dt class='gallery-icon landscape'>\n\t\t\t\t<a href='https:\/\/sijenasi.com\/wp-content\/uploads\/2018\/03\/2018_03_17-3202-jys.jpg'><img loading=\"lazy\" decoding=\"async\" width=\"150\" height=\"150\" src=\"https:\/\/sijenasi.com\/wp-content\/uploads\/2018\/03\/2018_03_17-3202-jys-150x150.jpg\" class=\"attachment-thumbnail size-thumbnail\" alt=\"\" aria-describedby=\"gallery-1-2124\" \/><\/a>\n\t\t\t<\/dt>\n\t\t\t\t<dd class='wp-caption-text gallery-caption' id='gallery-1-2124'>\n\t\t\t\tPlataforma Sijena S\u00ed en Sijena\n\t\t\t\t<\/dd><\/dl><dl class='gallery-item'>\n\t\t\t<dt class='gallery-icon landscape'>\n\t\t\t\t<a href='https:\/\/sijenasi.com\/wp-content\/uploads\/2018\/03\/2018_03_17-3203-jys1.jpg'><img loading=\"lazy\" decoding=\"async\" width=\"150\" height=\"150\" src=\"https:\/\/sijenasi.com\/wp-content\/uploads\/2018\/03\/2018_03_17-3203-jys1-150x150.jpg\" class=\"attachment-thumbnail size-thumbnail\" alt=\"\" aria-describedby=\"gallery-1-2125\" \/><\/a>\n\t\t\t<\/dt>\n\t\t\t\t<dd class='wp-caption-text gallery-caption' id='gallery-1-2125'>\n\t\t\t\tPlataforma Sijena S\u00ed en Sijena 2\n\t\t\t\t<\/dd><\/dl><br style=\"clear: both\" \/><dl class='gallery-item'>\n\t\t\t<dt class='gallery-icon landscape'>\n\t\t\t\t<a href='https:\/\/sijenasi.com\/wp-content\/uploads\/2018\/03\/2018_03_17-3205-jys.jpg'><img loading=\"lazy\" decoding=\"async\" width=\"150\" height=\"150\" src=\"https:\/\/sijenasi.com\/wp-content\/uploads\/2018\/03\/2018_03_17-3205-jys-150x150.jpg\" class=\"attachment-thumbnail size-thumbnail\" alt=\"\" aria-describedby=\"gallery-1-2126\" \/><\/a>\n\t\t\t<\/dt>\n\t\t\t\t<dd class='wp-caption-text gallery-caption' id='gallery-1-2126'>\n\t\t\t\tVisita guiada al Monasterio\n\t\t\t\t<\/dd><\/dl><dl class='gallery-item'>\n\t\t\t<dt class='gallery-icon landscape'>\n\t\t\t\t<a href='https:\/\/sijenasi.com\/wp-content\/uploads\/2018\/03\/2018_03_17-3207-jys.jpg'><img loading=\"lazy\" decoding=\"async\" width=\"150\" height=\"150\" src=\"https:\/\/sijenasi.com\/wp-content\/uploads\/2018\/03\/2018_03_17-3207-jys-150x150.jpg\" class=\"attachment-thumbnail size-thumbnail\" alt=\"\" aria-describedby=\"gallery-1-2127\" \/><\/a>\n\t\t\t<\/dt>\n\t\t\t\t<dd class='wp-caption-text gallery-caption' id='gallery-1-2127'>\n\t\t\t\tPante\u00f3n real de Sijena\n\t\t\t\t<\/dd><\/dl><dl class='gallery-item'>\n\t\t\t<dt class='gallery-icon portrait'>\n\t\t\t\t<a href='https:\/\/sijenasi.com\/wp-content\/uploads\/2018\/03\/2018_03_17-3209-jys.jpg'><img loading=\"lazy\" decoding=\"async\" width=\"150\" height=\"150\" src=\"https:\/\/sijenasi.com\/wp-content\/uploads\/2018\/03\/2018_03_17-3209-jys-150x150.jpg\" class=\"attachment-thumbnail size-thumbnail\" alt=\"\" aria-describedby=\"gallery-1-2128\" \/><\/a>\n\t\t\t<\/dt>\n\t\t\t\t<dd class='wp-caption-text gallery-caption' id='gallery-1-2128'>\n\t\t\t\tPant\u00f3crator de Sijena (moderno)\n\t\t\t\t<\/dd><\/dl><br style=\"clear: both\" \/><dl class='gallery-item'>\n\t\t\t<dt class='gallery-icon portrait'>\n\t\t\t\t<a href='https:\/\/sijenasi.com\/wp-content\/uploads\/2018\/03\/2018_03_17-3211-jys.jpg'><img loading=\"lazy\" decoding=\"async\" width=\"150\" height=\"150\" src=\"https:\/\/sijenasi.com\/wp-content\/uploads\/2018\/03\/2018_03_17-3211-jys-150x150.jpg\" class=\"attachment-thumbnail size-thumbnail\" alt=\"\" aria-describedby=\"gallery-1-2129\" \/><\/a>\n\t\t\t<\/dt>\n\t\t\t\t<dd class='wp-caption-text gallery-caption' id='gallery-1-2129'>\n\t\t\t\tVirgen del Coro de Sijena\n\t\t\t\t<\/dd><\/dl><dl class='gallery-item'>\n\t\t\t<dt class='gallery-icon landscape'>\n\t\t\t\t<a href='https:\/\/sijenasi.com\/wp-content\/uploads\/2018\/03\/2018_03_17-3213-jys.jpg'><img loading=\"lazy\" decoding=\"async\" width=\"150\" height=\"150\" src=\"https:\/\/sijenasi.com\/wp-content\/uploads\/2018\/03\/2018_03_17-3213-jys-150x150.jpg\" class=\"attachment-thumbnail size-thumbnail\" alt=\"\" aria-describedby=\"gallery-1-2130\" \/><\/a>\n\t\t\t<\/dt>\n\t\t\t\t<dd class='wp-caption-text gallery-caption' id='gallery-1-2130'>\n\t\t\t\tIglesia de Sijena 2\n\t\t\t\t<\/dd><\/dl><dl class='gallery-item'>\n\t\t\t<dt class='gallery-icon landscape'>\n\t\t\t\t<a href='https:\/\/sijenasi.com\/wp-content\/uploads\/2018\/03\/2018_03_17-3214-jys.jpg'><img loading=\"lazy\" decoding=\"async\" width=\"150\" height=\"150\" src=\"https:\/\/sijenasi.com\/wp-content\/uploads\/2018\/03\/2018_03_17-3214-jys-150x150.jpg\" class=\"attachment-thumbnail size-thumbnail\" alt=\"\" aria-describedby=\"gallery-1-2131\" \/><\/a>\n\t\t\t<\/dt>\n\t\t\t\t<dd class='wp-caption-text gallery-caption' id='gallery-1-2131'>\n\t\t\t\tPante\u00f3n real 2\n\t\t\t\t<\/dd><\/dl><br style=\"clear: both\" \/><dl class='gallery-item'>\n\t\t\t<dt class='gallery-icon landscape'>\n\t\t\t\t<a href='https:\/\/sijenasi.com\/wp-content\/uploads\/2018\/03\/2018_03_17-3215-jys.jpg'><img loading=\"lazy\" decoding=\"async\" width=\"150\" height=\"150\" src=\"https:\/\/sijenasi.com\/wp-content\/uploads\/2018\/03\/2018_03_17-3215-jys-150x150.jpg\" class=\"attachment-thumbnail size-thumbnail\" alt=\"\" aria-describedby=\"gallery-1-2132\" \/><\/a>\n\t\t\t<\/dt>\n\t\t\t\t<dd class='wp-caption-text gallery-caption' id='gallery-1-2132'>\n\t\t\t\tPante\u00f3n real 3\n\t\t\t\t<\/dd><\/dl><dl class='gallery-item'>\n\t\t\t<dt class='gallery-icon landscape'>\n\t\t\t\t<a href='https:\/\/sijenasi.com\/wp-content\/uploads\/2018\/03\/2018_03_17-3217-jys.jpg'><img loading=\"lazy\" decoding=\"async\" width=\"150\" height=\"150\" src=\"https:\/\/sijenasi.com\/wp-content\/uploads\/2018\/03\/2018_03_17-3217-jys-150x150.jpg\" class=\"attachment-thumbnail size-thumbnail\" alt=\"\" aria-describedby=\"gallery-1-2133\" \/><\/a>\n\t\t\t<\/dt>\n\t\t\t\t<dd class='wp-caption-text gallery-caption' id='gallery-1-2133'>\n\t\t\t\tPante\u00f3n real 4\n\t\t\t\t<\/dd><\/dl><dl class='gallery-item'>\n\t\t\t<dt class='gallery-icon landscape'>\n\t\t\t\t<a href='https:\/\/sijenasi.com\/wp-content\/uploads\/2018\/03\/2018_03_17-3218-jys.jpg'><img loading=\"lazy\" decoding=\"async\" width=\"150\" height=\"150\" src=\"https:\/\/sijenasi.com\/wp-content\/uploads\/2018\/03\/2018_03_17-3218-jys-150x150.jpg\" class=\"attachment-thumbnail size-thumbnail\" alt=\"\" aria-describedby=\"gallery-1-2134\" \/><\/a>\n\t\t\t<\/dt>\n\t\t\t\t<dd class='wp-caption-text gallery-caption' id='gallery-1-2134'>\n\t\t\t\tImagen de descendimiento de Cristo\n\t\t\t\t<\/dd><\/dl><br style=\"clear: both\" \/><dl class='gallery-item'>\n\t\t\t<dt class='gallery-icon portrait'>\n\t\t\t\t<a href='https:\/\/sijenasi.com\/wp-content\/uploads\/2018\/03\/2018_03_17-3219-jys.jpg'><img loading=\"lazy\" decoding=\"async\" width=\"150\" height=\"150\" src=\"https:\/\/sijenasi.com\/wp-content\/uploads\/2018\/03\/2018_03_17-3219-jys-150x150.jpg\" class=\"attachment-thumbnail size-thumbnail\" alt=\"\" aria-describedby=\"gallery-1-2135\" \/><\/a>\n\t\t\t<\/dt>\n\t\t\t\t<dd class='wp-caption-text gallery-caption' id='gallery-1-2135'>\n\t\t\t\tIglesia de Sijena 3\n\t\t\t\t<\/dd><\/dl><dl class='gallery-item'>\n\t\t\t<dt class='gallery-icon portrait'>\n\t\t\t\t<a href='https:\/\/sijenasi.com\/wp-content\/uploads\/2018\/03\/2018_03_17-3221-jys.jpg'><img loading=\"lazy\" decoding=\"async\" width=\"150\" height=\"150\" src=\"https:\/\/sijenasi.com\/wp-content\/uploads\/2018\/03\/2018_03_17-3221-jys-150x150.jpg\" class=\"attachment-thumbnail size-thumbnail\" alt=\"\" aria-describedby=\"gallery-1-2136\" \/><\/a>\n\t\t\t<\/dt>\n\t\t\t\t<dd class='wp-caption-text gallery-caption' id='gallery-1-2136'>\n\t\t\t\tVirgen del Coro de Sijena 2\n\t\t\t\t<\/dd><\/dl><dl class='gallery-item'>\n\t\t\t<dt class='gallery-icon landscape'>\n\t\t\t\t<a href='https:\/\/sijenasi.com\/wp-content\/uploads\/2018\/03\/2018_03_17-3222-jys.jpg'><img loading=\"lazy\" decoding=\"async\" width=\"150\" height=\"150\" src=\"https:\/\/sijenasi.com\/wp-content\/uploads\/2018\/03\/2018_03_17-3222-jys-150x150.jpg\" class=\"attachment-thumbnail size-thumbnail\" alt=\"\" aria-describedby=\"gallery-1-2137\" \/><\/a>\n\t\t\t<\/dt>\n\t\t\t\t<dd class='wp-caption-text gallery-caption' id='gallery-1-2137'>\n\t\t\t\tPinturas de los Reyes Magos de Sijena\n\t\t\t\t<\/dd><\/dl><br style=\"clear: both\" \/><dl class='gallery-item'>\n\t\t\t<dt class='gallery-icon landscape'>\n\t\t\t\t<a href='https:\/\/sijenasi.com\/wp-content\/uploads\/2018\/03\/2018_03_17-3229-jys.jpg'><img loading=\"lazy\" decoding=\"async\" width=\"150\" height=\"150\" src=\"https:\/\/sijenasi.com\/wp-content\/uploads\/2018\/03\/2018_03_17-3229-jys-150x150.jpg\" class=\"attachment-thumbnail size-thumbnail\" alt=\"\" aria-describedby=\"gallery-1-2138\" \/><\/a>\n\t\t\t<\/dt>\n\t\t\t\t<dd class='wp-caption-text gallery-caption' id='gallery-1-2138'>\n\t\t\t\tIglesia de Sijena 4\n\t\t\t\t<\/dd><\/dl><dl class='gallery-item'>\n\t\t\t<dt class='gallery-icon landscape'>\n\t\t\t\t<a href='https:\/\/sijenasi.com\/wp-content\/uploads\/2018\/03\/2018_03_17-3230-jys.jpg'><img loading=\"lazy\" decoding=\"async\" width=\"150\" height=\"150\" src=\"https:\/\/sijenasi.com\/wp-content\/uploads\/2018\/03\/2018_03_17-3230-jys-150x150.jpg\" class=\"attachment-thumbnail size-thumbnail\" alt=\"\" aria-describedby=\"gallery-1-2139\" \/><\/a>\n\t\t\t<\/dt>\n\t\t\t\t<dd class='wp-caption-text gallery-caption' id='gallery-1-2139'>\n\t\t\t\tIglesia de Sijena 5\n\t\t\t\t<\/dd><\/dl><dl class='gallery-item'>\n\t\t\t<dt class='gallery-icon landscape'>\n\t\t\t\t<a href='https:\/\/sijenasi.com\/wp-content\/uploads\/2018\/03\/2018_03_17-3232-jys.jpg'><img loading=\"lazy\" decoding=\"async\" width=\"150\" height=\"150\" src=\"https:\/\/sijenasi.com\/wp-content\/uploads\/2018\/03\/2018_03_17-3232-jys-150x150.jpg\" class=\"attachment-thumbnail size-thumbnail\" alt=\"\" aria-describedby=\"gallery-1-2140\" \/><\/a>\n\t\t\t<\/dt>\n\t\t\t\t<dd class='wp-caption-text gallery-caption' id='gallery-1-2140'>\n\t\t\t\tIglesia de Sijena 6\n\t\t\t\t<\/dd><\/dl><br style=\"clear: both\" \/><dl class='gallery-item'>\n\t\t\t<dt class='gallery-icon landscape'>\n\t\t\t\t<a href='https:\/\/sijenasi.com\/wp-content\/uploads\/2018\/03\/2018_03_17-3233-jys.jpg'><img loading=\"lazy\" decoding=\"async\" width=\"150\" height=\"150\" src=\"https:\/\/sijenasi.com\/wp-content\/uploads\/2018\/03\/2018_03_17-3233-jys-150x150.jpg\" class=\"attachment-thumbnail size-thumbnail\" alt=\"\" aria-describedby=\"gallery-1-2141\" \/><\/a>\n\t\t\t<\/dt>\n\t\t\t\t<dd class='wp-caption-text gallery-caption' id='gallery-1-2141'>\n\t\t\t\tIglesia de Sijena 7\n\t\t\t\t<\/dd><\/dl><dl class='gallery-item'>\n\t\t\t<dt class='gallery-icon landscape'>\n\t\t\t\t<a href='https:\/\/sijenasi.com\/wp-content\/uploads\/2018\/03\/2018_03_17-3238-jys.jpg'><img loading=\"lazy\" decoding=\"async\" width=\"150\" height=\"150\" src=\"https:\/\/sijenasi.com\/wp-content\/uploads\/2018\/03\/2018_03_17-3238-jys-150x150.jpg\" class=\"attachment-thumbnail size-thumbnail\" alt=\"\" aria-describedby=\"gallery-1-2142\" \/><\/a>\n\t\t\t<\/dt>\n\t\t\t\t<dd class='wp-caption-text gallery-caption' id='gallery-1-2142'>\n\t\t\t\tPintura de la sala capitular\n\t\t\t\t<\/dd><\/dl><dl class='gallery-item'>\n\t\t\t<dt class='gallery-icon landscape'>\n\t\t\t\t<a href='https:\/\/sijenasi.com\/wp-content\/uploads\/2018\/03\/2018_03_17-3240-jys.jpg'><img loading=\"lazy\" decoding=\"async\" width=\"150\" height=\"150\" src=\"https:\/\/sijenasi.com\/wp-content\/uploads\/2018\/03\/2018_03_17-3240-jys-150x150.jpg\" class=\"attachment-thumbnail size-thumbnail\" alt=\"\" aria-describedby=\"gallery-1-2143\" \/><\/a>\n\t\t\t<\/dt>\n\t\t\t\t<dd class='wp-caption-text gallery-caption' id='gallery-1-2143'>\n\t\t\t\tSala Capitular\n\t\t\t\t<\/dd><\/dl><br style=\"clear: both\" \/><dl class='gallery-item'>\n\t\t\t<dt class='gallery-icon landscape'>\n\t\t\t\t<a href='https:\/\/sijenasi.com\/wp-content\/uploads\/2018\/03\/2018_03_17-3244-jys.jpg'><img loading=\"lazy\" decoding=\"async\" width=\"150\" height=\"150\" src=\"https:\/\/sijenasi.com\/wp-content\/uploads\/2018\/03\/2018_03_17-3244-jys-150x150.jpg\" class=\"attachment-thumbnail size-thumbnail\" alt=\"\" aria-describedby=\"gallery-1-2144\" \/><\/a>\n\t\t\t<\/dt>\n\t\t\t\t<dd class='wp-caption-text gallery-caption' id='gallery-1-2144'>\n\t\t\t\tSala Capitular 2\n\t\t\t\t<\/dd><\/dl><dl class='gallery-item'>\n\t\t\t<dt class='gallery-icon landscape'>\n\t\t\t\t<a href='https:\/\/sijenasi.com\/wp-content\/uploads\/2018\/03\/2018_03_17-3245-jys.jpg'><img loading=\"lazy\" decoding=\"async\" width=\"150\" height=\"150\" src=\"https:\/\/sijenasi.com\/wp-content\/uploads\/2018\/03\/2018_03_17-3245-jys-150x150.jpg\" class=\"attachment-thumbnail size-thumbnail\" alt=\"\" aria-describedby=\"gallery-1-2145\" \/><\/a>\n\t\t\t<\/dt>\n\t\t\t\t<dd class='wp-caption-text gallery-caption' id='gallery-1-2145'>\n\t\t\t\tCapilla de las Hermanas de Bel\u00e9n 3\n\t\t\t\t<\/dd><\/dl><dl class='gallery-item'>\n\t\t\t<dt class='gallery-icon landscape'>\n\t\t\t\t<a href='https:\/\/sijenasi.com\/wp-content\/uploads\/2018\/03\/2018_03_17-3247-jys.jpg'><img loading=\"lazy\" decoding=\"async\" width=\"150\" height=\"150\" src=\"https:\/\/sijenasi.com\/wp-content\/uploads\/2018\/03\/2018_03_17-3247-jys-150x150.jpg\" class=\"attachment-thumbnail size-thumbnail\" alt=\"\" aria-describedby=\"gallery-1-2146\" \/><\/a>\n\t\t\t<\/dt>\n\t\t\t\t<dd class='wp-caption-text gallery-caption' id='gallery-1-2146'>\n\t\t\t\tCapilla de las Hermanas de Bel\u00e9n 4\n\t\t\t\t<\/dd><\/dl><br style=\"clear: both\" \/><dl class='gallery-item'>\n\t\t\t<dt class='gallery-icon landscape'>\n\t\t\t\t<a href='https:\/\/sijenasi.com\/wp-content\/uploads\/2018\/03\/2018_03_17-3250-jys.jpg'><img loading=\"lazy\" decoding=\"async\" width=\"150\" height=\"150\" src=\"https:\/\/sijenasi.com\/wp-content\/uploads\/2018\/03\/2018_03_17-3250-jys-150x150.jpg\" class=\"attachment-thumbnail size-thumbnail\" alt=\"\" aria-describedby=\"gallery-1-2147\" \/><\/a>\n\t\t\t<\/dt>\n\t\t\t\t<dd class='wp-caption-text gallery-caption' id='gallery-1-2147'>\n\t\t\t\tVista guiada 10\n\t\t\t\t<\/dd><\/dl><dl class='gallery-item'>\n\t\t\t<dt class='gallery-icon landscape'>\n\t\t\t\t<a href='https:\/\/sijenasi.com\/wp-content\/uploads\/2018\/03\/2018_03_17-3252-jys.jpg'><img loading=\"lazy\" decoding=\"async\" width=\"150\" height=\"150\" src=\"https:\/\/sijenasi.com\/wp-content\/uploads\/2018\/03\/2018_03_17-3252-jys-150x150.jpg\" class=\"attachment-thumbnail size-thumbnail\" alt=\"\" aria-describedby=\"gallery-1-2148\" \/><\/a>\n\t\t\t<\/dt>\n\t\t\t\t<dd class='wp-caption-text gallery-caption' id='gallery-1-2148'>\n\t\t\t\tDetalle de caja sepulcral\n\t\t\t\t<\/dd><\/dl><dl class='gallery-item'>\n\t\t\t<dt class='gallery-icon landscape'>\n\t\t\t\t<a href='https:\/\/sijenasi.com\/wp-content\/uploads\/2018\/03\/2018_03_17-3254-jys.jpg'><img loading=\"lazy\" decoding=\"async\" width=\"150\" height=\"150\" src=\"https:\/\/sijenasi.com\/wp-content\/uploads\/2018\/03\/2018_03_17-3254-jys-150x150.jpg\" class=\"attachment-thumbnail size-thumbnail\" alt=\"\" aria-describedby=\"gallery-1-2149\" \/><\/a>\n\t\t\t<\/dt>\n\t\t\t\t<dd class='wp-caption-text gallery-caption' id='gallery-1-2149'>\n\t\t\t\tAldaba de puerta con remaches\n\t\t\t\t<\/dd><\/dl><br style=\"clear: both\" \/><dl class='gallery-item'>\n\t\t\t<dt class='gallery-icon landscape'>\n\t\t\t\t<a href='https:\/\/sijenasi.com\/wp-content\/uploads\/2018\/03\/2018_03_17-3255-jys.jpg'><img loading=\"lazy\" decoding=\"async\" width=\"150\" height=\"150\" src=\"https:\/\/sijenasi.com\/wp-content\/uploads\/2018\/03\/2018_03_17-3255-jys-150x150.jpg\" class=\"attachment-thumbnail size-thumbnail\" alt=\"\" aria-describedby=\"gallery-1-2150\" \/><\/a>\n\t\t\t<\/dt>\n\t\t\t\t<dd class='wp-caption-text gallery-caption' id='gallery-1-2150'>\n\t\t\t\tSala expositiva de Sijena 2\n\t\t\t\t<\/dd><\/dl><dl class='gallery-item'>\n\t\t\t<dt class='gallery-icon landscape'>\n\t\t\t\t<a href='https:\/\/sijenasi.com\/wp-content\/uploads\/2018\/03\/2018_03_17-3258-jys.jpg'><img loading=\"lazy\" decoding=\"async\" width=\"150\" height=\"150\" src=\"https:\/\/sijenasi.com\/wp-content\/uploads\/2018\/03\/2018_03_17-3258-jys-150x150.jpg\" class=\"attachment-thumbnail size-thumbnail\" alt=\"\" aria-describedby=\"gallery-1-2151\" \/><\/a>\n\t\t\t<\/dt>\n\t\t\t\t<dd class='wp-caption-text gallery-caption' id='gallery-1-2151'>\n\t\t\t\tDetalle enterramiento de Cristo\n\t\t\t\t<\/dd><\/dl><dl class='gallery-item'>\n\t\t\t<dt class='gallery-icon landscape'>\n\t\t\t\t<a href='https:\/\/sijenasi.com\/wp-content\/uploads\/2018\/03\/2018_03_17-3259-jys.jpg'><img loading=\"lazy\" decoding=\"async\" width=\"150\" height=\"150\" src=\"https:\/\/sijenasi.com\/wp-content\/uploads\/2018\/03\/2018_03_17-3259-jys-150x150.jpg\" class=\"attachment-thumbnail size-thumbnail\" alt=\"\" aria-describedby=\"gallery-1-2152\" \/><\/a>\n\t\t\t<\/dt>\n\t\t\t\t<dd class='wp-caption-text gallery-caption' id='gallery-1-2152'>\n\t\t\t\tDetalle \n\t\t\t\t<\/dd><\/dl><br style=\"clear: both\" \/><dl class='gallery-item'>\n\t\t\t<dt class='gallery-icon landscape'>\n\t\t\t\t<a href='https:\/\/sijenasi.com\/wp-content\/uploads\/2018\/03\/2018_03_17-3261-jys.jpg'><img loading=\"lazy\" decoding=\"async\" width=\"150\" height=\"150\" src=\"https:\/\/sijenasi.com\/wp-content\/uploads\/2018\/03\/2018_03_17-3261-jys-150x150.jpg\" class=\"attachment-thumbnail size-thumbnail\" alt=\"\" aria-describedby=\"gallery-1-2153\" \/><\/a>\n\t\t\t<\/dt>\n\t\t\t\t<dd class='wp-caption-text gallery-caption' id='gallery-1-2153'>\n\t\t\t\tDetalle infancia de Cristo\n\t\t\t\t<\/dd><\/dl><dl class='gallery-item'>\n\t\t\t<dt class='gallery-icon landscape'>\n\t\t\t\t<a href='https:\/\/sijenasi.com\/wp-content\/uploads\/2018\/03\/2018_03_17-3263-jys.jpg'><img loading=\"lazy\" decoding=\"async\" width=\"150\" height=\"150\" src=\"https:\/\/sijenasi.com\/wp-content\/uploads\/2018\/03\/2018_03_17-3263-jys-150x150.jpg\" class=\"attachment-thumbnail size-thumbnail\" alt=\"\" aria-describedby=\"gallery-1-2154\" \/><\/a>\n\t\t\t<\/dt>\n\t\t\t\t<dd class='wp-caption-text gallery-caption' id='gallery-1-2154'>\n\t\t\t\tDetalla caja fuerte de los Documentos de Sijena\n\t\t\t\t<\/dd><\/dl><dl class='gallery-item'>\n\t\t\t<dt class='gallery-icon portrait'>\n\t\t\t\t<a href='https:\/\/sijenasi.com\/wp-content\/uploads\/2018\/03\/2018_03_17-3267-jys.jpg'><img loading=\"lazy\" decoding=\"async\" width=\"150\" height=\"150\" src=\"https:\/\/sijenasi.com\/wp-content\/uploads\/2018\/03\/2018_03_17-3267-jys-150x150.jpg\" class=\"attachment-thumbnail size-thumbnail\" alt=\"\" aria-describedby=\"gallery-1-2155\" \/><\/a>\n\t\t\t<\/dt>\n\t\t\t\t<dd class='wp-caption-text gallery-caption' id='gallery-1-2155'>\n\t\t\t\tDo\u00f1a Dulce &#8211; Sijena\n\t\t\t\t<\/dd><\/dl><br style=\"clear: both\" \/><dl class='gallery-item'>\n\t\t\t<dt class='gallery-icon landscape'>\n\t\t\t\t<a href='https:\/\/sijenasi.com\/wp-content\/uploads\/2018\/03\/2018_03_17-3270-jys.jpg'><img loading=\"lazy\" decoding=\"async\" width=\"150\" height=\"150\" src=\"https:\/\/sijenasi.com\/wp-content\/uploads\/2018\/03\/2018_03_17-3270-jys-150x150.jpg\" class=\"attachment-thumbnail size-thumbnail\" alt=\"\" aria-describedby=\"gallery-1-2156\" \/><\/a>\n\t\t\t<\/dt>\n\t\t\t\t<dd class='wp-caption-text gallery-caption' id='gallery-1-2156'>\n\t\t\t\tMaestro de Sijena 1\n\t\t\t\t<\/dd><\/dl><dl class='gallery-item'>\n\t\t\t<dt class='gallery-icon landscape'>\n\t\t\t\t<a href='https:\/\/sijenasi.com\/wp-content\/uploads\/2018\/03\/2018_03_17-3271-jys.jpg'><img loading=\"lazy\" decoding=\"async\" width=\"150\" height=\"150\" src=\"https:\/\/sijenasi.com\/wp-content\/uploads\/2018\/03\/2018_03_17-3271-jys-150x150.jpg\" class=\"attachment-thumbnail size-thumbnail\" alt=\"\" aria-describedby=\"gallery-1-2157\" \/><\/a>\n\t\t\t<\/dt>\n\t\t\t\t<dd class='wp-caption-text gallery-caption' id='gallery-1-2157'>\n\t\t\t\tMaestro de Sijena 2\n\t\t\t\t<\/dd><\/dl><dl class='gallery-item'>\n\t\t\t<dt class='gallery-icon landscape'>\n\t\t\t\t<a href='https:\/\/sijenasi.com\/wp-content\/uploads\/2018\/03\/2018_03_17-3272-jys.jpg'><img loading=\"lazy\" decoding=\"async\" width=\"150\" height=\"150\" src=\"https:\/\/sijenasi.com\/wp-content\/uploads\/2018\/03\/2018_03_17-3272-jys-150x150.jpg\" class=\"attachment-thumbnail size-thumbnail\" alt=\"\" aria-describedby=\"gallery-1-2158\" \/><\/a>\n\t\t\t<\/dt>\n\t\t\t\t<dd class='wp-caption-text gallery-caption' id='gallery-1-2158'>\n\t\t\t\tMaestro de Sijena 3\n\t\t\t\t<\/dd><\/dl><br style=\"clear: both\" \/><dl class='gallery-item'>\n\t\t\t<dt class='gallery-icon landscape'>\n\t\t\t\t<a href='https:\/\/sijenasi.com\/wp-content\/uploads\/2018\/03\/2018_03_17-3273-jys.jpg'><img loading=\"lazy\" decoding=\"async\" width=\"150\" height=\"150\" src=\"https:\/\/sijenasi.com\/wp-content\/uploads\/2018\/03\/2018_03_17-3273-jys-150x150.jpg\" class=\"attachment-thumbnail size-thumbnail\" alt=\"\" aria-describedby=\"gallery-1-2159\" \/><\/a>\n\t\t\t<\/dt>\n\t\t\t\t<dd class='wp-caption-text gallery-caption' id='gallery-1-2159'>\n\t\t\t\tMaestro de Sijena 4\n\t\t\t\t<\/dd><\/dl><dl class='gallery-item'>\n\t\t\t<dt class='gallery-icon landscape'>\n\t\t\t\t<a href='https:\/\/sijenasi.com\/wp-content\/uploads\/2018\/03\/2018_03_17-3275-jys.jpg'><img loading=\"lazy\" decoding=\"async\" width=\"150\" height=\"150\" src=\"https:\/\/sijenasi.com\/wp-content\/uploads\/2018\/03\/2018_03_17-3275-jys-150x150.jpg\" class=\"attachment-thumbnail size-thumbnail\" alt=\"\" aria-describedby=\"gallery-1-2160\" \/><\/a>\n\t\t\t<\/dt>\n\t\t\t\t<dd class='wp-caption-text gallery-caption' id='gallery-1-2160'>\n\t\t\t\tSala Expositiva 5\n\t\t\t\t<\/dd><\/dl><dl class='gallery-item'>\n\t\t\t<dt class='gallery-icon landscape'>\n\t\t\t\t<a href='https:\/\/sijenasi.com\/wp-content\/uploads\/2018\/03\/2018_03_17-3277-jys.jpg'><img loading=\"lazy\" decoding=\"async\" width=\"150\" height=\"150\" src=\"https:\/\/sijenasi.com\/wp-content\/uploads\/2018\/03\/2018_03_17-3277-jys-150x150.jpg\" class=\"attachment-thumbnail size-thumbnail\" alt=\"\" aria-describedby=\"gallery-1-2161\" \/><\/a>\n\t\t\t<\/dt>\n\t\t\t\t<dd class='wp-caption-text gallery-caption' id='gallery-1-2161'>\n\t\t\t\tPlataforma Sijena S\u00ed en la Sala Expositiva de Sijena\n\t\t\t\t<\/dd><\/dl><br style=\"clear: both\" \/>\n\t\t<\/div>\n\n","protected":false},"excerpt":{"rendered":"<p>El pasado 23 de febrero qued\u00f3 abierta la sala expositiva que la DGA ha habilitado en los antiguos dormitorios del Monasterio de Sijena para mostrar las piezas que regresaron de Catalu\u00f1a en los dos \u00faltimos a\u00f1os. Es un hecho del que nos sentimos orgullosos y al que humildemente hemos aportado nuestro granito de arena. Al [&hellip;]<\/p>\n","protected":false},"author":2,"featured_media":2095,"comment_status":"open","ping_status":"open","sticky":false,"template":"","format":"standard","meta":{"ngg_post_thumbnail":0,"_jetpack_memberships_contains_paid_content":false,"footnotes":""},"categories":[2,27,51],"tags":[174,198,229,304,308,357,398,413],"class_list":["post-2094","post","type-post","status-publish","format-standard","hentry","category-acciones","category-plataforma-sijena-si","category-visita","tag-dga","tag-exposicion","tag-hermanas-de-belen","tag-monasterio-de-sijena","tag-monestir-de-sixena","tag-plataforma","tag-sala-capitular","tag-sijena-si"],"jetpack_featured_media_url":"https:\/\/sijenasi.com\/wp-content\/uploads\/2018\/03\/2018_03_17-3203-jys.jpg","jetpack_sharing_enabled":true,"_links":{"self":[{"href":"https:\/\/sijenasi.com\/index.php\/wp-json\/wp\/v2\/posts\/2094","targetHints":{"allow":["GET"]}}],"collection":[{"href":"https:\/\/sijenasi.com\/index.php\/wp-json\/wp\/v2\/posts"}],"about":[{"href":"https:\/\/sijenasi.com\/index.php\/wp-json\/wp\/v2\/types\/post"}],"author":[{"embeddable":true,"href":"https:\/\/sijenasi.com\/index.php\/wp-json\/wp\/v2\/users\/2"}],"replies":[{"embeddable":true,"href":"https:\/\/sijenasi.com\/index.php\/wp-json\/wp\/v2\/comments?post=2094"}],"version-history":[{"count":0,"href":"https:\/\/sijenasi.com\/index.php\/wp-json\/wp\/v2\/posts\/2094\/revisions"}],"wp:featuredmedia":[{"embeddable":true,"href":"https:\/\/sijenasi.com\/index.php\/wp-json\/wp\/v2\/media\/2095"}],"wp:attachment":[{"href":"https:\/\/sijenasi.com\/index.php\/wp-json\/wp\/v2\/media?parent=2094"}],"wp:term":[{"taxonomy":"category","embeddable":true,"href":"https:\/\/sijenasi.com\/index.php\/wp-json\/wp\/v2\/categories?post=2094"},{"taxonomy":"post_tag","embeddable":true,"href":"https:\/\/sijenasi.com\/index.php\/wp-json\/wp\/v2\/tags?post=2094"}],"curies":[{"name":"wp","href":"https:\/\/api.w.org\/{rel}","templated":true}]}}