{"id":2091,"date":"2018-03-12T00:26:39","date_gmt":"2018-03-11T22:26:39","guid":{"rendered":"http:\/\/sijenasi.com\/?p=2091"},"modified":"2018-03-12T00:26:39","modified_gmt":"2018-03-11T22:26:39","slug":"nos-alegra-la-vuelta-de-las-obras-y-todo-lo-que-sea-para-el-bien-de-sijena","status":"publish","type":"post","link":"https:\/\/sijenasi.com\/index.php\/2018\/03\/12\/nos-alegra-la-vuelta-de-las-obras-y-todo-lo-que-sea-para-el-bien-de-sijena\/","title":{"rendered":"\u00abNos alegra la vuelta de las obras y todo lo que sea para el bien de Sijena\u00bb"},"content":{"rendered":"<h1 class=\"brr\"><img loading=\"lazy\" decoding=\"async\" class=\" size-full wp-image-2092 aligncenter\" src=\"https:\/\/sijenasi.com\/wp-content\/uploads\/2018\/03\/hna-sylvie-patricia-puertolas.jpg\" alt=\"hna-sylvie-patricia-puertolas\" width=\"640\" height=\"427\" srcset=\"https:\/\/sijenasi.com\/wp-content\/uploads\/2018\/03\/hna-sylvie-patricia-puertolas.jpg 640w, https:\/\/sijenasi.com\/wp-content\/uploads\/2018\/03\/hna-sylvie-patricia-puertolas-300x200.jpg 300w\" sizes=\"auto, (max-width: 640px) 100vw, 640px\" \/><\/h1>\n<div id=\"shareBarGigya_gig_containerParent\" class=\"brd-b con marg-btt-f5 \"><\/div>\n<div class=\"row-f3 bck-row-f1-f5 con\">\n<div id=\"contenedor_txt_rel\" class=\"col2-f1 marg-r-f3 marg-btt\">\n<div class=\"cont-img-detalle\"><\/div>\n<div class=\"col11-f1 flo-r marg-btt\">\n<div id=\"txt\" class=\"tam1 con\">\n<div id=\"TXT1_mobile\">\n<p style=\"text-align:center;\">Reproducimos \u00edntegramente esta importante entrevista a la Hermana Sylvie realizada por Patricia Pu\u00e9rtolas para <a href=\"https:\/\/www.heraldo.es\/noticias\/aragon\/2018\/03\/11\/hermana-sylvie-nos-alegra-vuelta-las-obras-todo-que-sea-para-bien-sijena-1229362-300.html\" target=\"_blank\" rel=\"noopener\"><em>Heraldo de Arag\u00f3n<\/em><\/a><a href=\"https:\/\/www.heraldo.es\/noticias\/aragon\/2018\/03\/11\/hermana-sylvie-nos-alegra-vuelta-las-obras-todo-que-sea-para-bien-sijena-1229362-300.html\" target=\"_blank\" rel=\"noopener\"> (11-03.2018)<\/a><\/p>\n<p><em>Sylvie (no usan su apellido) es el nombre de la priora de las hermanas de Bel\u00e9n asentadas en el monasterio de Sijena. La orden asegura compartir la alegr\u00eda del regreso de las 95 obras de arte recuperadas y adem\u00e1s, consciente del creciente inter\u00e9s por el monumento, se muestra dispuesta a ampliar los d\u00edas de visita.<\/em><\/p>\n<\/div>\n<p><strong>\u00bfCu\u00e1ndo llegaron al monasterio de Sijena? \u00bfQu\u00e9 motiv\u00f3 su elecci\u00f3n?<\/strong><\/p>\n<p>La orden llega en el a\u00f1o 1985. El objetivo era devolver la vida al monasterio, al que le faltaba lo esencial, su alma. Adem\u00e1s, coincidieron b\u00fasqueda y necesidad, es decir, nosotras ten\u00edamos el deseo de establecernos en Espa\u00f1a y, al mismo tiempo, las monjas sanjuanistas precisaban encontrar una orden que pudiera sustituirlas.<\/p>\n<div id=\"TXT2_to_6_mobile\">\n<p><strong>\u00bfQu\u00e9 tipo de acuerdo firmaron con las propietarias, la orden de San Juan de Jerusal\u00e9n?<\/strong><\/p>\n<p>Tenemos un contrato de alquiler, que fue renovado en el a\u00f1o 2000. La orden sanjuanista es la propietaria y nosotras, las inquilinas. Dentro del convenio, que tiene una vigencia de 90 a\u00f1os, una de las condiciones m\u00e1s importantes es conservar la finalidad original del monasterio: el uso religioso. No es el \u00fanico acuerdo alcanzado. Tambi\u00e9n est\u00e1 vigente el firmado con el Gobierno de Arag\u00f3n, en el que figuran las obligaciones derivadas de la catalogaci\u00f3n del monasterio como Bien de Inter\u00e9s Cultural.<\/p>\n<div id=\"div_sep_5\"><\/div>\n<p><strong>Dentro de ellas, figura el deber de abrirlo al p\u00fablico cuatro d\u00edas al mes. Ahora mismo, cumplen con ese m\u00ednimo, \u00bfest\u00e1n dispuestas a ampliar los d\u00edas de visita, especialmente ante el creciente inter\u00e9s que suscita el monasterio?<\/strong><\/p>\n<p>Hemos observado una mayor demanda y estamos buscando la forma de ampliar los d\u00edas de visita. Ahora mismo, se abre cada s\u00e1bado de 10.30 a 17.00, a lo que ya hemos a\u00f1adido un programa de visitas bajo reserva previa. Tiene lugar entre semana y est\u00e1 dirigido a grupos como asociaciones, escolares o personas mayores. Adem\u00e1s, estamos sopesando abrir un d\u00eda m\u00e1s, los viernes, aunque todav\u00eda estamos buscando la f\u00f3rmula m\u00e1s adecuada.<\/p>\n<p><strong>\u00bfCu\u00e1l es la dificultad?<\/strong><\/p>\n<p>Los gu\u00edas son voluntarios, todos tienen obligaciones y por lo tanto, habr\u00eda que aumentar el n\u00famero de personas dispuestas a colaborar. Hay que compaginar el creciente inter\u00e9s de la sociedad con nuestras propias posibilidades. De hecho, este es nuestro reto permanente: hacer compatible nuestra vida con las demandas de las instituciones y la sociedad.<\/p>\n<p><strong>\u00bfCu\u00e1l es el perfil de los gu\u00edas y en la actualidad, de cu\u00e1ntos voluntarios disponen?<\/strong><\/p>\n<p>Ahora mismo, hay unas 15 personas, que deben seguir un programa de aprendizaje y estudio, as\u00ed como elaborar su propio gui\u00f3n. Hay un perfil muy variado, aunque la mayor\u00eda son universitarios o profesionales de diferentes \u00e1mbitos.<\/p>\n<p><strong>Si la dificultad estriba en encontrar voluntarios, \u00bfhan pensado en contar con gu\u00edas externos? \u00bfLa DGA ha llegado a ofrecerles esta posibilidad?<\/strong><\/p>\n<p>De momento, no, ya que cuentan con un ajustado presupuesto.<\/p>\n<p><strong>Y si les ofrecen esta opci\u00f3n, \u00bfla aceptar\u00edan?<\/strong><\/p>\n<p>S\u00ed, por qu\u00e9 no, es una posibilidad, aunque, de momento, la red de voluntarios funciona y es capaz de absorber la actual demanda de visitantes.<\/p>\n<p><strong>Tras la llegada del \u00faltimo lote de obras (44 procedentes del Museo de L\u00e9rida), la exposici\u00f3n se abre un d\u00eda menos. El domingo ya no forma parte del horario habitual. La DGA ha explicado que ha sido atendiendo a sus deseos, \u00bfpor qu\u00e9 han solicitado su supresi\u00f3n?<\/strong><\/p>\n<p>Ha sido un acuerdo entre ambas partes. Durante la etapa anterior, vimos que el domingo disminu\u00eda de forma importante el n\u00famero de visitantes. Adem\u00e1s, es nuestra jornada de comunidad, es decir, es el d\u00eda en el que, por ejemplo, salimos a caminar y visitar nuevos parajes naturales.<\/p>\n<p><strong>Tras una larga batalla judicial, han vuelto 95 de las 97 obras reclamadas, \u00bfhan tenido la oportunidad de verlas? \u00bfC\u00f3mo valoran su regreso?<\/strong><\/p>\n<p>Hemos ido a visitarlas. Nos conmueve observarlas, ya que forman parte de la historia del monumento y en especial, de la vida de las hermanas sanjuanistas. Nos suscitan mucho respeto; son testigo y s\u00edmbolo de siglos de vida dedicada a Dios.<\/p>\n<p><strong>\u00bfHan seguido el litigio? \u00bfQu\u00e9 opinan sobre el regreso de los bienes?<\/strong><\/p>\n<p>Son piezas que pertenecen a la orden sanjuanista y han vuelto a su lugar de origen. Su regreso nos alegra por sus propietarias y adem\u00e1s, enriquece la visita al monasterio. Nos produce alegr\u00eda todo aquello que suponga un bien para el monasterio y para las personas que viven y visitan esta comarca.<\/p>\n<p><strong>Tras su acondicionamiento, la sala de exposici\u00f3n ocupa los antiguos dormitorios, \u00bfhan cedido el uso de este espacio al Gobierno de Arag\u00f3n? \u00bfCu\u00e1l es el acuerdo?<\/strong><\/p>\n<p>Tenemos un acuerdo de cesi\u00f3n verbal, que fue realizado de forma apresurada, ya que era necesario acondicionarlo ante la inminente llegada de las obras.<\/p>\n<p><strong>Su uso es temporal. La DGA ha anunciado que ha redactado un Plan Director, en el que incluye la creaci\u00f3n de una zona muse\u00edstica definitiva en las dependencias de do\u00f1a Sancha, \u00bfusan este espacio? \u00bfHan acordado su cesi\u00f3n?<\/strong><\/p>\n<p>S\u00ed, conocemos el proyecto. Las denominadas dependencias de do\u00f1a Sancha est\u00e1n en mal estado y por lo tanto, sin uso. La DGA tiene previsto recuperar esta zona, lo que nos parece una gran idea, tanto a nosotras como a las sanjuanistas. Ambas \u00f3rdenes estamos en contacto constante y cualquier decisi\u00f3n es antes consensuada.<\/p>\n<p><strong>Tras la creaci\u00f3n del nuevo espacio, es muy posible que el inter\u00e9s siga en alza. En ese momento, \u00bfestar\u00edan dispuestas a ampliar los d\u00edas de visita o, por ejemplo, atender el ruego de realizar un recorrido \u00fanico, es decir, que una exposici\u00f3n y cenobio?<\/strong><\/p>\n<p>Ser\u00eda lo ideal. Compartimos esa visi\u00f3n, aunque, de momento, no hemos encontrado la forma de materializar esta propuesta, pero estamos hablando y buscando la f\u00f3rmula m\u00e1s adecuada.<\/p>\n<p><strong>\u00bfQu\u00e9 condiciones deber\u00edan darse para que haya una visita \u00fanica?<\/strong><\/p>\n<p>Hay que contar con un n\u00famero amplio de gu\u00edas. Tenemos una postura abierta y entendemos el creciente inter\u00e9s por el monasterio; consideramos muy importante el di\u00e1logo con el Gobierno de Arag\u00f3n.<\/p>\n<p><strong>Las pinturas de la sala capitular forman parte de un segundo litigio y adem\u00e1s, es muy posible que haya nuevas reclamaciones. La dimensi\u00f3n p\u00fablica del monasterio seguir\u00e1 creciendo, \u00bfles inquieta? \u00bfSe han llegado a plantear un cambio de ubicaci\u00f3n?<\/strong><\/p>\n<p>No nos planteamos esta posibilidad, lo que nos planteamos es c\u00f3mo mejorar, ya que la situaci\u00f3n ha cambiado y tenemos que adaptarnos. Un monasterio es un lugar de hospitalidad y por lo tanto, tenemos que mantener nuestras puertas abiertas. El reto est\u00e1 en compaginar ese creciente inter\u00e9s con nuestra vida para no dejar de ser lo que somos: monjas dedicadas a la oraci\u00f3n.<\/p>\n<\/div>\n<\/div>\n<\/div>\n<\/div>\n<\/div>\n","protected":false},"excerpt":{"rendered":"<p>Reproducimos \u00edntegramente esta importante entrevista a la Hermana Sylvie realizada por Patricia Pu\u00e9rtolas para Heraldo de Arag\u00f3n (11-03.2018) Sylvie (no usan su apellido) es el nombre de la priora de las hermanas de Bel\u00e9n asentadas en el monasterio de Sijena. La orden asegura compartir la alegr\u00eda del regreso de las 95 obras de arte recuperadas [&hellip;]<\/p>\n","protected":false},"author":2,"featured_media":2092,"comment_status":"open","ping_status":"open","sticky":false,"template":"","format":"standard","meta":{"ngg_post_thumbnail":0,"_jetpack_memberships_contains_paid_content":false,"footnotes":""},"categories":[29,52],"tags":[190,227,228,229,304,308,343],"class_list":["post-2091","post","type-post","status-publish","format-standard","hentry","category-prensa","category-voluntariado","tag-entrevista","tag-heraldo-de-aragon","tag-hermana-sylvie","tag-hermanas-de-belen","tag-monasterio-de-sijena","tag-monestir-de-sixena","tag-patricia-puertolas"],"jetpack_featured_media_url":"https:\/\/sijenasi.com\/wp-content\/uploads\/2018\/03\/hna-sylvie-patricia-puertolas.jpg","jetpack_sharing_enabled":true,"_links":{"self":[{"href":"https:\/\/sijenasi.com\/index.php\/wp-json\/wp\/v2\/posts\/2091","targetHints":{"allow":["GET"]}}],"collection":[{"href":"https:\/\/sijenasi.com\/index.php\/wp-json\/wp\/v2\/posts"}],"about":[{"href":"https:\/\/sijenasi.com\/index.php\/wp-json\/wp\/v2\/types\/post"}],"author":[{"embeddable":true,"href":"https:\/\/sijenasi.com\/index.php\/wp-json\/wp\/v2\/users\/2"}],"replies":[{"embeddable":true,"href":"https:\/\/sijenasi.com\/index.php\/wp-json\/wp\/v2\/comments?post=2091"}],"version-history":[{"count":0,"href":"https:\/\/sijenasi.com\/index.php\/wp-json\/wp\/v2\/posts\/2091\/revisions"}],"wp:featuredmedia":[{"embeddable":true,"href":"https:\/\/sijenasi.com\/index.php\/wp-json\/wp\/v2\/media\/2092"}],"wp:attachment":[{"href":"https:\/\/sijenasi.com\/index.php\/wp-json\/wp\/v2\/media?parent=2091"}],"wp:term":[{"taxonomy":"category","embeddable":true,"href":"https:\/\/sijenasi.com\/index.php\/wp-json\/wp\/v2\/categories?post=2091"},{"taxonomy":"post_tag","embeddable":true,"href":"https:\/\/sijenasi.com\/index.php\/wp-json\/wp\/v2\/tags?post=2091"}],"curies":[{"name":"wp","href":"https:\/\/api.w.org\/{rel}","templated":true}]}}