{"id":2012,"date":"2017-12-23T14:28:30","date_gmt":"2017-12-23T12:28:30","guid":{"rendered":"http:\/\/sijenasi.com\/?p=2012"},"modified":"2017-12-23T14:28:30","modified_gmt":"2017-12-23T12:28:30","slug":"lucharemos-ahora-por-las-pinturas","status":"publish","type":"post","link":"https:\/\/sijenasi.com\/index.php\/2017\/12\/23\/lucharemos-ahora-por-las-pinturas\/","title":{"rendered":"Carta a los Reyes Magos: Que vuelvan en 2018 las pinturas de Sijena."},"content":{"rendered":"<p><img loading=\"lazy\" decoding=\"async\" class=\"alignnone size-full wp-image-2013\" src=\"https:\/\/sijenasi.com\/wp-content\/uploads\/2017\/12\/sijena-si-mnac.jpg\" alt=\"Sijena-si-MNAC\" width=\"1024\" height=\"683\" srcset=\"https:\/\/sijenasi.com\/wp-content\/uploads\/2017\/12\/sijena-si-mnac.jpg 1024w, https:\/\/sijenasi.com\/wp-content\/uploads\/2017\/12\/sijena-si-mnac-300x200.jpg 300w, https:\/\/sijenasi.com\/wp-content\/uploads\/2017\/12\/sijena-si-mnac-768x512.jpg 768w\" sizes=\"auto, (max-width: 1024px) 100vw, 1024px\" \/><\/p>\n<p>Tras el retorno de las piezas del Museo de L\u00e9rida, vamos a seguir luchando por la devoluci\u00f3n de las pinturas de la Sala Capitular de Sijena.<\/p>\n<p>Los resultados de las elecciones en Catalu\u00f1a nos deben poner en marcha. Motivadas pol\u00edticamente, se despiertan nuevas voces que ocultan la verdad sobre estas pinturas, fruto del expolio cometido durante la Guerra Civil. Pero, como en el caso de los bienes de L\u00e9rida, sabemos que la <a href=\"http:\/\/sijenasi.com\/sentencias-judiciales\/\">sentencia judicial<\/a>, rotunda y clara, nos ampara. C\u00famplase cuanto antes.<\/p>\n<p>Hemos de redoblar nuestra campa\u00f1a de firmas. Que cada uno de nosotros consiga una persona m\u00e1s&#8230; Este es el regalo de Reyes que pedimos: m\u00e1s conciencia ciudadana, m\u00e1s compromiso con la verdad, la justicia y la dignidad.<\/p>\n","protected":false},"excerpt":{"rendered":"<p>Tras el retorno de las piezas del Museo de L\u00e9rida, vamos a seguir luchando por la devoluci\u00f3n de las pinturas de la Sala Capitular de Sijena. Los resultados de las elecciones en Catalu\u00f1a nos deben poner en marcha. Motivadas pol\u00edticamente, se despiertan nuevas voces que ocultan la verdad sobre estas pinturas, fruto del expolio cometido [&hellip;]<\/p>\n","protected":false},"author":2,"featured_media":2013,"comment_status":"open","ping_status":"open","sticky":false,"template":"","format":"standard","meta":{"ngg_post_thumbnail":0,"_jetpack_memberships_contains_paid_content":false,"footnotes":""},"categories":[5,8,68,71,79],"tags":[225,274,302,304,308,320,398,407],"class_list":["post-2012","post","type-post","status-publish","format-standard","hentry","category-campanas","category-change-org","category-expolio","category-generalitat-de-cataluna","category-juzgado-no-2","tag-guerra-civil","tag-juzgado","tag-mnac","tag-monasterio-de-sijena","tag-monestir-de-sixena","tag-no-2","tag-sala-capitular","tag-sentencias-judiciales"],"jetpack_featured_media_url":"https:\/\/sijenasi.com\/wp-content\/uploads\/2017\/12\/sijena-si-mnac.jpg","jetpack_sharing_enabled":true,"_links":{"self":[{"href":"https:\/\/sijenasi.com\/index.php\/wp-json\/wp\/v2\/posts\/2012","targetHints":{"allow":["GET"]}}],"collection":[{"href":"https:\/\/sijenasi.com\/index.php\/wp-json\/wp\/v2\/posts"}],"about":[{"href":"https:\/\/sijenasi.com\/index.php\/wp-json\/wp\/v2\/types\/post"}],"author":[{"embeddable":true,"href":"https:\/\/sijenasi.com\/index.php\/wp-json\/wp\/v2\/users\/2"}],"replies":[{"embeddable":true,"href":"https:\/\/sijenasi.com\/index.php\/wp-json\/wp\/v2\/comments?post=2012"}],"version-history":[{"count":0,"href":"https:\/\/sijenasi.com\/index.php\/wp-json\/wp\/v2\/posts\/2012\/revisions"}],"wp:featuredmedia":[{"embeddable":true,"href":"https:\/\/sijenasi.com\/index.php\/wp-json\/wp\/v2\/media\/2013"}],"wp:attachment":[{"href":"https:\/\/sijenasi.com\/index.php\/wp-json\/wp\/v2\/media?parent=2012"}],"wp:term":[{"taxonomy":"category","embeddable":true,"href":"https:\/\/sijenasi.com\/index.php\/wp-json\/wp\/v2\/categories?post=2012"},{"taxonomy":"post_tag","embeddable":true,"href":"https:\/\/sijenasi.com\/index.php\/wp-json\/wp\/v2\/tags?post=2012"}],"curies":[{"name":"wp","href":"https:\/\/api.w.org\/{rel}","templated":true}]}}