{"id":2008,"date":"2017-12-20T08:19:57","date_gmt":"2017-12-20T06:19:57","guid":{"rendered":"http:\/\/sijenasi.com\/?p=2008"},"modified":"2017-12-20T08:19:57","modified_gmt":"2017-12-20T06:19:57","slug":"sonar-sijena-2023","status":"publish","type":"post","link":"https:\/\/sijenasi.com\/index.php\/2017\/12\/20\/sonar-sijena-2023\/","title":{"rendered":"So\u00f1ar Sijena 2023"},"content":{"rendered":"<p><img loading=\"lazy\" decoding=\"async\" class=\"alignnone size-full wp-image-2009\" src=\"https:\/\/sijenasi.com\/wp-content\/uploads\/2017\/12\/2017_11_24-1277-jys-2.jpg\" alt=\"2017_11_24-1277-JYS (2)\" width=\"1024\" height=\"680\" srcset=\"https:\/\/sijenasi.com\/wp-content\/uploads\/2017\/12\/2017_11_24-1277-jys-2.jpg 1024w, https:\/\/sijenasi.com\/wp-content\/uploads\/2017\/12\/2017_11_24-1277-jys-2-300x199.jpg 300w, https:\/\/sijenasi.com\/wp-content\/uploads\/2017\/12\/2017_11_24-1277-jys-2-768x510.jpg 768w\" sizes=\"auto, (max-width: 1024px) 100vw, 1024px\" \/><\/p>\n<p>La Plataforma <strong>Sijena S\u00ed, <\/strong>tras la recuperaci\u00f3n de las piezas del Museo de L\u00e9rida, considera muy importante comenzar a dar forma a su iniciativa de celebrar el 2023 como \u201cA\u00f1o de Sijena\u201d, al conmemorarse ese a\u00f1o el centenario de la declaraci\u00f3n del Real Monasterio como Monumento Nacional.<\/p>\n<p>Con este fin, en los \u00faltimos meses ha echado a andar un comit\u00e9 cient\u00edfico que trabaja en la preparaci\u00f3n de una jornada de reflexi\u00f3n, di\u00e1logo y participaci\u00f3n que llevar\u00e1 por t\u00edtulo <strong>\u201cSo\u00f1ar Sijena 2023\u201d<\/strong>. La jornada tendr\u00e1 lugar en 2018 en Villanueva de Sijena.<\/p>\n<p>En el <strong>comit\u00e9 cient\u00edfico<\/strong> han comenzado a participar y aportar ideas profesores universitarios, historiadores, directores de museos o expertos en restauraci\u00f3n como Domingo Buesa, Juan Carlos Lozano, Juan Jos\u00e9 Nieto, Alfonso Monforte, Mari Carmen Lacarra, Mar\u00eda G\u00f3mez (Un. Valencia), Marisancho Menj\u00f3n\u2026 A \u00e9l se ir\u00e1n uniendo m\u00e1s personas en las pr\u00f3ximas semanas para lograr abordar el futuro de Sijena de forma multidisciplinar.<\/p>\n<p>La Plataforma desea abrir un <strong>di\u00e1logo en la sociedad civil<\/strong> para que, juntos, desarrollemos un futuro para Sijena que convierta este monasterio en un espacio que combine de forma arm\u00f3nica espiritualidad, arte, historia, cultura y turismo. Para ello se explorar\u00e1n ideas aportadas libremente por expertos en todas las disciplinas relacionadas con este proyecto de futuro: Geolog\u00eda, Arte, Arquitectura, Museolog\u00eda, Historia, Restauraci\u00f3n, Derecho patrimonial, Derecho Can\u00f3nico, Econom\u00eda\u2026<\/p>\n<p>La Plataforma considera necesaria la creaci\u00f3n de un <strong>Patronato<\/strong> que lidere y gobierne el futuro de Sijena de forma <strong>democr\u00e1tica, transversal y transparente<\/strong>. En esta estructura jur\u00eddica deber\u00edan estar representadas entidades eclesi\u00e1sticas (La Orden Sanjuanista, la Comunidad de las Hermanas de Bel\u00e9n, el obispado de Barbastro-Monz\u00f3n\u2026), pol\u00edticas (Ministerio de Cultura, Gobierno de Arag\u00f3n, Ayuntamiento de Villanueva de Sijena, Comarca de Los Monegros\u2026), culturales (Univ. de Zaragoza, Museos\u2026) y ciudadanas (asociaciones e instituciones relacionadas con Sijena).<\/p>\n<p>La Jornada \u201cSo\u00f1ar Sijena 2023\u201d desea propiciar que el <strong>Plan Director<\/strong> que est\u00e1 elaborando el Gobierno de Arag\u00f3n se enriquezca con ideas y aportaciones de todo el espectro pol\u00edtico, cultural y social. La Plataforma insta al Gobierno de Arag\u00f3n a incluir una partida suficiente en los presupuestos de 2018 para comenzar esta andadura y a recabar del Ministerio de Cultura un mayor compromiso con este Monumento Nacional.<\/p>\n<p>Sijena S\u00ed buscar\u00e1 apoyos institucionales y econ\u00f3micos para la realizaci\u00f3n de esta jornada. Mientras tanto recuerda a la ciudadan\u00eda que contin\u00faa la lucha por la recuperaci\u00f3n de todo el patrimonio aragon\u00e9s expoliado y retenido en Catalu\u00f1a (pinturas murales de Sijena, obras de las parroquias del Arag\u00f3n oriental, Berbegal, Peralta de Alcofea, El Tormillo, Roda de Is\u00e1bena\u2026) y llama a seguir entrando en la p\u00e1gina <a href=\"http:\/\/www.sijenasi.com\/\"><strong>www.sijenasi.com<\/strong><\/a> para firmar en su actual campa\u00f1a.<\/p>\n<p><img loading=\"lazy\" decoding=\"async\" class=\"alignnone size-full wp-image-2010\" src=\"https:\/\/sijenasi.com\/wp-content\/uploads\/2017\/12\/2017_09_29-179-jys-2.jpg\" alt=\"2017_09_29-179-JYS 2\" width=\"1024\" height=\"680\" srcset=\"https:\/\/sijenasi.com\/wp-content\/uploads\/2017\/12\/2017_09_29-179-jys-2.jpg 1024w, https:\/\/sijenasi.com\/wp-content\/uploads\/2017\/12\/2017_09_29-179-jys-2-300x199.jpg 300w, https:\/\/sijenasi.com\/wp-content\/uploads\/2017\/12\/2017_09_29-179-jys-2-768x510.jpg 768w\" sizes=\"auto, (max-width: 1024px) 100vw, 1024px\" \/><\/p>\n","protected":false},"excerpt":{"rendered":"<p>La Plataforma Sijena S\u00ed, tras la recuperaci\u00f3n de las piezas del Museo de L\u00e9rida, considera muy importante comenzar a dar forma a su iniciativa de celebrar el 2023 como \u201cA\u00f1o de Sijena\u201d, al conmemorarse ese a\u00f1o el centenario de la declaraci\u00f3n del Real Monasterio como Monumento Nacional. Con este fin, en los \u00faltimos meses ha [&hellip;]<\/p>\n","protected":false},"author":2,"featured_media":2009,"comment_status":"open","ping_status":"open","sticky":false,"template":"","format":"standard","meta":{"ngg_post_thumbnail":0,"_jetpack_memberships_contains_paid_content":false,"footnotes":""},"categories":[2,17,41],"tags":[87,89,98,155,182,221,264,266,296,345,357,413,416],"class_list":["post-2008","post","type-post","status-publish","format-standard","hentry","category-acciones","category-jornada","category-sijena-2023","tag-17-de-marzo-de-2018","tag-2023-ano-de-sijena","tag-alfonso-monforte","tag-comite-cientifico","tag-domingo-buesa","tag-gobierno-de-aragon","tag-juan-carlos-lozano","tag-juan-jose-nieto","tag-ministerio-de-cultura","tag-patronato","tag-plataforma","tag-sijena-si","tag-sonar-sijena-2023"],"jetpack_featured_media_url":"https:\/\/sijenasi.com\/wp-content\/uploads\/2017\/12\/2017_11_24-1277-jys-2.jpg","jetpack_sharing_enabled":true,"_links":{"self":[{"href":"https:\/\/sijenasi.com\/index.php\/wp-json\/wp\/v2\/posts\/2008","targetHints":{"allow":["GET"]}}],"collection":[{"href":"https:\/\/sijenasi.com\/index.php\/wp-json\/wp\/v2\/posts"}],"about":[{"href":"https:\/\/sijenasi.com\/index.php\/wp-json\/wp\/v2\/types\/post"}],"author":[{"embeddable":true,"href":"https:\/\/sijenasi.com\/index.php\/wp-json\/wp\/v2\/users\/2"}],"replies":[{"embeddable":true,"href":"https:\/\/sijenasi.com\/index.php\/wp-json\/wp\/v2\/comments?post=2008"}],"version-history":[{"count":0,"href":"https:\/\/sijenasi.com\/index.php\/wp-json\/wp\/v2\/posts\/2008\/revisions"}],"wp:featuredmedia":[{"embeddable":true,"href":"https:\/\/sijenasi.com\/index.php\/wp-json\/wp\/v2\/media\/2009"}],"wp:attachment":[{"href":"https:\/\/sijenasi.com\/index.php\/wp-json\/wp\/v2\/media?parent=2008"}],"wp:term":[{"taxonomy":"category","embeddable":true,"href":"https:\/\/sijenasi.com\/index.php\/wp-json\/wp\/v2\/categories?post=2008"},{"taxonomy":"post_tag","embeddable":true,"href":"https:\/\/sijenasi.com\/index.php\/wp-json\/wp\/v2\/tags?post=2008"}],"curies":[{"name":"wp","href":"https:\/\/api.w.org\/{rel}","templated":true}]}}