{"id":1866,"date":"2017-11-26T23:55:47","date_gmt":"2017-11-26T21:55:47","guid":{"rendered":"http:\/\/sijenasi.com\/?p=1866"},"modified":"2017-11-26T23:55:47","modified_gmt":"2017-11-26T21:55:47","slug":"220-personas-marchan-hasta-berbegal-para-reclamar-unidad-justicia-y-dignidad","status":"publish","type":"post","link":"https:\/\/sijenasi.com\/index.php\/2017\/11\/26\/220-personas-marchan-hasta-berbegal-para-reclamar-unidad-justicia-y-dignidad\/","title":{"rendered":"220 personas marchan hasta Berbegal para reclamar unidad, justicia y dignidad"},"content":{"rendered":"<p>&nbsp;<\/p>\n<p><img loading=\"lazy\" decoding=\"async\" class=\"alignnone size-full wp-image-1870\" src=\"https:\/\/sijenasi.com\/wp-content\/uploads\/2017\/11\/2017_11_26-barbastro1-1.jpg\" alt=\"2017_11_26-Barbastro1 (1)\" width=\"1024\" height=\"683\" srcset=\"https:\/\/sijenasi.com\/wp-content\/uploads\/2017\/11\/2017_11_26-barbastro1-1.jpg 1024w, https:\/\/sijenasi.com\/wp-content\/uploads\/2017\/11\/2017_11_26-barbastro1-1-300x200.jpg 300w, https:\/\/sijenasi.com\/wp-content\/uploads\/2017\/11\/2017_11_26-barbastro1-1-768x512.jpg 768w\" sizes=\"auto, (max-width: 1024px) 100vw, 1024px\" \/><\/p>\n<p>En una jornada emocionante, la <strong>Plataforma Sijena S\u00ed<\/strong> ha logrado reunir a 220 personas en una marcha que ha partido de dos puntos, Barbastro y El Tormillo, para confluir en Berbegal. Desde ni\u00f1os de apenas un a\u00f1o, en coche de beb\u00e9, a personas de m\u00e1s de 80, una riada de ciudadanos solidarios han llenado la plaza de Berbegal de cantos, alegr\u00eda y esperanza vestidos con camisetas \u00abMade in Monegros\u00bb.<\/p>\n<p>A pesar de la inclemencia del tiempo al comienzo de la ma\u00f1ana, diversos caminantes han partido a las 8:30 de <strong>El Tormillo<\/strong>, donde se reivindica el regreso de una portada rom\u00e1nica que se instal\u00f3 en una iglesia de L\u00e9rida, para llegar a <strong>Peralta de Alcofea<\/strong>, 11 kil\u00f3metros m\u00e1s tarde, donde se pide tambi\u00e9n la recuperaci\u00f3n de dos tablas rom\u00e1nicas tambi\u00e9n en L\u00e9rida, y proseguir hasta <strong>Berbegal<\/strong>, a 7 kilometros. En Berbegal se reclama la vuelta de un frontal rom\u00e1nico de incalculable valor. Tras recorrer 18 kil\u00f3metros, tambi\u00e9n ha llegado all\u00ed\u00a0un grupo desde <strong>Barbastro<\/strong>, que reivindica la devoluci\u00f3n de 112 piezas que tambi\u00e9n custodia el Museo de L\u00e9rida y sobre las que pesan varias sentencias eclesi\u00e1sticas.<\/p>\n<p>Al llegar a Berbegal ha habido un acto reivindicativo presentado por Fernando Herce en el que han dado la bienvenida a los caminantes Jos\u00e9 Carlos Boned (Alcalde de Berbegal), Obdulia Gracias (Alcaldesa de Peralta de Alcofea), Isabel Campo (Delegada de El Tormillo), Ildefonso Salillas (Alcalde de Villanueva de Sijena) y\u00a0Carlos Jurado (Coordinador de Sijena S\u00ed en Barbastro). Entre jotas (Javier Badules), m\u00fasica\u00a0de gaita (Leandro Cucal\u00f3n)\u00a0y cantos de Labordeta (Amigos de la Guitarra del Altoarag\u00f3n), miembros de la Plataforma Sijena S\u00ed han le\u00eddo el \u00ab<a href=\"http:\/\/sijenasi.com\/2017\/11\/26\/manifiesto-de-berbegal\/\">Manifiesto de Berbegal<\/a>\u00bb donde han celebrado la unidad de los cinco pleitos y reclamado que el Ministro M\u00e9ndez de Vigo ejecute la orden judicial que ha recibido exigi\u00e9ndole la devoluci\u00f3n de las 44 piezas de Sijena. Despu\u00e9s se han repartido banderas de la Plataforma con el nombre de cada una de las localidades.<\/p>\n<p>No ha faltado una nota de humor, con Antonio Carreras disfrazado del Bandido Cucaracha amenazando desde su caballo \u00abSi no va la polic\u00eda, ir\u00e1 Cucaracha\u00bb.<\/p>\n<p>El acto ha contado con abundante presencia de medios de comunicaci\u00f3n, entre los que cabe destacar la televisi\u00f3n auton\u00f3mica aragonesa, RTVE, TV3 de Catalu\u00f1a y Huesca Televisi\u00f3n. Todas ellas han hecho reportajes que se han emitido en sus respectivos telediarios. Contamos tambi\u00e9n con la presencia de Radio Huesca y sus emisoras locales de Barbastro y Sari\u00f1ena, Cope Barbastro, SER, Arag\u00f3n Radio, Onda Cero, Catalunya Radio&#8230;, y con reporteros de Heraldo, El Peri\u00f3dico de Arag\u00f3n, Diario del Altoarag\u00f3n, El Cruzado Aragon\u00e9s, Servicio Catal\u00e1n de Noticias&#8230;<\/p>\n<p>El d\u00eda ha concluido con una comida fraterna en el pabell\u00f3n de Peralta donde se ha compartido una generosa paella.<\/p>\n<p>\u00a1Gracias a todas y todos los que hab\u00e9is contribuido al \u00e9xito de este d\u00eda memorable!<\/p>\n<p><strong>FIRMAS:<\/strong> La plataforma contin\u00faa pidiendo a los ciudadanos que se unan a su campa\u00f1a de firmas en <a href=\"http:\/\/www.sijenasi.com\/\">www.sijenasi.com<\/a> para exigir que los bienes expoliados por los museos de la Generalitat vuelvan a Arag\u00f3n.<\/p>\n\n\t\t<style type=\"text\/css\">\n\t\t\t#gallery-1 {\n\t\t\t\tmargin: auto;\n\t\t\t}\n\t\t\t#gallery-1 .gallery-item {\n\t\t\t\tfloat: left;\n\t\t\t\tmargin-top: 10px;\n\t\t\t\ttext-align: center;\n\t\t\t\twidth: 33%;\n\t\t\t}\n\t\t\t#gallery-1 img {\n\t\t\t\tborder: 2px solid #cfcfcf;\n\t\t\t}\n\t\t\t#gallery-1 .gallery-caption {\n\t\t\t\tmargin-left: 0;\n\t\t\t}\n\t\t\t\/* see gallery_shortcode() in wp-includes\/media.php *\/\n\t\t<\/style>\n\t\t<div id='gallery-1' class='gallery galleryid-1866 gallery-columns-3 gallery-size-thumbnail'><dl class='gallery-item'>\n\t\t\t<dt class='gallery-icon landscape'>\n\t\t\t\t<a href='https:\/\/sijenasi.com\/index.php\/2017\/11\/26\/220-personas-marchan-hasta-berbegal-para-reclamar-unidad-justicia-y-dignidad\/2017_11_26-barbastro\/'><img loading=\"lazy\" decoding=\"async\" width=\"150\" height=\"150\" src=\"https:\/\/sijenasi.com\/wp-content\/uploads\/2017\/11\/2017_11_26-barbastro-150x150.jpg\" class=\"attachment-thumbnail size-thumbnail\" alt=\"\" aria-describedby=\"gallery-1-1876\" \/><\/a>\n\t\t\t<\/dt>\n\t\t\t\t<dd class='wp-caption-text gallery-caption' id='gallery-1-1876'>\n\t\t\t\tMuseo Diocesano Barbastro\n\t\t\t\t<\/dd><\/dl><dl class='gallery-item'>\n\t\t\t<dt class='gallery-icon landscape'>\n\t\t\t\t<a href='https:\/\/sijenasi.com\/index.php\/2017\/11\/26\/220-personas-marchan-hasta-berbegal-para-reclamar-unidad-justicia-y-dignidad\/2017_11_26-barbastro1-4\/'><img loading=\"lazy\" decoding=\"async\" width=\"150\" height=\"150\" src=\"https:\/\/sijenasi.com\/wp-content\/uploads\/2017\/11\/2017_11_26-barbastro1-4-150x150.jpg\" class=\"attachment-thumbnail size-thumbnail\" alt=\"\" aria-describedby=\"gallery-1-1880\" \/><\/a>\n\t\t\t<\/dt>\n\t\t\t\t<dd class='wp-caption-text gallery-caption' id='gallery-1-1880'>\n\t\t\t\tMarcha de Barbastro 1\n\t\t\t\t<\/dd><\/dl><dl class='gallery-item'>\n\t\t\t<dt class='gallery-icon landscape'>\n\t\t\t\t<a href='https:\/\/sijenasi.com\/index.php\/2017\/11\/26\/220-personas-marchan-hasta-berbegal-para-reclamar-unidad-justicia-y-dignidad\/2017_11_26-barbastro1-3\/'><img loading=\"lazy\" decoding=\"async\" width=\"150\" height=\"150\" src=\"https:\/\/sijenasi.com\/wp-content\/uploads\/2017\/11\/2017_11_26-barbastro1-3-150x150.jpg\" class=\"attachment-thumbnail size-thumbnail\" alt=\"\" aria-describedby=\"gallery-1-1879\" \/><\/a>\n\t\t\t<\/dt>\n\t\t\t\t<dd class='wp-caption-text gallery-caption' id='gallery-1-1879'>\n\t\t\t\tMarcha de Barbastro 2\n\t\t\t\t<\/dd><\/dl><br style=\"clear: both\" \/><dl class='gallery-item'>\n\t\t\t<dt class='gallery-icon landscape'>\n\t\t\t\t<a href='https:\/\/sijenasi.com\/index.php\/2017\/11\/26\/220-personas-marchan-hasta-berbegal-para-reclamar-unidad-justicia-y-dignidad\/2017_11_26-barbastro1-1-2\/'><img loading=\"lazy\" decoding=\"async\" width=\"150\" height=\"150\" src=\"https:\/\/sijenasi.com\/wp-content\/uploads\/2017\/11\/2017_11_26-barbastro1-11-150x150.jpg\" class=\"attachment-thumbnail size-thumbnail\" alt=\"\" aria-describedby=\"gallery-1-1877\" \/><\/a>\n\t\t\t<\/dt>\n\t\t\t\t<dd class='wp-caption-text gallery-caption' id='gallery-1-1877'>\n\t\t\t\tMarcha de Barbastro 3\n\t\t\t\t<\/dd><\/dl><dl class='gallery-item'>\n\t\t\t<dt class='gallery-icon landscape'>\n\t\t\t\t<a href='https:\/\/sijenasi.com\/index.php\/2017\/11\/26\/220-personas-marchan-hasta-berbegal-para-reclamar-unidad-justicia-y-dignidad\/2017_11_26-el-tormillo-2\/'><img loading=\"lazy\" decoding=\"async\" width=\"150\" height=\"150\" src=\"https:\/\/sijenasi.com\/wp-content\/uploads\/2017\/11\/2017_11_26-el-tormillo-2-150x150.jpg\" class=\"attachment-thumbnail size-thumbnail\" alt=\"\" aria-describedby=\"gallery-1-1883\" \/><\/a>\n\t\t\t<\/dt>\n\t\t\t\t<dd class='wp-caption-text gallery-caption' id='gallery-1-1883'>\n\t\t\t\tEl Tormillo\n\t\t\t\t<\/dd><\/dl><dl class='gallery-item'>\n\t\t\t<dt class='gallery-icon landscape'>\n\t\t\t\t<a href='https:\/\/sijenasi.com\/index.php\/2017\/11\/26\/220-personas-marchan-hasta-berbegal-para-reclamar-unidad-justicia-y-dignidad\/2017_11_26-peralta_de_alcofea-3\/'><img loading=\"lazy\" decoding=\"async\" width=\"150\" height=\"150\" src=\"https:\/\/sijenasi.com\/wp-content\/uploads\/2017\/11\/2017_11_26-peralta_de_alcofea-3-150x150.jpg\" class=\"attachment-thumbnail size-thumbnail\" alt=\"\" aria-describedby=\"gallery-1-1891\" \/><\/a>\n\t\t\t<\/dt>\n\t\t\t\t<dd class='wp-caption-text gallery-caption' id='gallery-1-1891'>\n\t\t\t\tChocolatada en Peralta de Alcofea\n\t\t\t\t<\/dd><\/dl><br style=\"clear: both\" \/><dl class='gallery-item'>\n\t\t\t<dt class='gallery-icon landscape'>\n\t\t\t\t<a href='https:\/\/sijenasi.com\/index.php\/2017\/11\/26\/220-personas-marchan-hasta-berbegal-para-reclamar-unidad-justicia-y-dignidad\/2017_11_26-barbastro1-2\/'><img loading=\"lazy\" decoding=\"async\" width=\"150\" height=\"150\" src=\"https:\/\/sijenasi.com\/wp-content\/uploads\/2017\/11\/2017_11_26-barbastro1-2-150x150.jpg\" class=\"attachment-thumbnail size-thumbnail\" alt=\"\" aria-describedby=\"gallery-1-1878\" \/><\/a>\n\t\t\t<\/dt>\n\t\t\t\t<dd class='wp-caption-text gallery-caption' id='gallery-1-1878'>\n\t\t\t\tMarcha de Barbastro 4\n\t\t\t\t<\/dd><\/dl><dl class='gallery-item'>\n\t\t\t<dt class='gallery-icon landscape'>\n\t\t\t\t<a href='https:\/\/sijenasi.com\/index.php\/2017\/11\/26\/220-personas-marchan-hasta-berbegal-para-reclamar-unidad-justicia-y-dignidad\/2017_11_26-el-tormillo-1\/'><img loading=\"lazy\" decoding=\"async\" width=\"150\" height=\"150\" src=\"https:\/\/sijenasi.com\/wp-content\/uploads\/2017\/11\/2017_11_26-el-tormillo-1-150x150.jpg\" class=\"attachment-thumbnail size-thumbnail\" alt=\"\" aria-describedby=\"gallery-1-1882\" \/><\/a>\n\t\t\t<\/dt>\n\t\t\t\t<dd class='wp-caption-text gallery-caption' id='gallery-1-1882'>\n\t\t\t\tIglesia de El Tormilllo\n\t\t\t\t<\/dd><\/dl><dl class='gallery-item'>\n\t\t\t<dt class='gallery-icon landscape'>\n\t\t\t\t<a href='https:\/\/sijenasi.com\/index.php\/2017\/11\/26\/220-personas-marchan-hasta-berbegal-para-reclamar-unidad-justicia-y-dignidad\/2017_11_26-el-tormillo-3\/'><img loading=\"lazy\" decoding=\"async\" width=\"150\" height=\"150\" src=\"https:\/\/sijenasi.com\/wp-content\/uploads\/2017\/11\/2017_11_26-el-tormillo-3-150x150.jpg\" class=\"attachment-thumbnail size-thumbnail\" alt=\"\" aria-describedby=\"gallery-1-1884\" \/><\/a>\n\t\t\t<\/dt>\n\t\t\t\t<dd class='wp-caption-text gallery-caption' id='gallery-1-1884'>\n\t\t\t\tDe El Tormillo a Peralta\n\t\t\t\t<\/dd><\/dl><br style=\"clear: both\" \/><dl class='gallery-item'>\n\t\t\t<dt class='gallery-icon landscape'>\n\t\t\t\t<a href='https:\/\/sijenasi.com\/index.php\/2017\/11\/26\/220-personas-marchan-hasta-berbegal-para-reclamar-unidad-justicia-y-dignidad\/2017_11_26-peralta_de_alcofea-1\/'><img loading=\"lazy\" decoding=\"async\" width=\"150\" height=\"150\" src=\"https:\/\/sijenasi.com\/wp-content\/uploads\/2017\/11\/2017_11_26-peralta_de_alcofea-1-150x150.jpg\" class=\"attachment-thumbnail size-thumbnail\" alt=\"\" aria-describedby=\"gallery-1-1889\" \/><\/a>\n\t\t\t<\/dt>\n\t\t\t\t<dd class='wp-caption-text gallery-caption' id='gallery-1-1889'>\n\t\t\t\tLlegada a Peralta de Alcofea\n\t\t\t\t<\/dd><\/dl><dl class='gallery-item'>\n\t\t\t<dt class='gallery-icon landscape'>\n\t\t\t\t<a href='https:\/\/sijenasi.com\/index.php\/2017\/11\/26\/220-personas-marchan-hasta-berbegal-para-reclamar-unidad-justicia-y-dignidad\/2017_11_26-barbastro1-5\/'><img loading=\"lazy\" decoding=\"async\" width=\"150\" height=\"150\" src=\"https:\/\/sijenasi.com\/wp-content\/uploads\/2017\/11\/2017_11_26-barbastro1-5-150x150.jpg\" class=\"attachment-thumbnail size-thumbnail\" alt=\"\" aria-describedby=\"gallery-1-1881\" \/><\/a>\n\t\t\t<\/dt>\n\t\t\t\t<dd class='wp-caption-text gallery-caption' id='gallery-1-1881'>\n\t\t\t\tMarcha de Barbastro 5\n\t\t\t\t<\/dd><\/dl><dl class='gallery-item'>\n\t\t\t<dt class='gallery-icon landscape'>\n\t\t\t\t<a href='https:\/\/sijenasi.com\/index.php\/2017\/11\/26\/220-personas-marchan-hasta-berbegal-para-reclamar-unidad-justicia-y-dignidad\/2017_11_26-el-tormillo-4\/'><img loading=\"lazy\" decoding=\"async\" width=\"150\" height=\"150\" src=\"https:\/\/sijenasi.com\/wp-content\/uploads\/2017\/11\/2017_11_26-el-tormillo-4-150x150.jpg\" class=\"attachment-thumbnail size-thumbnail\" alt=\"\" aria-describedby=\"gallery-1-1885\" \/><\/a>\n\t\t\t<\/dt>\n\t\t\t\t<dd class='wp-caption-text gallery-caption' id='gallery-1-1885'>\n\t\t\t\tDe El Tormillo a Peralta 2\n\t\t\t\t<\/dd><\/dl><br style=\"clear: both\" \/><dl class='gallery-item'>\n\t\t\t<dt class='gallery-icon landscape'>\n\t\t\t\t<a href='https:\/\/sijenasi.com\/index.php\/2017\/11\/26\/220-personas-marchan-hasta-berbegal-para-reclamar-unidad-justicia-y-dignidad\/2017_11_26-el-tormillo-5\/'><img loading=\"lazy\" decoding=\"async\" width=\"150\" height=\"150\" src=\"https:\/\/sijenasi.com\/wp-content\/uploads\/2017\/11\/2017_11_26-el-tormillo-5-150x150.jpg\" class=\"attachment-thumbnail size-thumbnail\" alt=\"\" aria-describedby=\"gallery-1-1886\" \/><\/a>\n\t\t\t<\/dt>\n\t\t\t\t<dd class='wp-caption-text gallery-caption' id='gallery-1-1886'>\n\t\t\t\tDe El Tormillo a Peralta 3\n\t\t\t\t<\/dd><\/dl><dl class='gallery-item'>\n\t\t\t<dt class='gallery-icon landscape'>\n\t\t\t\t<a href='https:\/\/sijenasi.com\/index.php\/2017\/11\/26\/220-personas-marchan-hasta-berbegal-para-reclamar-unidad-justicia-y-dignidad\/2017_11_26-y-berbegal-2-02\/'><img loading=\"lazy\" decoding=\"async\" width=\"150\" height=\"150\" src=\"https:\/\/sijenasi.com\/wp-content\/uploads\/2017\/11\/2017_11_26-y-berbegal-2-02-150x150.jpg\" class=\"attachment-thumbnail size-thumbnail\" alt=\"\" aria-describedby=\"gallery-1-1900\" \/><\/a>\n\t\t\t<\/dt>\n\t\t\t\t<dd class='wp-caption-text gallery-caption' id='gallery-1-1900'>\n\t\t\t\tPlataforma Sijena S\u00ed en Berbegal\n\t\t\t\t<\/dd><\/dl><dl class='gallery-item'>\n\t\t\t<dt class='gallery-icon landscape'>\n\t\t\t\t<a href='https:\/\/sijenasi.com\/index.php\/2017\/11\/26\/220-personas-marchan-hasta-berbegal-para-reclamar-unidad-justicia-y-dignidad\/2017_11_26-el-tormillo-6\/'><img loading=\"lazy\" decoding=\"async\" width=\"150\" height=\"150\" src=\"https:\/\/sijenasi.com\/wp-content\/uploads\/2017\/11\/2017_11_26-el-tormillo-6-150x150.jpg\" class=\"attachment-thumbnail size-thumbnail\" alt=\"\" aria-describedby=\"gallery-1-1887\" \/><\/a>\n\t\t\t<\/dt>\n\t\t\t\t<dd class='wp-caption-text gallery-caption' id='gallery-1-1887'>\n\t\t\t\tDe El Tormillo a Peralta 4\n\t\t\t\t<\/dd><\/dl><br style=\"clear: both\" \/><dl class='gallery-item'>\n\t\t\t<dt class='gallery-icon landscape'>\n\t\t\t\t<a href='https:\/\/sijenasi.com\/index.php\/2017\/11\/26\/220-personas-marchan-hasta-berbegal-para-reclamar-unidad-justicia-y-dignidad\/2017_11_26-peralta_de_alcofea-4\/'><img loading=\"lazy\" decoding=\"async\" width=\"150\" height=\"150\" src=\"https:\/\/sijenasi.com\/wp-content\/uploads\/2017\/11\/2017_11_26-peralta_de_alcofea-4-150x150.jpg\" class=\"attachment-thumbnail size-thumbnail\" alt=\"\" aria-describedby=\"gallery-1-1892\" \/><\/a>\n\t\t\t<\/dt>\n\t\t\t\t<dd class='wp-caption-text gallery-caption' id='gallery-1-1892'>\n\t\t\t\tLas reinas de la chocolatada en Peralta de Alcofea\n\t\t\t\t<\/dd><\/dl><dl class='gallery-item'>\n\t\t\t<dt class='gallery-icon landscape'>\n\t\t\t\t<a href='https:\/\/sijenasi.com\/index.php\/2017\/11\/26\/220-personas-marchan-hasta-berbegal-para-reclamar-unidad-justicia-y-dignidad\/2017_11_26-y-berbegal-1\/'><img loading=\"lazy\" decoding=\"async\" width=\"150\" height=\"150\" src=\"https:\/\/sijenasi.com\/wp-content\/uploads\/2017\/11\/2017_11_26-y-berbegal-1-150x150.jpg\" class=\"attachment-thumbnail size-thumbnail\" alt=\"\" aria-describedby=\"gallery-1-1894\" \/><\/a>\n\t\t\t<\/dt>\n\t\t\t\t<dd class='wp-caption-text gallery-caption' id='gallery-1-1894'>\n\t\t\t\tSalidad de Peralta de Alcofea\n\t\t\t\t<\/dd><\/dl><dl class='gallery-item'>\n\t\t\t<dt class='gallery-icon landscape'>\n\t\t\t\t<a href='https:\/\/sijenasi.com\/index.php\/2017\/11\/26\/220-personas-marchan-hasta-berbegal-para-reclamar-unidad-justicia-y-dignidad\/2017_11_26-y-berbegal2-05\/'><img loading=\"lazy\" decoding=\"async\" width=\"150\" height=\"150\" src=\"https:\/\/sijenasi.com\/wp-content\/uploads\/2017\/11\/2017_11_26-y-berbegal2-05-150x150.jpg\" class=\"attachment-thumbnail size-thumbnail\" alt=\"\" aria-describedby=\"gallery-1-1904\" \/><\/a>\n\t\t\t<\/dt>\n\t\t\t\t<dd class='wp-caption-text gallery-caption' id='gallery-1-1904'>\n\t\t\t\tIsabel Campo\n\t\t\t\t<\/dd><\/dl><br style=\"clear: both\" \/><dl class='gallery-item'>\n\t\t\t<dt class='gallery-icon landscape'>\n\t\t\t\t<a href='https:\/\/sijenasi.com\/index.php\/2017\/11\/26\/220-personas-marchan-hasta-berbegal-para-reclamar-unidad-justicia-y-dignidad\/2017_11_26-el-tormillo-7\/'><img loading=\"lazy\" decoding=\"async\" width=\"150\" height=\"150\" src=\"https:\/\/sijenasi.com\/wp-content\/uploads\/2017\/11\/2017_11_26-el-tormillo-7-150x150.jpg\" class=\"attachment-thumbnail size-thumbnail\" alt=\"\" aria-describedby=\"gallery-1-1888\" \/><\/a>\n\t\t\t<\/dt>\n\t\t\t\t<dd class='wp-caption-text gallery-caption' id='gallery-1-1888'>\n\t\t\t\tLlegada a Peralta de Alcofea\n\t\t\t\t<\/dd><\/dl><dl class='gallery-item'>\n\t\t\t<dt class='gallery-icon landscape'>\n\t\t\t\t<a href='https:\/\/sijenasi.com\/index.php\/2017\/11\/26\/220-personas-marchan-hasta-berbegal-para-reclamar-unidad-justicia-y-dignidad\/2017_11_26-y-berbegal-3-2\/'><img loading=\"lazy\" decoding=\"async\" width=\"150\" height=\"150\" src=\"https:\/\/sijenasi.com\/wp-content\/uploads\/2017\/11\/2017_11_26-y-berbegal-31-150x150.jpg\" class=\"attachment-thumbnail size-thumbnail\" alt=\"\" aria-describedby=\"gallery-1-1896\" \/><\/a>\n\t\t\t<\/dt>\n\t\t\t\t<dd class='wp-caption-text gallery-caption' id='gallery-1-1896'>\n\t\t\t\tDe Peralta a Berbegal\n\t\t\t\t<\/dd><\/dl><dl class='gallery-item'>\n\t\t\t<dt class='gallery-icon landscape'>\n\t\t\t\t<a href='https:\/\/sijenasi.com\/index.php\/2017\/11\/26\/220-personas-marchan-hasta-berbegal-para-reclamar-unidad-justicia-y-dignidad\/2017_11_26-peralta_de_alcofea-5\/'><img loading=\"lazy\" decoding=\"async\" width=\"150\" height=\"150\" src=\"https:\/\/sijenasi.com\/wp-content\/uploads\/2017\/11\/2017_11_26-peralta_de_alcofea-5-150x150.jpg\" class=\"attachment-thumbnail size-thumbnail\" alt=\"\" aria-describedby=\"gallery-1-1893\" \/><\/a>\n\t\t\t<\/dt>\n\t\t\t\t<dd class='wp-caption-text gallery-caption' id='gallery-1-1893'>\n\t\t\t\tIglesia de Berbegal\n\t\t\t\t<\/dd><\/dl><br style=\"clear: both\" \/><dl class='gallery-item'>\n\t\t\t<dt class='gallery-icon landscape'>\n\t\t\t\t<a href='https:\/\/sijenasi.com\/index.php\/2017\/11\/26\/220-personas-marchan-hasta-berbegal-para-reclamar-unidad-justicia-y-dignidad\/2017_11_26-y-berbegal-2-01\/'><img loading=\"lazy\" decoding=\"async\" width=\"150\" height=\"150\" src=\"https:\/\/sijenasi.com\/wp-content\/uploads\/2017\/11\/2017_11_26-y-berbegal-2-01-150x150.jpg\" class=\"attachment-thumbnail size-thumbnail\" alt=\"\" aria-describedby=\"gallery-1-1899\" \/><\/a>\n\t\t\t<\/dt>\n\t\t\t\t<dd class='wp-caption-text gallery-caption' id='gallery-1-1899'>\n\t\t\t\tLeandro Cucal\u00f3n nos deleita con su gaita\n\t\t\t\t<\/dd><\/dl><dl class='gallery-item'>\n\t\t\t<dt class='gallery-icon landscape'>\n\t\t\t\t<a href='https:\/\/sijenasi.com\/index.php\/2017\/11\/26\/220-personas-marchan-hasta-berbegal-para-reclamar-unidad-justicia-y-dignidad\/2017_11_26-peralta_de_alcofea-2\/'><img loading=\"lazy\" decoding=\"async\" width=\"150\" height=\"150\" src=\"https:\/\/sijenasi.com\/wp-content\/uploads\/2017\/11\/2017_11_26-peralta_de_alcofea-2-150x150.jpg\" class=\"attachment-thumbnail size-thumbnail\" alt=\"\" aria-describedby=\"gallery-1-1890\" \/><\/a>\n\t\t\t<\/dt>\n\t\t\t\t<dd class='wp-caption-text gallery-caption' id='gallery-1-1890'>\n\t\t\t\tAyuntamiento de Peralta de Alcofea\n\t\t\t\t<\/dd><\/dl><dl class='gallery-item'>\n\t\t\t<dt class='gallery-icon landscape'>\n\t\t\t\t<a href='https:\/\/sijenasi.com\/index.php\/2017\/11\/26\/220-personas-marchan-hasta-berbegal-para-reclamar-unidad-justicia-y-dignidad\/2017_11_26-y-berbegal2-07\/'><img loading=\"lazy\" decoding=\"async\" width=\"150\" height=\"150\" src=\"https:\/\/sijenasi.com\/wp-content\/uploads\/2017\/11\/2017_11_26-y-berbegal2-07-150x150.jpg\" class=\"attachment-thumbnail size-thumbnail\" alt=\"\" aria-describedby=\"gallery-1-1906\" \/><\/a>\n\t\t\t<\/dt>\n\t\t\t\t<dd class='wp-caption-text gallery-caption' id='gallery-1-1906'>\n\t\t\t\tCarlos Jurado\n\t\t\t\t<\/dd><\/dl><br style=\"clear: both\" \/><dl class='gallery-item'>\n\t\t\t<dt class='gallery-icon landscape'>\n\t\t\t\t<a href='https:\/\/sijenasi.com\/index.php\/2017\/11\/26\/220-personas-marchan-hasta-berbegal-para-reclamar-unidad-justicia-y-dignidad\/2017_11_26-y-berbegal2-04\/'><img loading=\"lazy\" decoding=\"async\" width=\"150\" height=\"150\" src=\"https:\/\/sijenasi.com\/wp-content\/uploads\/2017\/11\/2017_11_26-y-berbegal2-04-150x150.jpg\" class=\"attachment-thumbnail size-thumbnail\" alt=\"\" aria-describedby=\"gallery-1-1903\" \/><\/a>\n\t\t\t<\/dt>\n\t\t\t\t<dd class='wp-caption-text gallery-caption' id='gallery-1-1903'>\n\t\t\t\tObdulia Gracia\n\t\t\t\t<\/dd><\/dl><dl class='gallery-item'>\n\t\t\t<dt class='gallery-icon landscape'>\n\t\t\t\t<a href='https:\/\/sijenasi.com\/index.php\/2017\/11\/26\/220-personas-marchan-hasta-berbegal-para-reclamar-unidad-justicia-y-dignidad\/2017_11_26-y-berbegal-1-2\/'><img loading=\"lazy\" decoding=\"async\" width=\"150\" height=\"150\" src=\"https:\/\/sijenasi.com\/wp-content\/uploads\/2017\/11\/2017_11_26-y-berbegal-11-150x150.jpg\" class=\"attachment-thumbnail size-thumbnail\" alt=\"\" aria-describedby=\"gallery-1-1898\" \/><\/a>\n\t\t\t<\/dt>\n\t\t\t\t<dd class='wp-caption-text gallery-caption' id='gallery-1-1898'>\n\t\t\t\tEl Bandido Cucharacha (Antonio Carreras)\n\t\t\t\t<\/dd><\/dl><dl class='gallery-item'>\n\t\t\t<dt class='gallery-icon landscape'>\n\t\t\t\t<a href='https:\/\/sijenasi.com\/index.php\/2017\/11\/26\/220-personas-marchan-hasta-berbegal-para-reclamar-unidad-justicia-y-dignidad\/2017_11_26-y-berbegal2-03\/'><img loading=\"lazy\" decoding=\"async\" width=\"150\" height=\"150\" src=\"https:\/\/sijenasi.com\/wp-content\/uploads\/2017\/11\/2017_11_26-y-berbegal2-03-150x150.jpg\" class=\"attachment-thumbnail size-thumbnail\" alt=\"\" aria-describedby=\"gallery-1-1902\" \/><\/a>\n\t\t\t<\/dt>\n\t\t\t\t<dd class='wp-caption-text gallery-caption' id='gallery-1-1902'>\n\t\t\t\tJos\u00e9 Carlos Boned\n\t\t\t\t<\/dd><\/dl><br style=\"clear: both\" \/><dl class='gallery-item'>\n\t\t\t<dt class='gallery-icon landscape'>\n\t\t\t\t<a href='https:\/\/sijenasi.com\/index.php\/2017\/11\/26\/220-personas-marchan-hasta-berbegal-para-reclamar-unidad-justicia-y-dignidad\/2017_11_26-y-berbegal2-02\/'><img loading=\"lazy\" decoding=\"async\" width=\"150\" height=\"150\" src=\"https:\/\/sijenasi.com\/wp-content\/uploads\/2017\/11\/2017_11_26-y-berbegal2-02-150x150.jpg\" class=\"attachment-thumbnail size-thumbnail\" alt=\"\" aria-describedby=\"gallery-1-1901\" \/><\/a>\n\t\t\t<\/dt>\n\t\t\t\t<dd class='wp-caption-text gallery-caption' id='gallery-1-1901'>\n\t\t\t\tFrontal de Berbegal (reproducci\u00f3n)\n\t\t\t\t<\/dd><\/dl><dl class='gallery-item'>\n\t\t\t<dt class='gallery-icon landscape'>\n\t\t\t\t<a href='https:\/\/sijenasi.com\/index.php\/2017\/11\/26\/220-personas-marchan-hasta-berbegal-para-reclamar-unidad-justicia-y-dignidad\/2017_11_26-y-berbegal-4\/'><img loading=\"lazy\" decoding=\"async\" width=\"150\" height=\"150\" src=\"https:\/\/sijenasi.com\/wp-content\/uploads\/2017\/11\/2017_11_26-y-berbegal-4-150x150.jpg\" class=\"attachment-thumbnail size-thumbnail\" alt=\"\" aria-describedby=\"gallery-1-1897\" \/><\/a>\n\t\t\t<\/dt>\n\t\t\t\t<dd class='wp-caption-text gallery-caption' id='gallery-1-1897'>\n\t\t\t\t\u00a1El m\u00e1s joven de la Marcha!\n\t\t\t\t<\/dd><\/dl><dl class='gallery-item'>\n\t\t\t<dt class='gallery-icon landscape'>\n\t\t\t\t<a href='https:\/\/sijenasi.com\/index.php\/2017\/11\/26\/220-personas-marchan-hasta-berbegal-para-reclamar-unidad-justicia-y-dignidad\/2017_11_26-y-berbegal2-10\/'><img loading=\"lazy\" decoding=\"async\" width=\"150\" height=\"150\" src=\"https:\/\/sijenasi.com\/wp-content\/uploads\/2017\/11\/2017_11_26-y-berbegal2-10-e1511870759899-150x150.jpg\" class=\"attachment-thumbnail size-thumbnail\" alt=\"\" aria-describedby=\"gallery-1-1909\" \/><\/a>\n\t\t\t<\/dt>\n\t\t\t\t<dd class='wp-caption-text gallery-caption' id='gallery-1-1909'>\n\t\t\t\tMar\u00eda Jos\u00e9 Crist\u00f3bal\n\t\t\t\t<\/dd><\/dl><br style=\"clear: both\" \/><dl class='gallery-item'>\n\t\t\t<dt class='gallery-icon landscape'>\n\t\t\t\t<a href='https:\/\/sijenasi.com\/index.php\/2017\/11\/26\/220-personas-marchan-hasta-berbegal-para-reclamar-unidad-justicia-y-dignidad\/2017_11_26-y-berbegal2-06\/'><img loading=\"lazy\" decoding=\"async\" width=\"150\" height=\"150\" src=\"https:\/\/sijenasi.com\/wp-content\/uploads\/2017\/11\/2017_11_26-y-berbegal2-06-150x150.jpg\" class=\"attachment-thumbnail size-thumbnail\" alt=\"\" aria-describedby=\"gallery-1-1905\" \/><\/a>\n\t\t\t<\/dt>\n\t\t\t\t<dd class='wp-caption-text gallery-caption' id='gallery-1-1905'>\n\t\t\t\tIldefonso Salillas\n\t\t\t\t<\/dd><\/dl><dl class='gallery-item'>\n\t\t\t<dt class='gallery-icon landscape'>\n\t\t\t\t<a href='https:\/\/sijenasi.com\/index.php\/2017\/11\/26\/220-personas-marchan-hasta-berbegal-para-reclamar-unidad-justicia-y-dignidad\/2017_11_26-y-berbegal-2-2\/'><img loading=\"lazy\" decoding=\"async\" width=\"150\" height=\"150\" src=\"https:\/\/sijenasi.com\/wp-content\/uploads\/2017\/11\/2017_11_26-y-berbegal-22-150x150.jpg\" class=\"attachment-thumbnail size-thumbnail\" alt=\"\" aria-describedby=\"gallery-1-1895\" \/><\/a>\n\t\t\t<\/dt>\n\t\t\t\t<dd class='wp-caption-text gallery-caption' id='gallery-1-1895'>\n\t\t\t\tDe Peralta a Berbegal 2\n\t\t\t\t<\/dd><\/dl><dl class='gallery-item'>\n\t\t\t<dt class='gallery-icon landscape'>\n\t\t\t\t<a href='https:\/\/sijenasi.com\/index.php\/2017\/11\/26\/220-personas-marchan-hasta-berbegal-para-reclamar-unidad-justicia-y-dignidad\/2017_11_26-y-berbegal2-09\/'><img loading=\"lazy\" decoding=\"async\" width=\"150\" height=\"150\" src=\"https:\/\/sijenasi.com\/wp-content\/uploads\/2017\/11\/2017_11_26-y-berbegal2-09-150x150.jpg\" class=\"attachment-thumbnail size-thumbnail\" alt=\"\" aria-describedby=\"gallery-1-1908\" \/><\/a>\n\t\t\t<\/dt>\n\t\t\t\t<dd class='wp-caption-text gallery-caption' id='gallery-1-1908'>\n\t\t\t\tJavier Badules canta sus jotas\n\t\t\t\t<\/dd><\/dl><br style=\"clear: both\" \/><dl class='gallery-item'>\n\t\t\t<dt class='gallery-icon landscape'>\n\t\t\t\t<a href='https:\/\/sijenasi.com\/index.php\/2017\/11\/26\/220-personas-marchan-hasta-berbegal-para-reclamar-unidad-justicia-y-dignidad\/2017_11_26-y-berbegal2-21\/'><img loading=\"lazy\" decoding=\"async\" width=\"150\" height=\"150\" src=\"https:\/\/sijenasi.com\/wp-content\/uploads\/2017\/11\/2017_11_26-y-berbegal2-21-150x150.jpg\" class=\"attachment-thumbnail size-thumbnail\" alt=\"\" aria-describedby=\"gallery-1-1920\" \/><\/a>\n\t\t\t<\/dt>\n\t\t\t\t<dd class='wp-caption-text gallery-caption' id='gallery-1-1920'>\n\t\t\t\tJuan Yzuel &#8211; Himno \u00abSijena S\u00ed\u00bb\n\t\t\t\t<\/dd><\/dl><dl class='gallery-item'>\n\t\t\t<dt class='gallery-icon landscape'>\n\t\t\t\t<a href='https:\/\/sijenasi.com\/index.php\/2017\/11\/26\/220-personas-marchan-hasta-berbegal-para-reclamar-unidad-justicia-y-dignidad\/2017_11_26-y-berbegal2-13\/'><img loading=\"lazy\" decoding=\"async\" width=\"150\" height=\"150\" src=\"https:\/\/sijenasi.com\/wp-content\/uploads\/2017\/11\/2017_11_26-y-berbegal2-13-150x150.jpg\" class=\"attachment-thumbnail size-thumbnail\" alt=\"\" aria-describedby=\"gallery-1-1912\" \/><\/a>\n\t\t\t<\/dt>\n\t\t\t\t<dd class='wp-caption-text gallery-caption' id='gallery-1-1912'>\n\t\t\t\tSara Yzuel\n\t\t\t\t<\/dd><\/dl><dl class='gallery-item'>\n\t\t\t<dt class='gallery-icon landscape'>\n\t\t\t\t<a href='https:\/\/sijenasi.com\/index.php\/2017\/11\/26\/220-personas-marchan-hasta-berbegal-para-reclamar-unidad-justicia-y-dignidad\/2017_11_26-y-berbegal2-26\/'><img loading=\"lazy\" decoding=\"async\" width=\"150\" height=\"150\" src=\"https:\/\/sijenasi.com\/wp-content\/uploads\/2017\/11\/2017_11_26-y-berbegal2-26-150x150.jpg\" class=\"attachment-thumbnail size-thumbnail\" alt=\"\" aria-describedby=\"gallery-1-1926\" \/><\/a>\n\t\t\t<\/dt>\n\t\t\t\t<dd class='wp-caption-text gallery-caption' id='gallery-1-1926'>\n\t\t\t\tMural de bienes a recuperar\n\t\t\t\t<\/dd><\/dl><br style=\"clear: both\" \/><dl class='gallery-item'>\n\t\t\t<dt class='gallery-icon landscape'>\n\t\t\t\t<a href='https:\/\/sijenasi.com\/index.php\/2017\/11\/26\/220-personas-marchan-hasta-berbegal-para-reclamar-unidad-justicia-y-dignidad\/2017_11_26-y-berbegal2-12\/'><img loading=\"lazy\" decoding=\"async\" width=\"150\" height=\"150\" src=\"https:\/\/sijenasi.com\/wp-content\/uploads\/2017\/11\/2017_11_26-y-berbegal2-12-150x150.jpg\" class=\"attachment-thumbnail size-thumbnail\" alt=\"\" aria-describedby=\"gallery-1-1911\" \/><\/a>\n\t\t\t<\/dt>\n\t\t\t\t<dd class='wp-caption-text gallery-caption' id='gallery-1-1911'>\n\t\t\t\tMamen Paraled\n\t\t\t\t<\/dd><\/dl><dl class='gallery-item'>\n\t\t\t<dt class='gallery-icon landscape'>\n\t\t\t\t<a href='https:\/\/sijenasi.com\/index.php\/2017\/11\/26\/220-personas-marchan-hasta-berbegal-para-reclamar-unidad-justicia-y-dignidad\/2017_11_26-y-berbegal2-27\/'><img loading=\"lazy\" decoding=\"async\" width=\"150\" height=\"150\" src=\"https:\/\/sijenasi.com\/wp-content\/uploads\/2017\/11\/2017_11_26-y-berbegal2-27-150x150.jpg\" class=\"attachment-thumbnail size-thumbnail\" alt=\"\" aria-describedby=\"gallery-1-1927\" \/><\/a>\n\t\t\t<\/dt>\n\t\t\t\t<dd class='wp-caption-text gallery-caption' id='gallery-1-1927'>\n\t\t\t\tBerbegal \u00a1S\u00ed!\n\t\t\t\t<\/dd><\/dl><dl class='gallery-item'>\n\t\t\t<dt class='gallery-icon landscape'>\n\t\t\t\t<a href='https:\/\/sijenasi.com\/index.php\/2017\/11\/26\/220-personas-marchan-hasta-berbegal-para-reclamar-unidad-justicia-y-dignidad\/2017_11_26-y-berbegal2-20\/'><img loading=\"lazy\" decoding=\"async\" width=\"150\" height=\"150\" src=\"https:\/\/sijenasi.com\/wp-content\/uploads\/2017\/11\/2017_11_26-y-berbegal2-20-150x150.jpg\" class=\"attachment-thumbnail size-thumbnail\" alt=\"\" aria-describedby=\"gallery-1-1919\" \/><\/a>\n\t\t\t<\/dt>\n\t\t\t\t<dd class='wp-caption-text gallery-caption' id='gallery-1-1919'>\n\t\t\t\tSalvador Trallero\n\t\t\t\t<\/dd><\/dl><br style=\"clear: both\" \/><dl class='gallery-item'>\n\t\t\t<dt class='gallery-icon landscape'>\n\t\t\t\t<a href='https:\/\/sijenasi.com\/index.php\/2017\/11\/26\/220-personas-marchan-hasta-berbegal-para-reclamar-unidad-justicia-y-dignidad\/2017_11_26-y-berbegal2-22\/'><img loading=\"lazy\" decoding=\"async\" width=\"150\" height=\"150\" src=\"https:\/\/sijenasi.com\/wp-content\/uploads\/2017\/11\/2017_11_26-y-berbegal2-22-150x150.jpg\" class=\"attachment-thumbnail size-thumbnail\" alt=\"\" aria-describedby=\"gallery-1-1922\" \/><\/a>\n\t\t\t<\/dt>\n\t\t\t\t<dd class='wp-caption-text gallery-caption' id='gallery-1-1922'>\n\t\t\t\tOs Andarines, haciendo fiesta\n\t\t\t\t<\/dd><\/dl><dl class='gallery-item'>\n\t\t\t<dt class='gallery-icon landscape'>\n\t\t\t\t<a href='https:\/\/sijenasi.com\/index.php\/2017\/11\/26\/220-personas-marchan-hasta-berbegal-para-reclamar-unidad-justicia-y-dignidad\/2017_11_26-y-berbegal2-18\/'><img loading=\"lazy\" decoding=\"async\" width=\"150\" height=\"150\" src=\"https:\/\/sijenasi.com\/wp-content\/uploads\/2017\/11\/2017_11_26-y-berbegal2-18-150x150.jpg\" class=\"attachment-thumbnail size-thumbnail\" alt=\"\" aria-describedby=\"gallery-1-1917\" \/><\/a>\n\t\t\t<\/dt>\n\t\t\t\t<dd class='wp-caption-text gallery-caption' id='gallery-1-1917'>\n\t\t\t\tSalvador Ariste\n\t\t\t\t<\/dd><\/dl><dl class='gallery-item'>\n\t\t\t<dt class='gallery-icon landscape'>\n\t\t\t\t<a href='https:\/\/sijenasi.com\/index.php\/2017\/11\/26\/220-personas-marchan-hasta-berbegal-para-reclamar-unidad-justicia-y-dignidad\/2017_11_26-y-berbegal2-15\/'><img loading=\"lazy\" decoding=\"async\" width=\"150\" height=\"150\" src=\"https:\/\/sijenasi.com\/wp-content\/uploads\/2017\/11\/2017_11_26-y-berbegal2-15-150x150.jpg\" class=\"attachment-thumbnail size-thumbnail\" alt=\"\" aria-describedby=\"gallery-1-1914\" \/><\/a>\n\t\t\t<\/dt>\n\t\t\t\t<dd class='wp-caption-text gallery-caption' id='gallery-1-1914'>\n\t\t\t\tJudith Budios\n\t\t\t\t<\/dd><\/dl><br style=\"clear: both\" \/><dl class='gallery-item'>\n\t\t\t<dt class='gallery-icon landscape'>\n\t\t\t\t<a href='https:\/\/sijenasi.com\/index.php\/2017\/11\/26\/220-personas-marchan-hasta-berbegal-para-reclamar-unidad-justicia-y-dignidad\/2017_11_26-y-berbegal2-33\/'><img loading=\"lazy\" decoding=\"async\" width=\"150\" height=\"150\" src=\"https:\/\/sijenasi.com\/wp-content\/uploads\/2017\/11\/2017_11_26-y-berbegal2-33-150x150.jpg\" class=\"attachment-thumbnail size-thumbnail\" alt=\"\" aria-describedby=\"gallery-1-1933\" \/><\/a>\n\t\t\t<\/dt>\n\t\t\t\t<dd class='wp-caption-text gallery-caption' id='gallery-1-1933'>\n\t\t\t\t\u00a1Paellas Gigantes Aragonesas!\n\t\t\t\t<\/dd><\/dl><dl class='gallery-item'>\n\t\t\t<dt class='gallery-icon landscape'>\n\t\t\t\t<a href='https:\/\/sijenasi.com\/index.php\/2017\/11\/26\/220-personas-marchan-hasta-berbegal-para-reclamar-unidad-justicia-y-dignidad\/2017_11_26-y-berbegal2-11\/'><img loading=\"lazy\" decoding=\"async\" width=\"150\" height=\"150\" src=\"https:\/\/sijenasi.com\/wp-content\/uploads\/2017\/11\/2017_11_26-y-berbegal2-11-150x150.jpg\" class=\"attachment-thumbnail size-thumbnail\" alt=\"\" aria-describedby=\"gallery-1-1910\" \/><\/a>\n\t\t\t<\/dt>\n\t\t\t\t<dd class='wp-caption-text gallery-caption' id='gallery-1-1910'>\n\t\t\t\tPaco Villellas\n\t\t\t\t<\/dd><\/dl><dl class='gallery-item'>\n\t\t\t<dt class='gallery-icon landscape'>\n\t\t\t\t<a href='https:\/\/sijenasi.com\/index.php\/2017\/11\/26\/220-personas-marchan-hasta-berbegal-para-reclamar-unidad-justicia-y-dignidad\/2017_11_26-y-berbegal2-30\/'><img loading=\"lazy\" decoding=\"async\" width=\"150\" height=\"150\" src=\"https:\/\/sijenasi.com\/wp-content\/uploads\/2017\/11\/2017_11_26-y-berbegal2-30-150x150.jpg\" class=\"attachment-thumbnail size-thumbnail\" alt=\"\" aria-describedby=\"gallery-1-1930\" \/><\/a>\n\t\t\t<\/dt>\n\t\t\t\t<dd class='wp-caption-text gallery-caption' id='gallery-1-1930'>\n\t\t\t\tBarbastro \u00a1S\u00ed!\n\t\t\t\t<\/dd><\/dl><br style=\"clear: both\" \/><dl class='gallery-item'>\n\t\t\t<dt class='gallery-icon landscape'>\n\t\t\t\t<a href='https:\/\/sijenasi.com\/index.php\/2017\/11\/26\/220-personas-marchan-hasta-berbegal-para-reclamar-unidad-justicia-y-dignidad\/2017_11_26-y-berbegal2-16\/'><img loading=\"lazy\" decoding=\"async\" width=\"150\" height=\"150\" src=\"https:\/\/sijenasi.com\/wp-content\/uploads\/2017\/11\/2017_11_26-y-berbegal2-16-150x150.jpg\" class=\"attachment-thumbnail size-thumbnail\" alt=\"\" aria-describedby=\"gallery-1-1915\" \/><\/a>\n\t\t\t<\/dt>\n\t\t\t\t<dd class='wp-caption-text gallery-caption' id='gallery-1-1915'>\n\t\t\t\tAntonio Torres\n\t\t\t\t<\/dd><\/dl><dl class='gallery-item'>\n\t\t\t<dt class='gallery-icon landscape'>\n\t\t\t\t<a href='https:\/\/sijenasi.com\/index.php\/2017\/11\/26\/220-personas-marchan-hasta-berbegal-para-reclamar-unidad-justicia-y-dignidad\/2017_11_26-y-berbegal2-08\/'><img loading=\"lazy\" decoding=\"async\" width=\"150\" height=\"150\" src=\"https:\/\/sijenasi.com\/wp-content\/uploads\/2017\/11\/2017_11_26-y-berbegal2-08-150x150.jpg\" class=\"attachment-thumbnail size-thumbnail\" alt=\"\" aria-describedby=\"gallery-1-1907\" \/><\/a>\n\t\t\t<\/dt>\n\t\t\t\t<dd class='wp-caption-text gallery-caption' id='gallery-1-1907'>\n\t\t\t\tJavier Badules\n\t\t\t\t<\/dd><\/dl><dl class='gallery-item'>\n\t\t\t<dt class='gallery-icon landscape'>\n\t\t\t\t<a href='https:\/\/sijenasi.com\/index.php\/2017\/11\/26\/220-personas-marchan-hasta-berbegal-para-reclamar-unidad-justicia-y-dignidad\/2017_11_26-y-berbegal2-31\/'><img loading=\"lazy\" decoding=\"async\" width=\"150\" height=\"150\" src=\"https:\/\/sijenasi.com\/wp-content\/uploads\/2017\/11\/2017_11_26-y-berbegal2-31-150x150.jpg\" class=\"attachment-thumbnail size-thumbnail\" alt=\"\" aria-describedby=\"gallery-1-1931\" \/><\/a>\n\t\t\t<\/dt>\n\t\t\t\t<dd class='wp-caption-text gallery-caption' id='gallery-1-1931'>\n\t\t\t\tAmigos de la Guitarra del Altoarag\u00f3n\n\t\t\t\t<\/dd><\/dl><br style=\"clear: both\" \/><dl class='gallery-item'>\n\t\t\t<dt class='gallery-icon landscape'>\n\t\t\t\t<a href='https:\/\/sijenasi.com\/index.php\/2017\/11\/26\/220-personas-marchan-hasta-berbegal-para-reclamar-unidad-justicia-y-dignidad\/2017_11_26-y-berbegal2-28\/'><img loading=\"lazy\" decoding=\"async\" width=\"150\" height=\"150\" src=\"https:\/\/sijenasi.com\/wp-content\/uploads\/2017\/11\/2017_11_26-y-berbegal2-28-150x150.jpg\" class=\"attachment-thumbnail size-thumbnail\" alt=\"\" aria-describedby=\"gallery-1-1928\" \/><\/a>\n\t\t\t<\/dt>\n\t\t\t\t<dd class='wp-caption-text gallery-caption' id='gallery-1-1928'>\n\t\t\t\tEl Tormillo \u00a1S\u00ed!\n\t\t\t\t<\/dd><\/dl><dl class='gallery-item'>\n\t\t\t<dt class='gallery-icon landscape'>\n\t\t\t\t<a href='https:\/\/sijenasi.com\/index.php\/2017\/11\/26\/220-personas-marchan-hasta-berbegal-para-reclamar-unidad-justicia-y-dignidad\/2017_11_26-y-berbegal2-19\/'><img loading=\"lazy\" decoding=\"async\" width=\"150\" height=\"150\" src=\"https:\/\/sijenasi.com\/wp-content\/uploads\/2017\/11\/2017_11_26-y-berbegal2-19-150x150.jpg\" class=\"attachment-thumbnail size-thumbnail\" alt=\"\" aria-describedby=\"gallery-1-1918\" \/><\/a>\n\t\t\t<\/dt>\n\t\t\t\t<dd class='wp-caption-text gallery-caption' id='gallery-1-1918'>\n\t\t\t\tJes\u00fas Sans\u00f3\n\t\t\t\t<\/dd><\/dl><dl class='gallery-item'>\n\t\t\t<dt class='gallery-icon landscape'>\n\t\t\t\t<a href='https:\/\/sijenasi.com\/index.php\/2017\/11\/26\/220-personas-marchan-hasta-berbegal-para-reclamar-unidad-justicia-y-dignidad\/2017_11_26-y-berbegal2-25\/'><img loading=\"lazy\" decoding=\"async\" width=\"150\" height=\"150\" src=\"https:\/\/sijenasi.com\/wp-content\/uploads\/2017\/11\/2017_11_26-y-berbegal2-25-150x150.jpg\" class=\"attachment-thumbnail size-thumbnail\" alt=\"\" aria-describedby=\"gallery-1-1925\" \/><\/a>\n\t\t\t<\/dt>\n\t\t\t\t<dd class='wp-caption-text gallery-caption' id='gallery-1-1925'>\n\t\t\t\t\u00a1Devoluci\u00f3n sin dilaci\u00f3n!\n\t\t\t\t<\/dd><\/dl><br style=\"clear: both\" \/><dl class='gallery-item'>\n\t\t\t<dt class='gallery-icon landscape'>\n\t\t\t\t<a href='https:\/\/sijenasi.com\/index.php\/2017\/11\/26\/220-personas-marchan-hasta-berbegal-para-reclamar-unidad-justicia-y-dignidad\/2017_11_26-y-berbegal2-24\/'><img loading=\"lazy\" decoding=\"async\" width=\"150\" height=\"150\" src=\"https:\/\/sijenasi.com\/wp-content\/uploads\/2017\/11\/2017_11_26-y-berbegal2-24-150x150.jpg\" class=\"attachment-thumbnail size-thumbnail\" alt=\"\" aria-describedby=\"gallery-1-1924\" \/><\/a>\n\t\t\t<\/dt>\n\t\t\t\t<dd class='wp-caption-text gallery-caption' id='gallery-1-1924'>\n\t\t\t\t\u00a1Devoluci\u00f3n sin dilaci\u00f3n! 2\n\t\t\t\t<\/dd><\/dl><dl class='gallery-item'>\n\t\t\t<dt class='gallery-icon landscape'>\n\t\t\t\t<a href='https:\/\/sijenasi.com\/index.php\/2017\/11\/26\/220-personas-marchan-hasta-berbegal-para-reclamar-unidad-justicia-y-dignidad\/2017_11_26-y-berbegal2-14\/'><img loading=\"lazy\" decoding=\"async\" width=\"150\" height=\"150\" src=\"https:\/\/sijenasi.com\/wp-content\/uploads\/2017\/11\/2017_11_26-y-berbegal2-14-150x150.jpg\" class=\"attachment-thumbnail size-thumbnail\" alt=\"\" aria-describedby=\"gallery-1-1913\" \/><\/a>\n\t\t\t<\/dt>\n\t\t\t\t<dd class='wp-caption-text gallery-caption' id='gallery-1-1913'>\n\t\t\t\tManifiesto de Berbegal\n\t\t\t\t<\/dd><\/dl><dl class='gallery-item'>\n\t\t\t<dt class='gallery-icon landscape'>\n\t\t\t\t<a href='https:\/\/sijenasi.com\/index.php\/2017\/11\/26\/220-personas-marchan-hasta-berbegal-para-reclamar-unidad-justicia-y-dignidad\/2017_11_26-y-berbegal2-17\/'><img loading=\"lazy\" decoding=\"async\" width=\"150\" height=\"150\" src=\"https:\/\/sijenasi.com\/wp-content\/uploads\/2017\/11\/2017_11_26-y-berbegal2-17-150x150.jpg\" class=\"attachment-thumbnail size-thumbnail\" alt=\"\" aria-describedby=\"gallery-1-1916\" \/><\/a>\n\t\t\t<\/dt>\n\t\t\t\t<dd class='wp-caption-text gallery-caption' id='gallery-1-1916'>\n\t\t\t\tCelsa Rufas\n\t\t\t\t<\/dd><\/dl><br style=\"clear: both\" \/><dl class='gallery-item'>\n\t\t\t<dt class='gallery-icon landscape'>\n\t\t\t\t<a href='https:\/\/sijenasi.com\/index.php\/2017\/11\/26\/220-personas-marchan-hasta-berbegal-para-reclamar-unidad-justicia-y-dignidad\/2017_11_26-y-berbegal2-32\/'><img loading=\"lazy\" decoding=\"async\" width=\"150\" height=\"150\" src=\"https:\/\/sijenasi.com\/wp-content\/uploads\/2017\/11\/2017_11_26-y-berbegal2-32-150x150.jpg\" class=\"attachment-thumbnail size-thumbnail\" alt=\"\" aria-describedby=\"gallery-1-1932\" \/><\/a>\n\t\t\t<\/dt>\n\t\t\t\t<dd class='wp-caption-text gallery-caption' id='gallery-1-1932'>\n\t\t\t\tComida fraterna\n\t\t\t\t<\/dd><\/dl><dl class='gallery-item'>\n\t\t\t<dt class='gallery-icon landscape'>\n\t\t\t\t<a href='https:\/\/sijenasi.com\/index.php\/2017\/11\/26\/220-personas-marchan-hasta-berbegal-para-reclamar-unidad-justicia-y-dignidad\/2017_11_26-y-berbegal2-022\/'><img loading=\"lazy\" decoding=\"async\" width=\"150\" height=\"150\" src=\"https:\/\/sijenasi.com\/wp-content\/uploads\/2017\/11\/2017_11_26-y-berbegal2-022-150x150.jpg\" class=\"attachment-thumbnail size-thumbnail\" alt=\"\" aria-describedby=\"gallery-1-1921\" \/><\/a>\n\t\t\t<\/dt>\n\t\t\t\t<dd class='wp-caption-text gallery-caption' id='gallery-1-1921'>\n\t\t\t\tFernando Herce\n\t\t\t\t<\/dd><\/dl><dl class='gallery-item'>\n\t\t\t<dt class='gallery-icon landscape'>\n\t\t\t\t<a href='https:\/\/sijenasi.com\/index.php\/2017\/11\/26\/220-personas-marchan-hasta-berbegal-para-reclamar-unidad-justicia-y-dignidad\/2017_11_26-y-berbegal2-23\/'><img loading=\"lazy\" decoding=\"async\" width=\"150\" height=\"150\" src=\"https:\/\/sijenasi.com\/wp-content\/uploads\/2017\/11\/2017_11_26-y-berbegal2-23-150x150.jpg\" class=\"attachment-thumbnail size-thumbnail\" alt=\"\" aria-describedby=\"gallery-1-1923\" \/><\/a>\n\t\t\t<\/dt>\n\t\t\t\t<dd class='wp-caption-text gallery-caption' id='gallery-1-1923'>\n\t\t\t\t\u00a1Devoluci\u00f3n sin dilaci\u00f3n!\n\t\t\t\t<\/dd><\/dl><br style=\"clear: both\" \/><dl class='gallery-item'>\n\t\t\t<dt class='gallery-icon landscape'>\n\t\t\t\t<a href='https:\/\/sijenasi.com\/index.php\/2017\/11\/26\/220-personas-marchan-hasta-berbegal-para-reclamar-unidad-justicia-y-dignidad\/2017_11_26-y-berbegal2-29\/'><img loading=\"lazy\" decoding=\"async\" width=\"150\" height=\"150\" src=\"https:\/\/sijenasi.com\/wp-content\/uploads\/2017\/11\/2017_11_26-y-berbegal2-29-150x150.jpg\" class=\"attachment-thumbnail size-thumbnail\" alt=\"\" aria-describedby=\"gallery-1-1929\" \/><\/a>\n\t\t\t<\/dt>\n\t\t\t\t<dd class='wp-caption-text gallery-caption' id='gallery-1-1929'>\n\t\t\t\tPeralta de Alcofea \u00a1S\u00ed!\n\t\t\t\t<\/dd><\/dl>\n\t\t\t<br style='clear: both' \/>\n\t\t<\/div>\n\n","protected":false},"excerpt":{"rendered":"<p>&nbsp; En una jornada emocionante, la Plataforma Sijena S\u00ed ha logrado reunir a 220 personas en una marcha que ha partido de dos puntos, Barbastro y El Tormillo, para confluir en Berbegal. Desde ni\u00f1os de apenas un a\u00f1o, en coche de beb\u00e9, a personas de m\u00e1s de 80, una riada de ciudadanos solidarios han llenado [&hellip;]<\/p>\n","protected":false},"author":2,"featured_media":1870,"comment_status":"open","ping_status":"open","sticky":false,"template":"","format":"standard","meta":{"ngg_post_thumbnail":0,"_jetpack_memberships_contains_paid_content":false,"footnotes":""},"categories":[56,58,66,68,71,21,83,27,29,31,86,46],"tags":[124,287,291,304,349,357,413],"class_list":["post-1866","post","type-post","status-publish","format-standard","hentry","category-barbastro","category-bienes-parroquias-aragonesas","category-el-tormillo","category-expolio","category-generalitat-de-cataluna","category-manifiestos","category-museo-de-lerida","category-plataforma-sijena-si","category-prensa","category-radio","category-requerimiento","category-television","tag-berbegal","tag-manifiesto","tag-marcha","tag-monasterio-de-sijena","tag-peralta-de-alcofea","tag-plataforma","tag-sijena-si"],"jetpack_featured_media_url":"https:\/\/sijenasi.com\/wp-content\/uploads\/2017\/11\/2017_11_26-barbastro1-1.jpg","jetpack_sharing_enabled":true,"_links":{"self":[{"href":"https:\/\/sijenasi.com\/index.php\/wp-json\/wp\/v2\/posts\/1866","targetHints":{"allow":["GET"]}}],"collection":[{"href":"https:\/\/sijenasi.com\/index.php\/wp-json\/wp\/v2\/posts"}],"about":[{"href":"https:\/\/sijenasi.com\/index.php\/wp-json\/wp\/v2\/types\/post"}],"author":[{"embeddable":true,"href":"https:\/\/sijenasi.com\/index.php\/wp-json\/wp\/v2\/users\/2"}],"replies":[{"embeddable":true,"href":"https:\/\/sijenasi.com\/index.php\/wp-json\/wp\/v2\/comments?post=1866"}],"version-history":[{"count":0,"href":"https:\/\/sijenasi.com\/index.php\/wp-json\/wp\/v2\/posts\/1866\/revisions"}],"wp:featuredmedia":[{"embeddable":true,"href":"https:\/\/sijenasi.com\/index.php\/wp-json\/wp\/v2\/media\/1870"}],"wp:attachment":[{"href":"https:\/\/sijenasi.com\/index.php\/wp-json\/wp\/v2\/media?parent=1866"}],"wp:term":[{"taxonomy":"category","embeddable":true,"href":"https:\/\/sijenasi.com\/index.php\/wp-json\/wp\/v2\/categories?post=1866"},{"taxonomy":"post_tag","embeddable":true,"href":"https:\/\/sijenasi.com\/index.php\/wp-json\/wp\/v2\/tags?post=1866"}],"curies":[{"name":"wp","href":"https:\/\/api.w.org\/{rel}","templated":true}]}}