{"id":1861,"date":"2017-11-25T08:35:34","date_gmt":"2017-11-25T06:35:34","guid":{"rendered":"http:\/\/sijenasi.com\/?p=1861"},"modified":"2017-11-25T08:35:34","modified_gmt":"2017-11-25T06:35:34","slug":"llega-a-zaragoza-la-tabla-que-se-iba-a-subastar-en-barcelona","status":"publish","type":"post","link":"https:\/\/sijenasi.com\/index.php\/2017\/11\/25\/llega-a-zaragoza-la-tabla-que-se-iba-a-subastar-en-barcelona\/","title":{"rendered":"Llega a Zaragoza la tabla que se iba a subastar en Barcelona"},"content":{"rendered":"<p><img loading=\"lazy\" decoding=\"async\" class=\"alignnone size-full wp-image-1862\" src=\"https:\/\/sijenasi.com\/wp-content\/uploads\/2017\/11\/tabla-sijena-presentacion.jpg\" alt=\"tabla-sijena-presentacion\" width=\"1796\" height=\"2383\" srcset=\"https:\/\/sijenasi.com\/wp-content\/uploads\/2017\/11\/tabla-sijena-presentacion.jpg 1796w, https:\/\/sijenasi.com\/wp-content\/uploads\/2017\/11\/tabla-sijena-presentacion-226x300.jpg 226w, https:\/\/sijenasi.com\/wp-content\/uploads\/2017\/11\/tabla-sijena-presentacion-772x1024.jpg 772w, https:\/\/sijenasi.com\/wp-content\/uploads\/2017\/11\/tabla-sijena-presentacion-768x1019.jpg 768w, https:\/\/sijenasi.com\/wp-content\/uploads\/2017\/11\/tabla-sijena-presentacion-1158x1536.jpg 1158w, https:\/\/sijenasi.com\/wp-content\/uploads\/2017\/11\/tabla-sijena-presentacion-1544x2048.jpg 1544w\" sizes=\"auto, (max-width: 1796px) 100vw, 1796px\" \/>(De la nota de Prensa del Gobierno de Arag\u00f3n)<\/p>\n<p>El Museo de Zaragoza custodia en dep\u00f3sito la tabla \u2018La presentaci\u00f3n de Jes\u00fas en el Templo\u2019, procedente del retablo del altar mayor de Sijena y obra del denominado Maestro de Sijena, que ha sido trasladada por la Unidad Central Operativa (UCO) de la Guardia Civil desde una sala de subastas de Barcelona.<\/p>\n<p>La tabla hab\u00eda salido a subasta y el Gobierno de Arag\u00f3n se person\u00f3 el 8 de noviembre en el Juzgado de Instrucci\u00f3n N\u00aa 6 de Barcelona, una vez que este juzgado hiciera un ofrecimiento al Ejecutivo para que iniciara acciones en la causa. El mismo juzgado notific\u00f3 que la tabla se llevar\u00eda al Museo de Zaragoza.<\/p>\n<p>La consejera de Educaci\u00f3n, Cultura y Deporte, Mayte P\u00e9rez, ha recordado hoy que un equipo de t\u00e9cnicos se desplaz\u00f3 a la sala de subastas de Barcelona para inspeccionar la pieza y comprobar su estado y su veracidad.<\/p>\n<p>La tabla \u2018La presentaci\u00f3n de Jes\u00fas en el Templo\u2019 es un \u00f3leo sobre tabla de principios del siglo XVI de unas dimensiones de 169&#215;128 cent\u00edmetros. En ella aparecen en primer t\u00e9rmino las figuras de San Jos\u00e9 y la Virgen con el ni\u00f1o y, tras ellos, un grupo de personajes en los que destaca la figura del sumo sacerdote. La escena se desarrolla en un interior g\u00f3tico con arcos apuntados y b\u00f3vedas de crucer\u00edas.<\/p>\n<p>El Gobierno de Arag\u00f3n ha actuado tambi\u00e9n en esta l\u00ednea de defensa del patrimonio con los bienes de Sijena que se encuentran en el Museo de L\u00e9rida y que Catalu\u00f1a todav\u00eda no ha devuelto. De hecho, los servicios jur\u00eddicos del Gobierno de Arag\u00f3n han solicitado en 11 ocasiones el cumplimiento estricto de la sentencia y la actuaci\u00f3n de la Polic\u00eda Judicial para que las obras regresen al Real Monasterio de Santa Mar\u00eda de Sijena.<\/p>\n","protected":false},"excerpt":{"rendered":"<p>(De la nota de Prensa del Gobierno de Arag\u00f3n) El Museo de Zaragoza custodia en dep\u00f3sito la tabla \u2018La presentaci\u00f3n de Jes\u00fas en el Templo\u2019, procedente del retablo del altar mayor de Sijena y obra del denominado Maestro de Sijena, que ha sido trasladada por la Unidad Central Operativa (UCO) de la Guardia Civil desde [&hellip;]<\/p>\n","protected":false},"author":2,"featured_media":1862,"comment_status":"open","ping_status":"open","sticky":false,"template":"","format":"standard","meta":{"ngg_post_thumbnail":0,"_jetpack_memberships_contains_paid_content":false,"footnotes":""},"categories":[68,72,24,45],"tags":[313,420,421,431],"class_list":["post-1861","post","type-post","status-publish","format-standard","hentry","category-expolio","category-gobierno-de-aragon","category-monasterio-de-sijena","category-subastas","tag-museo-de-zaragoza","tag-subasta","tag-tabla-de-la-presentacion","tag-uco"],"jetpack_featured_media_url":"https:\/\/sijenasi.com\/wp-content\/uploads\/2017\/11\/tabla-sijena-presentacion.jpg","jetpack_sharing_enabled":true,"_links":{"self":[{"href":"https:\/\/sijenasi.com\/index.php\/wp-json\/wp\/v2\/posts\/1861","targetHints":{"allow":["GET"]}}],"collection":[{"href":"https:\/\/sijenasi.com\/index.php\/wp-json\/wp\/v2\/posts"}],"about":[{"href":"https:\/\/sijenasi.com\/index.php\/wp-json\/wp\/v2\/types\/post"}],"author":[{"embeddable":true,"href":"https:\/\/sijenasi.com\/index.php\/wp-json\/wp\/v2\/users\/2"}],"replies":[{"embeddable":true,"href":"https:\/\/sijenasi.com\/index.php\/wp-json\/wp\/v2\/comments?post=1861"}],"version-history":[{"count":0,"href":"https:\/\/sijenasi.com\/index.php\/wp-json\/wp\/v2\/posts\/1861\/revisions"}],"wp:featuredmedia":[{"embeddable":true,"href":"https:\/\/sijenasi.com\/index.php\/wp-json\/wp\/v2\/media\/1862"}],"wp:attachment":[{"href":"https:\/\/sijenasi.com\/index.php\/wp-json\/wp\/v2\/media?parent=1861"}],"wp:term":[{"taxonomy":"category","embeddable":true,"href":"https:\/\/sijenasi.com\/index.php\/wp-json\/wp\/v2\/categories?post=1861"},{"taxonomy":"post_tag","embeddable":true,"href":"https:\/\/sijenasi.com\/index.php\/wp-json\/wp\/v2\/tags?post=1861"}],"curies":[{"name":"wp","href":"https:\/\/api.w.org\/{rel}","templated":true}]}}