{"id":1827,"date":"2017-11-14T10:43:50","date_gmt":"2017-11-14T08:43:50","guid":{"rendered":"http:\/\/sijenasi.com\/?p=1827"},"modified":"2017-11-14T10:43:50","modified_gmt":"2017-11-14T08:43:50","slug":"requerimiento-al-ministro-de-cultura","status":"publish","type":"post","link":"https:\/\/sijenasi.com\/index.php\/2017\/11\/14\/requerimiento-al-ministro-de-cultura\/","title":{"rendered":"Requerimiento al Ministro de Cultura"},"content":{"rendered":"<p align=\"LEFT\"><img loading=\"lazy\" decoding=\"async\" class=\"alignnone size-full wp-image-1843\" src=\"https:\/\/sijenasi.com\/wp-content\/uploads\/2017\/11\/inigo-mc3a9ndez-de-vigo.jpg\" alt=\"Inigo M\u00e9ndez de Vigo\" width=\"644\" height=\"362\" srcset=\"https:\/\/sijenasi.com\/wp-content\/uploads\/2017\/11\/inigo-mc3a9ndez-de-vigo.jpg 644w, https:\/\/sijenasi.com\/wp-content\/uploads\/2017\/11\/inigo-mc3a9ndez-de-vigo-300x169.jpg 300w\" sizes=\"auto, (max-width: 644px) 100vw, 644px\" \/><\/p>\n<p align=\"LEFT\">El Magistrado-Juez del Juzgado N\u00ba ! de Huesca,\u00a0Antonio Mart\u00edn Gonz\u00e1lez,\u00a0ha pedido al Ministro de Cultura, \u00cd\u00f1igo M\u00e9ndez de Vigo, a requerimiento del Ayuntamiento de Villanueva de Sijena, que en este momento en que, por la aplicaci\u00f3n del art\u00edculo 155 de la Constituci\u00f3n, el \u00e1rea de Cultura de la Generalitat depende de este Ministro, se ejecute provisionalmente la sentencia que condena al Museo de L\u00e9rida y la Generalitat de Catalu\u00f1a a devolver las 44 piezas que todav\u00eda han quedado retenidas en L\u00e9rida. Una buena noticia. A ver qu\u00e9 hace el Ministro&#8230;<\/p>\n<p>Requerimiento oficial: <a title=\"2017-11-15-Requerimiento al Ministro de Cultura\" href=\"https:\/\/sijenasi.com\/wp-content\/uploads\/2017\/11\/2017-11-15-requerimiento-al-ministro-de-cultura.pdf\">2017-11-15-Requerimiento al Ministro de Cultura<\/a><\/p>\n<p>MEDIOS DE COMUNICACI\u00d3N:<\/p>\n<ul>\n<li>La Vanguardia: <a href=\"http:\/\/www.lavanguardia.com\/cultura\/20171115\/432907114733\/juez-huesca-cultura-sijena.html\" target=\"_blank\" rel=\"noopener\">El juez de Huesca pide al ministro de Cultura que ordene entregar ya las 44 obras de Sijena<\/a><\/li>\n<li>El Mundo: <a href=\"http:\/\/www.elmundo.es\/espana\/2017\/11\/15\/5a0c66e2e2704e0e758b465d.html\" target=\"_blank\" rel=\"noopener\">El juez de las obras de Sijena pide al Ministerio de Cultura que ordene \u00abla entrega inmediata\u00bb<\/a><\/li>\n<li>Radio Huesca: <a href=\"http:\/\/www.radiohuesca.com\/noticia\/595378\/El-Juez-pide-el-regreso-de-las-obras-de-Sijena-amparandose-en-el-155\" target=\"_blank\" rel=\"noopener\"><span id=\"MainContent_lblTitular\">El Juez pide el regreso de las obras de Sijena ampar\u00e1ndose en el 155 <\/span><\/a><\/li>\n<li>AlDia.cat: <a href=\"https:\/\/www.aldia.cat\/espanya\/noticia-jutge-dosca-demana-ministre-cultura-ordeni-lliurar-ja-les-44-obres-sijena-20171115172637.html\" target=\"_blank\" rel=\"noopener\">El jutge d&#8217;Osca demana al ministre de Cultura que ordeni lliurar ja les 44 obres de Sijena <\/a><\/li>\n<li>Heraldo de Arag\u00f3n: <a href=\"http:\/\/www.heraldo.es\/noticias\/aragon\/2017\/11\/15\/el-juez-huesca-ampara-155-para-requerir-devolucion-los-bienes-sijena-1208201-300.html\" target=\"_blank\" rel=\"noopener\">El juez de Huesca se ampara en el 155 para requerir la devoluci\u00f3n de los bienes de Sijena<\/a><\/li>\n<li>ABC: <a href=\"http:\/\/www.abc.es\/espana\/aragon\/abci-juez-ordena-ministro-mendez-vigo-devolver-aragon-44-obras-arte-retenidas-generalitat-201711151734_noticia.html\" target=\"_blank\" rel=\"noopener\">Un juez ordena al ministro M\u00e9ndez de Vigo devolver a Arag\u00f3n 44 obras de arte retenidas por la Generalitat<\/a><\/li>\n<\/ul>\n","protected":false},"excerpt":{"rendered":"<p>El Magistrado-Juez del Juzgado N\u00ba ! de Huesca,\u00a0Antonio Mart\u00edn Gonz\u00e1lez,\u00a0ha pedido al Ministro de Cultura, \u00cd\u00f1igo M\u00e9ndez de Vigo, a requerimiento del Ayuntamiento de Villanueva de Sijena, que en este momento en que, por la aplicaci\u00f3n del art\u00edculo 155 de la Constituci\u00f3n, el \u00e1rea de Cultura de la Generalitat depende de este Ministro, se ejecute [&hellip;]<\/p>\n","protected":false},"author":2,"featured_media":1843,"comment_status":"open","ping_status":"open","sticky":false,"template":"","format":"standard","meta":{"ngg_post_thumbnail":0,"_jetpack_memberships_contains_paid_content":false,"footnotes":""},"categories":[71,77],"tags":[112,119,299,315,316,357,407,413,439],"class_list":["post-1827","post","type-post","status-publish","format-standard","hentry","category-generalitat-de-cataluna","category-juzgado-no-1","tag-articulo-155","tag-inigo-mendez-de-vigo","tag-ministro-de-cultura","tag-museo-diocesano-de-lerida","tag-museu-de-lleida-diocesa-i-comarcal","tag-plataforma","tag-sentencias-judiciales","tag-sijena-si","tag-villanueva-de-sijena"],"jetpack_featured_media_url":"https:\/\/sijenasi.com\/wp-content\/uploads\/2017\/11\/inigo-mc3a9ndez-de-vigo.jpg","jetpack_sharing_enabled":true,"_links":{"self":[{"href":"https:\/\/sijenasi.com\/index.php\/wp-json\/wp\/v2\/posts\/1827","targetHints":{"allow":["GET"]}}],"collection":[{"href":"https:\/\/sijenasi.com\/index.php\/wp-json\/wp\/v2\/posts"}],"about":[{"href":"https:\/\/sijenasi.com\/index.php\/wp-json\/wp\/v2\/types\/post"}],"author":[{"embeddable":true,"href":"https:\/\/sijenasi.com\/index.php\/wp-json\/wp\/v2\/users\/2"}],"replies":[{"embeddable":true,"href":"https:\/\/sijenasi.com\/index.php\/wp-json\/wp\/v2\/comments?post=1827"}],"version-history":[{"count":0,"href":"https:\/\/sijenasi.com\/index.php\/wp-json\/wp\/v2\/posts\/1827\/revisions"}],"wp:featuredmedia":[{"embeddable":true,"href":"https:\/\/sijenasi.com\/index.php\/wp-json\/wp\/v2\/media\/1843"}],"wp:attachment":[{"href":"https:\/\/sijenasi.com\/index.php\/wp-json\/wp\/v2\/media?parent=1827"}],"wp:term":[{"taxonomy":"category","embeddable":true,"href":"https:\/\/sijenasi.com\/index.php\/wp-json\/wp\/v2\/categories?post=1827"},{"taxonomy":"post_tag","embeddable":true,"href":"https:\/\/sijenasi.com\/index.php\/wp-json\/wp\/v2\/tags?post=1827"}],"curies":[{"name":"wp","href":"https:\/\/api.w.org\/{rel}","templated":true}]}}