{"id":1728,"date":"2017-11-02T00:04:33","date_gmt":"2017-11-01T22:04:33","guid":{"rendered":"http:\/\/sijenasi.com\/?p=1728"},"modified":"2017-11-02T00:04:33","modified_gmt":"2017-11-01T22:04:33","slug":"santi-vila-explique-sus-intenciones-sobre-sijena-como-candidato-a-presidente-de-la-generalitat","status":"publish","type":"post","link":"https:\/\/sijenasi.com\/index.php\/2017\/11\/02\/santi-vila-explique-sus-intenciones-sobre-sijena-como-candidato-a-presidente-de-la-generalitat\/","title":{"rendered":"Santi Vila: explique sus intenciones sobre Sijena como candidato a Presidente de la Generalitat"},"content":{"rendered":"<p style=\"text-align:center;\"><img loading=\"lazy\" decoding=\"async\" class=\"alignnone size-full wp-image-1745\" src=\"https:\/\/sijenasi.com\/wp-content\/uploads\/2017\/11\/santi_vila.jpg\" alt=\"santi_vila\" width=\"678\" height=\"452\" srcset=\"https:\/\/sijenasi.com\/wp-content\/uploads\/2017\/11\/santi_vila.jpg 678w, https:\/\/sijenasi.com\/wp-content\/uploads\/2017\/11\/santi_vila-300x200.jpg 300w\" sizes=\"auto, (max-width: 678px) 100vw, 678px\" \/><\/p>\n<p>Ante la presentaci\u00f3n de la candidatura de Santi Vila a la Presidencia de la Generalitat, la Plataforma Sijena S\u00ed pide al <em>exconseller<\/em> que explique qu\u00e9 piensa hacer con el caso Sijena.<\/p>\n<p>La Plataforma quiere recordar que la Fiscal\u00eda del Tribunal Supremo ha pedido iniciar acciones judiciales contra el exconsejero de Empresa de la Generalitat, Santi Vila, y posible candidato a la Presidencia de la Generalitat, por los supuestos delitos de prevaricaci\u00f3n y desobediencia. Los cometi\u00f3 mientras estuvo al frente de la Consejer\u00eda de Cultura, en la que incurri\u00f3 posiblemente en al menos tres delitos de desobediencia, como negarse insistentemente a cumplir las \u00f3rdenes judiciales que le mandaban devolver a Arag\u00f3n la colecci\u00f3n art\u00edstica del Monasterio de Sijena (Huesca), retenida todav\u00eda en el Museo de L\u00e9rida, donde Sijena S\u00ed se manifest\u00f3 el pasado mes de julio.<\/p>\n<p>El caso se abri\u00f3 a instancias del Ayuntamiento de Villanueva de Sijena (Huesca), que pidi\u00f3 mediante su abogado, Jorge Espa\u00f1ol, la apertura de acciones penales contra Vila y su sucesor en la Consejer\u00eda de Cultura, Lluis Puig. La plataforma espera que el Tribunal Supremo siga dando tr\u00e1mite a esta reclamaci\u00f3n.<\/p>\n<p>La plataforma contin\u00faa pidiendo a los ciudadanos que se unan a su campa\u00f1a de firmas en <a href=\"http:\/\/www.sijenasi.com\/\">www.sijenasi.com<\/a> para exigir que los bienes expoliados por los museos de la Generalitat vuelvan a Arag\u00f3n.<\/p>\n<p>Medios de comunicaci\u00f3n:<\/p>\n<ul>\n<li>El Peri\u00f3dico: <a href=\"http:\/\/www.elperiodico.com\/es\/politica\/20171031\/santi-vila-se-postula-como-candidato-president-generalitat-6392091\" target=\"_blank\" rel=\"noopener\">Santi Vila se postula como candidato a presidente<\/a><\/li>\n<li>La Vanguardia: <a href=\"http:\/\/www.lavanguardia.com\/politica\/20171101\/432524097596\/plataforma-pide-a-santi-vila-que-explique-sus-planes-con-los-bienes-de-sijena.html\" target=\"_blank\" rel=\"noopener\">Plataforma pide a Santi Vila que explique sus planes con los bienes de Sijena <\/a><\/li>\n<li>Heraldo de Arag\u00f3n: <a href=\"http:\/\/www.heraldo.es\/noticias\/aragon\/2017\/10\/26\/la-fiscalia-del-supremo-pide-investigar-dos-consejeros-catalanes-por-los-bienes-sijena-1204163-300.html\" target=\"_blank\" rel=\"noopener\">La fiscal\u00eda del Supremo pide investigar a dos consejeros catalanes por los bienes de Sijena<\/a><\/li>\n<\/ul>\n","protected":false},"excerpt":{"rendered":"<p>Ante la presentaci\u00f3n de la candidatura de Santi Vila a la Presidencia de la Generalitat, la Plataforma Sijena S\u00ed pide al exconseller que explique qu\u00e9 piensa hacer con el caso Sijena. La Plataforma quiere recordar que la Fiscal\u00eda del Tribunal Supremo ha pedido iniciar acciones judiciales contra el exconsejero de Empresa de la Generalitat, Santi [&hellip;]<\/p>\n","protected":false},"author":2,"featured_media":1745,"comment_status":"open","ping_status":"open","sticky":false,"template":"","format":"standard","meta":{"ngg_post_thumbnail":0,"_jetpack_memberships_contains_paid_content":false,"footnotes":""},"categories":[82,24,83,29],"tags":[216,283,357,403,407,413,428],"class_list":["post-1728","post","type-post","status-publish","format-standard","hentry","category-mnac","category-monasterio-de-sijena","category-museo-de-lerida","category-prensa","tag-generalitat-de-cataluna","tag-lluis-puig-i-gordi","tag-plataforma","tag-santi-vila","tag-sentencias-judiciales","tag-sijena-si","tag-tribunal-supremo"],"jetpack_featured_media_url":"https:\/\/sijenasi.com\/wp-content\/uploads\/2017\/11\/santi_vila.jpg","jetpack_sharing_enabled":true,"_links":{"self":[{"href":"https:\/\/sijenasi.com\/index.php\/wp-json\/wp\/v2\/posts\/1728","targetHints":{"allow":["GET"]}}],"collection":[{"href":"https:\/\/sijenasi.com\/index.php\/wp-json\/wp\/v2\/posts"}],"about":[{"href":"https:\/\/sijenasi.com\/index.php\/wp-json\/wp\/v2\/types\/post"}],"author":[{"embeddable":true,"href":"https:\/\/sijenasi.com\/index.php\/wp-json\/wp\/v2\/users\/2"}],"replies":[{"embeddable":true,"href":"https:\/\/sijenasi.com\/index.php\/wp-json\/wp\/v2\/comments?post=1728"}],"version-history":[{"count":0,"href":"https:\/\/sijenasi.com\/index.php\/wp-json\/wp\/v2\/posts\/1728\/revisions"}],"wp:featuredmedia":[{"embeddable":true,"href":"https:\/\/sijenasi.com\/index.php\/wp-json\/wp\/v2\/media\/1745"}],"wp:attachment":[{"href":"https:\/\/sijenasi.com\/index.php\/wp-json\/wp\/v2\/media?parent=1728"}],"wp:term":[{"taxonomy":"category","embeddable":true,"href":"https:\/\/sijenasi.com\/index.php\/wp-json\/wp\/v2\/categories?post=1728"},{"taxonomy":"post_tag","embeddable":true,"href":"https:\/\/sijenasi.com\/index.php\/wp-json\/wp\/v2\/tags?post=1728"}],"curies":[{"name":"wp","href":"https:\/\/api.w.org\/{rel}","templated":true}]}}