{"id":1370,"date":"2017-09-24T11:34:13","date_gmt":"2017-09-24T09:34:13","guid":{"rendered":"http:\/\/sijenasi.com\/?p=1370"},"modified":"2017-09-24T11:34:13","modified_gmt":"2017-09-24T09:34:13","slug":"la-plataforma-sijena-si-se-manifiesta-ante-los-politicos-catalanes-convocados-por-podemos-en-zaragoza","status":"publish","type":"post","link":"https:\/\/sijenasi.com\/index.php\/2017\/09\/24\/la-plataforma-sijena-si-se-manifiesta-ante-los-politicos-catalanes-convocados-por-podemos-en-zaragoza\/","title":{"rendered":"La Plataforma Sijena S\u00ed se manifiesta ante los pol\u00edticos catalanes convocados por Podemos en Zaragoza"},"content":{"rendered":"<p><img loading=\"lazy\" decoding=\"async\" class=\"alignnone size-full wp-image-1373\" src=\"https:\/\/sijenasi.com\/wp-content\/uploads\/2017\/09\/2017_09_24-177-jys-2.jpg\" alt=\"Sijena S\u00ed Zaragoza 24 sept017\" width=\"4288\" height=\"2848\" \/><\/p>\n<p>Esta ma\u00f1ana, a la entrada del Pabell\u00f3n Siglo XXI, donde Podemos organizaba la asamblea de parlamentarios y alcaldes para defender una consulta pactada sobre la independencia de Catalu\u00f1a, miembros de la Plataforma Sijena S\u00ed se han manifestado para recordar a los pol\u00edticos catalanes que participaban en la asamblea las reivindicaciones patrimoniales aragonesas.<\/p>\n<p>Adem\u00e1s del himno \u201c<a href=\"https:\/\/sijenasi.com\/wp-content\/uploads\/2017\/06\/sijena-si.mp3\">Sijena S\u00ed<\/a>\u201d, que la Plataforma ha cantado ya en el MNAC y el Museo de L\u00e9rida, los manifestantes han coreado consignas como \u201cArag\u00f3n tambi\u00e9n tiene derechos\u201d, \u201cSijena s\u00ed, y Barbastro tambi\u00e9n\u201d, \u00abDevolved lo expoliado\u00bb, \u201cCatalu\u00f1a y Arag\u00f3n, dos comunidades hermanas dividas por la Generalitat\u201d y \u201cCumplid las sentencias judiciales\u201d.<\/p>\n<p>Ante la llegada de m\u00e1s personas portando banderas y con consignas pol\u00edticas diferentes, los manifestantes de Sijena S\u00ed han dado por concluida su acci\u00f3n,<\/p>\n<p>Durante las dos horas que ha durado la manifestaci\u00f3n, se han repartido centenares de octavillas con las reivindicaciones de Sijena y Barbastro a los asistentes en la asamblea, dado que muchos participantes de Podemos de otras autonom\u00edas desconoc\u00edan estos casos judiciales, y se les ha invitado a participar, junto a todos los ciudadanos y ciudadanas, en su campa\u00f1a de firmas por la devoluci\u00f3n de lo expoliado a Sijena entrando en su p\u00e1gina <a href=\"http:\/\/www.sijenasi.com\/\"><strong>www.sijenasi.com<\/strong><\/a><\/p>\n<p>Ecos en los medios:<\/p>\n<ul>\n<li>El Peri\u00f3dico de Arag\u00f3n: <a href=\"http:\/\/www.elperiodicodearagon.com\/noticias\/aragon\/plataforma-sijena-si-manifiesta-sus-reivindicaciones-asamblea-podemos_1229773.html\" target=\"_blank\" rel=\"noopener\">La Plataforma Sijena S\u00ed manifiesta sus reivindicaciones ante la asamblea de Podemos<\/a><\/li>\n<li>Europa Press Arag\u00f3n: <a href=\"http:\/\/www.europapress.es\/aragon\/noticia-plataforma-sijena-si-reivindica-devolucion-bienes-monasterio-oscense-asamblea-unidos-podemos-20170924182225.html\" target=\"_blank\" rel=\"noopener\">La plataforma &#8216;Sijena S\u00ed&#8217; reivindica la devoluci\u00f3n de los bienes del Monasterio oscense en la Asamblea de Unidos Podemos<\/a><\/li>\n<li>ABC: <a href=\"http:\/\/agencias.abc.es\/agencias\/noticia.asp?noticia=2617379\" target=\"_blank\" rel=\"noopener\">Plataforma Sijena S\u00ed manifiesta sus reivindicaciones ante asamblea de Podemos<\/a><\/li>\n<\/ul>\n<p>&nbsp;<\/p>\n<div style=\"left:-3000px;width:1000px;overflow:hidden;position:fixed;\">\n<p>&nbsp;<\/p>\n<p>&nbsp;<\/p>\n<p>&nbsp;<\/p>\n<\/div>\n","protected":false},"excerpt":{"rendered":"<p>Esta ma\u00f1ana, a la entrada del Pabell\u00f3n Siglo XXI, donde Podemos organizaba la asamblea de parlamentarios y alcaldes para defender una consulta pactada sobre la independencia de Catalu\u00f1a, miembros de la Plataforma Sijena S\u00ed se han manifestado para recordar a los pol\u00edticos catalanes que participaban en la asamblea las reivindicaciones patrimoniales aragonesas. Adem\u00e1s del himno [&hellip;]<\/p>\n","protected":false},"author":2,"featured_media":1373,"comment_status":"open","ping_status":"open","sticky":false,"template":"","format":"standard","meta":{"ngg_post_thumbnail":0,"_jetpack_memberships_contains_paid_content":false,"footnotes":""},"categories":[56,20,27],"tags":[216,286,323,357,364,413],"class_list":["post-1370","post","type-post","status-publish","format-standard","hentry","category-barbastro","category-manifestaciones","category-plataforma-sijena-si","tag-generalitat-de-cataluna","tag-manifestacion","tag-noticias","tag-plataforma","tag-podemos","tag-sijena-si"],"jetpack_featured_media_url":"https:\/\/sijenasi.com\/wp-content\/uploads\/2017\/09\/2017_09_24-177-jys-2-scaled.jpg","jetpack_sharing_enabled":true,"_links":{"self":[{"href":"https:\/\/sijenasi.com\/index.php\/wp-json\/wp\/v2\/posts\/1370","targetHints":{"allow":["GET"]}}],"collection":[{"href":"https:\/\/sijenasi.com\/index.php\/wp-json\/wp\/v2\/posts"}],"about":[{"href":"https:\/\/sijenasi.com\/index.php\/wp-json\/wp\/v2\/types\/post"}],"author":[{"embeddable":true,"href":"https:\/\/sijenasi.com\/index.php\/wp-json\/wp\/v2\/users\/2"}],"replies":[{"embeddable":true,"href":"https:\/\/sijenasi.com\/index.php\/wp-json\/wp\/v2\/comments?post=1370"}],"version-history":[{"count":0,"href":"https:\/\/sijenasi.com\/index.php\/wp-json\/wp\/v2\/posts\/1370\/revisions"}],"wp:featuredmedia":[{"embeddable":true,"href":"https:\/\/sijenasi.com\/index.php\/wp-json\/wp\/v2\/media\/1373"}],"wp:attachment":[{"href":"https:\/\/sijenasi.com\/index.php\/wp-json\/wp\/v2\/media?parent=1370"}],"wp:term":[{"taxonomy":"category","embeddable":true,"href":"https:\/\/sijenasi.com\/index.php\/wp-json\/wp\/v2\/categories?post=1370"},{"taxonomy":"post_tag","embeddable":true,"href":"https:\/\/sijenasi.com\/index.php\/wp-json\/wp\/v2\/tags?post=1370"}],"curies":[{"name":"wp","href":"https:\/\/api.w.org\/{rel}","templated":true}]}}